{"id":13244,"date":"2025-12-16T18:46:30","date_gmt":"2025-12-16T17:46:30","guid":{"rendered":"https:\/\/meier-gerdingh.de\/wp-spd-ob\/?p=13244"},"modified":"2025-12-16T18:46:30","modified_gmt":"2025-12-16T17:46:30","slug":"ki-in-der-justiz-schneller-vorantreiben-interdisziplinaeren-austausch-foerdern-und-einfache-praxistaugliche-vorschlaege-sofort-umsetzen","status":"publish","type":"post","link":"https:\/\/meier-gerdingh.de\/wp-spd-ob\/2025\/12\/16\/ki-in-der-justiz-schneller-vorantreiben-interdisziplinaeren-austausch-foerdern-und-einfache-praxistaugliche-vorschlaege-sofort-umsetzen\/","title":{"rendered":"&#8222;KI in der Justiz schneller vorantreiben! Interdisziplin\u00e4ren Austausch f\u00f6rdern und einfache praxistaugliche Vorschl\u00e4ge sofort umsetzen!&#8220;"},"content":{"rendered":"<p><a href=\"https:\/\/meier-gerdingh.de\/wp-spd-ob\/wp-content\/uploads\/2023\/03\/banner-diese-woche-im-landtag-01.jpg\"><img decoding=\"async\" class=\"aligncenter size-full wp-image-10267\" src=\"https:\/\/meier-gerdingh.de\/wp-spd-ob\/wp-content\/uploads\/2023\/03\/banner-diese-woche-im-landtag-01.jpg\" alt=\"\" width=\"700\" height=\"258\" srcset=\"https:\/\/meier-gerdingh.de\/wp-spd-ob\/wp-content\/uploads\/2023\/03\/banner-diese-woche-im-landtag-01.jpg 700w, https:\/\/meier-gerdingh.de\/wp-spd-ob\/wp-content\/uploads\/2023\/03\/banner-diese-woche-im-landtag-01-300x111.jpg 300w\" sizes=\"(max-width: 700px) 100vw, 700px\" \/><\/a>Sehr geehrter Herr Pr\u00e4sident,<br \/>\nverehrte Kolleginnen und Kollegen,<\/p>\n<p>k\u00fcnstliche Intelligenz ist eine der bedeutendsten Technologien der Gegenwart und Zukunft. KI bietet die Chance, Ressourcen effizienter zu nutzen und Prozesse zu beschleunigen. Gerade in Hinblick auf Personalknappheit und wachsender Anforderungen kann KI zur Bew\u00e4ltigung wichtiger Aufgaben beitragen. Bereits jetzt k\u00f6nnen ganze Arbeitsbereiche, wie die Bek\u00e4mpfung von Cybercrime und der Bereich des Legal Tech, von dieser Technologie profitieren.<!--more--><\/p>\n<p>Allerdings braucht die Entwicklung des Arbeitsbereiches eine zusammen mit Expert*innen gut durchdachte Umsetzung. Wichtig ist f\u00fcr uns dabei, dass sensible Bereiche der richterlichen oder staatsanwaltschaftlichen Entscheidung weiterhin gesch\u00fctzt bleiben und die \u00c4mter in der Judikative ihre Unabh\u00e4ngigkeit behalten. Mitarbeitende m\u00fcssen geschult werden und es muss innerhalb der nordrheinwestf\u00e4lischen Justiz M\u00f6glichkeiten des Austausches zu dieser wichtigen Thematik geben.<\/p>\n<p>Die antragstellende Fraktion hat ja schon sehr konkrete Vorschl\u00e4ge gemacht, wie KI in der Justiz weiterentwickelt werden kann. Wir finden es sinnvoll, dass dar\u00fcber noch einmal ausf\u00fchrlich im Fachausschuss beraten wird.<\/p>\n<p>Sehr geehrter Herr Pr\u00e4sident, verehrte Kolleginnen und Kollegen,<\/p>\n<p>aus den genannten Gr\u00fcnden stimmen wir der \u00dcberweisung in den Rechtsausschuss zu.<\/p>\n<p>Vielen Dank f\u00fcr Ihre Aufmerksamkeit!<\/p>\n","protected":false},"excerpt":{"rendered":"<p>Sehr geehrter Herr Pr\u00e4sident, verehrte Kolleginnen und Kollegen, k\u00fcnstliche Intelligenz ist eine der bedeutendsten Technologien der Gegenwart und Zukunft. KI bietet die Chance, Ressourcen effizienter zu nutzen und Prozesse zu&hellip; <\/p>\n","protected":false},"author":1,"featured_media":0,"comment_status":"closed","ping_status":"closed","sticky":false,"template":"","format":"standard","meta":{"footnotes":""},"categories":[4120,3350,216],"tags":[1760,3517,4715,3516,2082],"quellen":[1317],"class_list":["post-13244","post","type-post","status-publish","format-standard","hentry","category-die-woche-im-landtag","category-digitalisierung","category-land","tag-justiz","tag-ki","tag-ki-in-der-justiz","tag-kuenstliche-intelligenz","tag-nrw-justiz","quellen-mdl-sonja-bongers"],"_links":{"self":[{"href":"https:\/\/meier-gerdingh.de\/wp-spd-ob\/wp-json\/wp\/v2\/posts\/13244","targetHints":{"allow":["GET"]}}],"collection":[{"href":"https:\/\/meier-gerdingh.de\/wp-spd-ob\/wp-json\/wp\/v2\/posts"}],"about":[{"href":"https:\/\/meier-gerdingh.de\/wp-spd-ob\/wp-json\/wp\/v2\/types\/post"}],"author":[{"embeddable":true,"href":"https:\/\/meier-gerdingh.de\/wp-spd-ob\/wp-json\/wp\/v2\/users\/1"}],"replies":[{"embeddable":true,"href":"https:\/\/meier-gerdingh.de\/wp-spd-ob\/wp-json\/wp\/v2\/comments?post=13244"}],"version-history":[{"count":0,"href":"https:\/\/meier-gerdingh.de\/wp-spd-ob\/wp-json\/wp\/v2\/posts\/13244\/revisions"}],"wp:attachment":[{"href":"https:\/\/meier-gerdingh.de\/wp-spd-ob\/wp-json\/wp\/v2\/media?parent=13244"}],"wp:term":[{"taxonomy":"category","embeddable":true,"href":"https:\/\/meier-gerdingh.de\/wp-spd-ob\/wp-json\/wp\/v2\/categories?post=13244"},{"taxonomy":"post_tag","embeddable":true,"href":"https:\/\/meier-gerdingh.de\/wp-spd-ob\/wp-json\/wp\/v2\/tags?post=13244"},{"taxonomy":"quellen","embeddable":true,"href":"https:\/\/meier-gerdingh.de\/wp-spd-ob\/wp-json\/wp\/v2\/quellen?post=13244"}],"curies":[{"name":"wp","href":"https:\/\/api.w.org\/{rel}","templated":true}]}}