{"id":13364,"date":"2026-01-21T18:31:46","date_gmt":"2026-01-21T17:31:46","guid":{"rendered":"https:\/\/meier-gerdingh.de\/wp-spd-ob\/?p=13364"},"modified":"2026-01-21T18:31:46","modified_gmt":"2026-01-21T17:31:46","slug":"schwarz-gruene-schliessungsplaene-fuer-die-arbeitsgerichte-belasten-beschaeftigte-und-erschweren-zugang-zum-recht-oberhausen-und-wesel-betroffen","status":"publish","type":"post","link":"https:\/\/meier-gerdingh.de\/wp-spd-ob\/2026\/01\/21\/schwarz-gruene-schliessungsplaene-fuer-die-arbeitsgerichte-belasten-beschaeftigte-und-erschweren-zugang-zum-recht-oberhausen-und-wesel-betroffen\/","title":{"rendered":"Schwarz-gr\u00fcne Schlie\u00dfungspl\u00e4ne f\u00fcr die Arbeitsgerichte belasten Besch\u00e4ftigte und erschweren Zugang zum Recht &#8211; Oberhausen und Wesel betroffen"},"content":{"rendered":"<div id=\"attachment_7690\" style=\"width: 170px\" class=\"wp-caption alignleft\"><a href=\"https:\/\/meier-gerdingh.de\/wp-spd-ob\/wp-content\/uploads\/2020\/11\/bongers-sonja-2020-lg.jpg\"><img aria-describedby=\"caption-attachment-7690\" decoding=\"async\" class=\"size-full wp-image-7690\" src=\"https:\/\/meier-gerdingh.de\/wp-spd-ob\/wp-content\/uploads\/2020\/11\/bongers-sonja-2020.jpg\" alt=\"\" width=\"160\" height=\"200\" \/><\/a><p id=\"caption-attachment-7690\" class=\"wp-caption-text\">Sonja Bongers ist Erste B\u00fcrgermeisterin der Stadt Oberhausen und Mitglied des Landtags von Nordrhein-Westfalen<\/p><\/div>\n<p>Die SPD-Landtagsabgeordnete Sonja Bongers wendet sich entschieden gegen eine Schlie\u00dfung der Arbeitsgerichte in Oberhausen und Wesel. &#8222;Ich kann mich da den Aussagen des DGB nur anschlie\u00dfen. Anstatt die Arbeitsgerichtsbarkeit zu modernisieren und zukunftsfest aufzustellen, setzt die Landesregierung ohne Not auf Kahlschlag. F\u00fcr die Menschen in Oberhausen und Wesel w\u00e4re das eine echte Belastung&#8220;, so Bongers.<\/p>\n<h3 class=\"spd-ob-crossheading\">R\u00fcckzug des Rechtsstaats<\/h3>\n<p>F\u00fcr Bongers ist diese Reform verfehlt: &#8222;Diese geplante Justizreform geht v\u00f6llig am Bedarf und der Wirklichkeit vorbei und schw\u00e4cht unn\u00f6tig den Rechtsstaat in der Fl\u00e4che. Sie ist eine Fehlkonstruktion, da die erkl\u00e4rten Ziele der Reform, insbesondere dem Personalmangel in der Justiz wirksam zu begegnen, nicht erreicht werden.&#8220;<!--more--><\/p>\n<p>Zu diesem Urteil kommen auch Besch\u00e4ftigtenvertretungen, Wirtschaftsverb\u00e4nde und der Deutsche Gewerkschaftsbund. Die geplante drastische Reduzierung von Gerichtsstandorten versch\u00e4rfe bestehende Probleme, erh\u00f6he die Arbeitsbelastung und mache den Justizdienst insbesondere in l\u00e4ndlichen Regionen unattraktiver.<\/p>\n<p>Bongers blickt aber auch mit Sorge auf das Rechtssystem als Ganzes. &#8222;Die Halbierung der Arbeitsgerichte bedeutet auch einen R\u00fcckzug des Rechtsstaats aus der Fl\u00e4che. L\u00e4ngere Wege und der Verlust regionaler Kompetenz sind die unmittelbaren Folgen. All das gef\u00e4hrdet nicht nur die Motivation des vorhandenen Personals, sondern erschwert auch die Gewinnung neuer Fachkr\u00e4fte sowie ehrenamtlicher Richterinnen und Richter. Das k\u00f6nnen wir uns in Zeiten von drastischen Personalproblemen in der Justiz erst recht nicht erlauben&#8220;, so Bongers, die auch rechtspolitische Sprecherin der SPD-Fraktion im Landtag NRW ist.<\/p>\n<h3 class=\"spd-ob-crossheading\">Thema f\u00fcr den Rechtsausschuss im Landtag NRW<\/h3>\n<p>Das Thema ist so brisant, dass es nun auch im Rechtssauschuss thematisiert wird. Expertinnen und Experten werden zur geplanten Strukturreform der Arbeitsgerichtsbarkeit in Nordrhein-Westfalen befragt. Grundlage bildet das Eckpunktepapier des Justizministeriums aus dem letzten November, das gro\u00dfe Verunsicherung in der Justiz und der Bev\u00f6lkerung ausgel\u00f6st hat. Justizminister Benjamin Limbach (Gr\u00fcne) plant die Reduzierung der Landesarbeitsgerichte von drei auf zwei und die Arbeitsgerichte von 30 auf 15 zu halbieren.<\/p>\n<p>Besonders kritisch sieht Bongers die massiven Auswirkungen auf den Zugang zur Justiz. &#8222;Durch die Schlie\u00dfung der H\u00e4lfte aller Arbeitsgerichte drohen f\u00fcr viele B\u00fcrgerinnen und B\u00fcrger deutlich l\u00e4ngere Anfahrtswege und h\u00f6here zeitliche sowie finanzielle H\u00fcrden, um Gerichtsverfahren zu f\u00fchren. Die teilweise vorgeschlagenen Gerichtstage oder rein digitale Angebote k\u00f6nnen eine dauerhaft wohnortnahe Justiz nicht ersetzen. Das kritisieren auch die Sachverst\u00e4ndigen in ihren schriftlichen Stellungnahmen&#8220;, erkl\u00e4rt Bongers.<\/p>\n<h3 class=\"spd-ob-crossheading\">Justiz muss b\u00fcrgernah bleiben<\/h3>\n<p>Zudem betreffen arbeitsgerichtliche Verfahren h\u00e4ufig existenzielle Fragen. Eine Justiz, die nur noch mit erheblichem Zeit-, Kosten- und Organisationsaufwand erreichbar sei, verliere ihre Schutzfunktion &#8211; vor allem f\u00fcr Besch\u00e4ftigte mit geringem Einkommen. Das stehe auch im Widerspruch zum verfassungsrechtlichen Anspruch auf effektiven Rechtsschutz. Die Justiz m\u00fcsse b\u00fcrgernah sein und bleiben, so Bongers abschlie\u00dfend.<\/p>\n","protected":false},"excerpt":{"rendered":"<p>Die SPD-Landtagsabgeordnete Sonja Bongers wendet sich entschieden gegen eine Schlie\u00dfung der Arbeitsgerichte in Oberhausen und Wesel. &#8222;Ich kann mich da den Aussagen des DGB nur anschlie\u00dfen. Anstatt die Arbeitsgerichtsbarkeit zu&hellip; <\/p>\n","protected":false},"author":1,"featured_media":0,"comment_status":"closed","ping_status":"closed","sticky":false,"template":"","format":"standard","meta":{"footnotes":""},"categories":[216],"tags":[4727,4722,4723,1760,4725,2082,3026,2702,4726,4724],"quellen":[1317],"class_list":["post-13364","post","type-post","status-publish","format-standard","hentry","category-land","tag-arbeitsgericht-oberhausen","tag-arbeitsgerichte","tag-arbeitsgerichtsbarkeit-nrw","tag-justiz","tag-justizreform","tag-nrw-justiz","tag-nrw-justizminister","tag-nrw-justizministerium","tag-personalmangel-justiz","tag-schliessung-arbeitsgerichte","quellen-mdl-sonja-bongers"],"_links":{"self":[{"href":"https:\/\/meier-gerdingh.de\/wp-spd-ob\/wp-json\/wp\/v2\/posts\/13364","targetHints":{"allow":["GET"]}}],"collection":[{"href":"https:\/\/meier-gerdingh.de\/wp-spd-ob\/wp-json\/wp\/v2\/posts"}],"about":[{"href":"https:\/\/meier-gerdingh.de\/wp-spd-ob\/wp-json\/wp\/v2\/types\/post"}],"author":[{"embeddable":true,"href":"https:\/\/meier-gerdingh.de\/wp-spd-ob\/wp-json\/wp\/v2\/users\/1"}],"replies":[{"embeddable":true,"href":"https:\/\/meier-gerdingh.de\/wp-spd-ob\/wp-json\/wp\/v2\/comments?post=13364"}],"version-history":[{"count":0,"href":"https:\/\/meier-gerdingh.de\/wp-spd-ob\/wp-json\/wp\/v2\/posts\/13364\/revisions"}],"wp:attachment":[{"href":"https:\/\/meier-gerdingh.de\/wp-spd-ob\/wp-json\/wp\/v2\/media?parent=13364"}],"wp:term":[{"taxonomy":"category","embeddable":true,"href":"https:\/\/meier-gerdingh.de\/wp-spd-ob\/wp-json\/wp\/v2\/categories?post=13364"},{"taxonomy":"post_tag","embeddable":true,"href":"https:\/\/meier-gerdingh.de\/wp-spd-ob\/wp-json\/wp\/v2\/tags?post=13364"},{"taxonomy":"quellen","embeddable":true,"href":"https:\/\/meier-gerdingh.de\/wp-spd-ob\/wp-json\/wp\/v2\/quellen?post=13364"}],"curies":[{"name":"wp","href":"https:\/\/api.w.org\/{rel}","templated":true}]}}