{"id":13398,"date":"2026-01-29T18:12:41","date_gmt":"2026-01-29T17:12:41","guid":{"rendered":"https:\/\/meier-gerdingh.de\/wp-spd-ob\/?p=13398"},"modified":"2026-01-29T18:12:41","modified_gmt":"2026-01-29T17:12:41","slug":"koennen-fussball-fans-aus-nrw-bedenkenlos-zur-wm-in-die-usa-reisen","status":"publish","type":"post","link":"https:\/\/meier-gerdingh.de\/wp-spd-ob\/2026\/01\/29\/koennen-fussball-fans-aus-nrw-bedenkenlos-zur-wm-in-die-usa-reisen\/","title":{"rendered":"K\u00f6nnen Fu\u00dfball-Fans aus NRW bedenkenlos zur WM in die USA reisen?"},"content":{"rendered":"<p><a href=\"https:\/\/meier-gerdingh.de\/wp-spd-ob\/wp-content\/uploads\/2023\/03\/banner-diese-woche-im-landtag-01.jpg\"><img decoding=\"async\" class=\"aligncenter size-full wp-image-10267\" src=\"https:\/\/meier-gerdingh.de\/wp-spd-ob\/wp-content\/uploads\/2023\/03\/banner-diese-woche-im-landtag-01.jpg\" alt=\"\" width=\"700\" height=\"258\" srcset=\"https:\/\/meier-gerdingh.de\/wp-spd-ob\/wp-content\/uploads\/2023\/03\/banner-diese-woche-im-landtag-01.jpg 700w, https:\/\/meier-gerdingh.de\/wp-spd-ob\/wp-content\/uploads\/2023\/03\/banner-diese-woche-im-landtag-01-300x111.jpg 300w\" sizes=\"(max-width: 700px) 100vw, 700px\" \/><\/a>Die SPD-Landtagsabgeordnete Sonja Bongers hat hinsichtlich der anstehenden Fu\u00dfball-Weltmeisterschaft in den USA, Kanada und Mexiko ihre Sorgen in Bezug auf die Sicherheit der deutschen Fans insbesondere bei Besuchen in den USA ge\u00e4u\u00dfert. In einer Kleinen Anfrage, die sie gemeinsam mit ihren SPD-Kollegen Thorsten Klute und Tulay Durdu stellte, fragt sich Bongers, inwiefern die Landesregierung im Austausch mit den US-Beh\u00f6rden steht.<\/p>\n<h3 class=\"spd-ob-crossheading\">In den USA Ausl\u00e4nder<\/h3>\n<p>&#8222;Die vergangenen Monate geben uns Anlass zur Sorge um die Demokratie und die Rechtsstaatlichkeit in den USA sowie um unsere gemeinsamen westlichen Werte. Vor dem Hintergrund, dass zahlreiche Menschen aus Nordrhein-Westfalen zu den Spielen der Fu\u00dfballweltmeisterschaft der M\u00e4nner in diesem Jahr in die USA reisen wollen, ergeben sich gerade aus Ereignissen des noch jungen Jahres 2026 neue Fragen der Sicherheit f\u00fcr Fu\u00dfballfans aus Nordrhein-Westfalen. T\u00e4glich reisen Menschen aus Nordrhein-Westfalen in die USA. Es ist zu erwarten, dass Tausende Fu\u00dfballfans aus Nordrhein-Westfalen sich die Spiele des Turniers live vor Ort ansehen wollen. Sie sind dann Ausl\u00e4nder, f\u00fcr die auch die oftmals nur unzul\u00e4nglich ausgebildeten ICE-Beamten zust\u00e4ndig sein k\u00f6nnen&#8220;, zeigt sich Bongers besorgt.<!--more--><\/p>\n<h3 class=\"spd-ob-crossheading\">Fehlende Rechtstaatlichkeit<\/h3>\n<p>Zum Hintergrund: Am 7. Januar 2026 wurde Ren\u00e9e Good in Minneapolis von US-Bundesbeamten des ICE erschossen. W\u00e4hrend die Regierung der USA behauptet, der Todessch\u00fctze des ICE habe Ren\u00e9e Good in Notwehr erschossen, lassen verschiedene Videofilme den Hergang in einem ganz anderen Licht erscheinen. In demokratischen Rechtsstaaten ist die Aufkl\u00e4rung des Sachverhalts und die Entscheidung \u00fcber m\u00f6gliche Rechtsfolgen aus einem solchen Hergang Kernaufgabe der unabh\u00e4ngigen Justiz.<\/p>\n<p>Das deutsche Wochenmagazin &#8222;Die Zeit&#8220; hingegen berichtet am 25. Januar 2026 unter der \u00dcberschrift &#8222;So ist der Stand im Fall Ren\u00e9e Good&#8220;:<\/p>\n<p>&#8222;US-Medienberichten zufolge sind die \u00f6rtlichen Beh\u00f6rden im US-Bundesstaat Minnesota bei den Ermittlungen auf sich allein gestellt. Hochrangige Beamte des Justizministeriums erkl\u00e4rten demnach mehrfach, es werde keine Untersuchung der Bundesbeh\u00f6rden dazu geben, ob von ICE-Beamten \u00fcberm\u00e4\u00dfige Gewalt angewendet worden sei. Wie unter anderem die New York Times berichtet, weigerten sich die Bundesbeh\u00f6rden zudem, mit den Ermittlern in Minnesota zusammenzuarbeiten, was die Aufkl\u00e4rung des Falls erschwere. Eine Agentin des FBI, die gegen den Bundesbeamten, der die Sch\u00fcsse auf Ren\u00e9e Good abgab, ermitteln wollte, trat Berichten zufolge zur\u00fcck. Wie die New York Times schreibt, habe die FBI-F\u00fchrung in Washington sie unter Druck gesetzt, die Untersuchungen einzustellen.&#8220;<\/p>\n<h3 class=\"spd-ob-crossheading\">Werden die USA zur rechtlosen und demokratiefeindlichen Zone?<\/h3>\n<p>Am 24. Januar 2026 wurde mit Alex Pretti in Minnesota erneut ein Mensch von US-Bundesbeamten des ICE erschossen. Und wieder weichen die umgehend \u00f6ffentlich kundgetanen Schilderungen der US-Regierung zum Hergang weit von den auf Videofilmen zu erkennenden Geschehnissen ab. Erneut scheint die US-Bundesregierung der Justiz damit vorzugeben, ob und wie in diesem Fall vorgegangen werden soll. Es scheint, als k\u00f6nnten sich die Bundesbeamten des ICE im Falle von schwerem Fehlverhalten jeder gerichtlichen Kontrolle entziehen. &#8222;Man muss sich schon fragen, wohin bewegt sich dieses Land. Geh\u00f6ren Recht und Demokratie der Vergangenheit an&#8220;, so Bongers abschlie\u00dfend.<\/p>\n","protected":false},"excerpt":{"rendered":"<p>Die SPD-Landtagsabgeordnete Sonja Bongers hat hinsichtlich der anstehenden Fu\u00dfball-Weltmeisterschaft in den USA, Kanada und Mexiko ihre Sorgen in Bezug auf die Sicherheit der deutschen Fans insbesondere bei Besuchen in den&hellip; <\/p>\n","protected":false},"author":1,"featured_media":0,"comment_status":"closed","ping_status":"closed","sticky":false,"template":"","format":"standard","meta":{"footnotes":""},"categories":[4120,216,7,47],"tags":[4728,135,4729,4731,4730],"quellen":[1317],"class_list":["post-13398","post","type-post","status-publish","format-standard","hentry","category-die-woche-im-landtag","category-land","category-sicherheit","category-sport","tag-fussball-wm-usa","tag-kleine-anfrage","tag-minnesota","tag-usa","tag-usa-unter-trump","quellen-mdl-sonja-bongers"],"_links":{"self":[{"href":"https:\/\/meier-gerdingh.de\/wp-spd-ob\/wp-json\/wp\/v2\/posts\/13398","targetHints":{"allow":["GET"]}}],"collection":[{"href":"https:\/\/meier-gerdingh.de\/wp-spd-ob\/wp-json\/wp\/v2\/posts"}],"about":[{"href":"https:\/\/meier-gerdingh.de\/wp-spd-ob\/wp-json\/wp\/v2\/types\/post"}],"author":[{"embeddable":true,"href":"https:\/\/meier-gerdingh.de\/wp-spd-ob\/wp-json\/wp\/v2\/users\/1"}],"replies":[{"embeddable":true,"href":"https:\/\/meier-gerdingh.de\/wp-spd-ob\/wp-json\/wp\/v2\/comments?post=13398"}],"version-history":[{"count":0,"href":"https:\/\/meier-gerdingh.de\/wp-spd-ob\/wp-json\/wp\/v2\/posts\/13398\/revisions"}],"wp:attachment":[{"href":"https:\/\/meier-gerdingh.de\/wp-spd-ob\/wp-json\/wp\/v2\/media?parent=13398"}],"wp:term":[{"taxonomy":"category","embeddable":true,"href":"https:\/\/meier-gerdingh.de\/wp-spd-ob\/wp-json\/wp\/v2\/categories?post=13398"},{"taxonomy":"post_tag","embeddable":true,"href":"https:\/\/meier-gerdingh.de\/wp-spd-ob\/wp-json\/wp\/v2\/tags?post=13398"},{"taxonomy":"quellen","embeddable":true,"href":"https:\/\/meier-gerdingh.de\/wp-spd-ob\/wp-json\/wp\/v2\/quellen?post=13398"}],"curies":[{"name":"wp","href":"https:\/\/api.w.org\/{rel}","templated":true}]}}