{"id":13400,"date":"2026-01-29T18:17:50","date_gmt":"2026-01-29T17:17:50","guid":{"rendered":"https:\/\/meier-gerdingh.de\/wp-spd-ob\/?p=13400"},"modified":"2026-01-29T18:17:50","modified_gmt":"2026-01-29T17:17:50","slug":"rede-zum-thema-finanzkriminalitaet","status":"publish","type":"post","link":"https:\/\/meier-gerdingh.de\/wp-spd-ob\/2026\/01\/29\/rede-zum-thema-finanzkriminalitaet\/","title":{"rendered":"Rede zum Thema Finanzkriminalit\u00e4t"},"content":{"rendered":"<p><a href=\"https:\/\/meier-gerdingh.de\/wp-spd-ob\/wp-content\/uploads\/2023\/03\/banner-diese-woche-im-landtag-01.jpg\"><img decoding=\"async\" class=\"aligncenter size-full wp-image-10267\" src=\"https:\/\/meier-gerdingh.de\/wp-spd-ob\/wp-content\/uploads\/2023\/03\/banner-diese-woche-im-landtag-01.jpg\" alt=\"\" width=\"700\" height=\"258\" srcset=\"https:\/\/meier-gerdingh.de\/wp-spd-ob\/wp-content\/uploads\/2023\/03\/banner-diese-woche-im-landtag-01.jpg 700w, https:\/\/meier-gerdingh.de\/wp-spd-ob\/wp-content\/uploads\/2023\/03\/banner-diese-woche-im-landtag-01-300x111.jpg 300w\" sizes=\"(max-width: 700px) 100vw, 700px\" \/><\/a>Sehr geehrter Herr Pr\u00e4sident!<br \/>\nVerehrte Kolleginnen und Kollegen!<\/p>\n<p>Sowohl Finanzkriminalit\u00e4t als auch andere Organisierte Kriminalit\u00e4t m\u00fcssen konsequent bek\u00e4mpft werden. Darin sind wir alle uns einig. Aus diesem Grund ist der vorliegende Antrag aus unserer Sicht ein wichtiges Zeichen und von der Zielrichtung her richtig.<\/p>\n<p>Wir teilen die Einsch\u00e4tzung der Koalitionsfraktionen, dass eine Beweislastumkehr bei Verm\u00f6gen unklarer Herkunft ein notwendiges Instrument ist, um Organisierte Kriminalit\u00e4t wirksam zu bek\u00e4mpfen. Diese Position ist zudem zwischen SPD und Union im Koalitionsvertrag auf Bundesebene vereinbart. Es gibt also an der grunds\u00e4tzlichen Sto\u00dfrichtung keinerlei Uneinigkeit.<\/p>\n<p>Was uns jedoch kritisch aufgefallen ist, ist der Ton des Einleitungsteils. Die Koalitionsfraktionen stellen ihre bisherigen Ma\u00dfnahmen in Nordrhein-Westfalen in einer Weise heraus, die den tats\u00e4chlichen Zustand der Kriminalit\u00e4tsbek\u00e4mpfung im Land nicht vollst\u00e4ndig widerspiegelt, und das ist noch freundlich ausgedr\u00fcckt.<!--more--><\/p>\n<p>Auch wenn es insbesondere im Bereich der Clan-Kriminalit\u00e4t unbestritten richtige und wichtige Schritte gab, bleibt der Eindruck, dass sich die Landesregierung an vielen Stellen viel zu fr\u00fch selbst auf die Schultern klopft; denn eines ist ebenso klar: Nordrhein-Westfalen hat seine Hausaufgaben bei der Bek\u00e4mpfung der OK noch l\u00e4ngst nicht erledigt. Viele Beh\u00f6rden gerade im Bereich der Finanz- und Strukturermittlung arbeiten seit Jahren am Limit. F\u00fcr tiefgreifende und langfristige Ermittlungen, die notwendig sind, um kriminelle Strukturen aufzubrechen und die Hinterm\u00e4nner zu stellen, fehlt es weiterhin an ausreichend qualifiziertem Personal.<\/p>\n<p>Dar\u00fcber hinaus werden daf\u00fcr mehr technische Kapazit\u00e4ten ben\u00f6tigt. Es braucht also eine bessere beh\u00f6rden\u00fcbergreifende, operative Schlagkraft. Wenn also die Koalition hier suggeriert, Nordrhein-Westfalen sei bereits besonders gut aufgestellt, so entspricht das nicht unserer Bewertung der Lage. Wir sehen vielmehr, dass das Land bei der strukturellen und personellen St\u00e4rkung im Bereich &#8222;OK&#8220; weit hinter dem zur\u00fcckliegt, was notwendig w\u00e4re.<\/p>\n<p>Wir stimmen mit dem Ziel und den Ma\u00dfnahmen des Antrags \u00fcberein. Deswegen werden wir heute zustimmen. Allerdings m\u00f6chte ich noch einmal ausdr\u00fccklich betonen, dass die Darstellung der eigenen Erfolge durch die Koalition weitgehend an der Realit\u00e4t vorbeigeht. Die Landesregierung muss ihre Aufgaben besser erledigen. Sie muss nachlegen. Der Minister schaut mich skeptisch an.<\/p>\n<p>Lieber Herr Minister Limbach, das muss sich auch der Kollege Reul zu Herzen nehmen, der sich immer nach au\u00dfen hin als das Gesicht der Landesregierung bei der Bek\u00e4mpfung der OK verkauft. Das reicht nicht. Die Beh\u00f6rden m\u00fcssen besser zusammenarbeiten &#8211; der Justizbereich mit dem Finanzbereich und der Finanzbereich mit dem Innenbereich -, sonst wird das alles nichts, egal wie gut die Gesetze aus dem Bund sind, die noch kommen<br \/>\nwerden.<\/p>\n<p>Wir stimmen zu.<\/p>\n<p>Vielen Dank f\u00fcr Ihre Aufmerksamkeit.<\/p>\n","protected":false},"excerpt":{"rendered":"<p>Sehr geehrter Herr Pr\u00e4sident! Verehrte Kolleginnen und Kollegen! Sowohl Finanzkriminalit\u00e4t als auch andere Organisierte Kriminalit\u00e4t m\u00fcssen konsequent bek\u00e4mpft werden. Darin sind wir alle uns einig. Aus diesem Grund ist der&hellip; <\/p>\n","protected":false},"author":1,"featured_media":0,"comment_status":"closed","ping_status":"closed","sticky":false,"template":"","format":"standard","meta":{"footnotes":""},"categories":[4120,216,7],"tags":[4733,4734,837,3861],"quellen":[1317],"class_list":["post-13400","post","type-post","status-publish","format-standard","hentry","category-die-woche-im-landtag","category-land","category-sicherheit","tag-clan-kriminalitaet","tag-finanzkriminalitaet","tag-kriminalitaet","tag-organisierte-kriminalitaet","quellen-mdl-sonja-bongers"],"_links":{"self":[{"href":"https:\/\/meier-gerdingh.de\/wp-spd-ob\/wp-json\/wp\/v2\/posts\/13400","targetHints":{"allow":["GET"]}}],"collection":[{"href":"https:\/\/meier-gerdingh.de\/wp-spd-ob\/wp-json\/wp\/v2\/posts"}],"about":[{"href":"https:\/\/meier-gerdingh.de\/wp-spd-ob\/wp-json\/wp\/v2\/types\/post"}],"author":[{"embeddable":true,"href":"https:\/\/meier-gerdingh.de\/wp-spd-ob\/wp-json\/wp\/v2\/users\/1"}],"replies":[{"embeddable":true,"href":"https:\/\/meier-gerdingh.de\/wp-spd-ob\/wp-json\/wp\/v2\/comments?post=13400"}],"version-history":[{"count":0,"href":"https:\/\/meier-gerdingh.de\/wp-spd-ob\/wp-json\/wp\/v2\/posts\/13400\/revisions"}],"wp:attachment":[{"href":"https:\/\/meier-gerdingh.de\/wp-spd-ob\/wp-json\/wp\/v2\/media?parent=13400"}],"wp:term":[{"taxonomy":"category","embeddable":true,"href":"https:\/\/meier-gerdingh.de\/wp-spd-ob\/wp-json\/wp\/v2\/categories?post=13400"},{"taxonomy":"post_tag","embeddable":true,"href":"https:\/\/meier-gerdingh.de\/wp-spd-ob\/wp-json\/wp\/v2\/tags?post=13400"},{"taxonomy":"quellen","embeddable":true,"href":"https:\/\/meier-gerdingh.de\/wp-spd-ob\/wp-json\/wp\/v2\/quellen?post=13400"}],"curies":[{"name":"wp","href":"https:\/\/api.w.org\/{rel}","templated":true}]}}