{"id":13497,"date":"2026-03-01T11:15:33","date_gmt":"2026-03-01T10:15:33","guid":{"rendered":"https:\/\/meier-gerdingh.de\/wp-spd-ob\/?p=13497"},"modified":"2026-03-01T12:00:34","modified_gmt":"2026-03-01T11:00:34","slug":"spd-wieder-auf-dialogtour-durch-alstaden-und-lirich-2","status":"publish","type":"post","link":"https:\/\/meier-gerdingh.de\/wp-spd-ob\/2026\/03\/01\/spd-wieder-auf-dialogtour-durch-alstaden-und-lirich-2\/","title":{"rendered":"SPD wieder auf Dialogtour durch Alstaden und Lirich"},"content":{"rendered":"<p><a href=\"https:\/\/meier-gerdingh.de\/wp-spd-ob\/wp-content\/uploads\/2026\/03\/banner-ov-west-26-03-06-dialogtour.jpg\"><img decoding=\"async\" class=\"aligncenter size-full wp-image-13496\" src=\"https:\/\/meier-gerdingh.de\/wp-spd-ob\/wp-content\/uploads\/2026\/03\/banner-ov-west-26-03-06-dialogtour.jpg\" alt=\"\" width=\"700\" height=\"875\" srcset=\"https:\/\/meier-gerdingh.de\/wp-spd-ob\/wp-content\/uploads\/2026\/03\/banner-ov-west-26-03-06-dialogtour.jpg 700w, https:\/\/meier-gerdingh.de\/wp-spd-ob\/wp-content\/uploads\/2026\/03\/banner-ov-west-26-03-06-dialogtour-240x300.jpg 240w\" sizes=\"(max-width: 700px) 100vw, 700px\" \/><\/a>Der SPD-Ortsverein Oberhausen-West ist wieder unterwegs und setzt seine Dialogtour durch Alstaden und Lirich fort. Am kommenden <strong>Freitag, 06.03.2026<\/strong>, sind Dietmar Look, Stadtverordneter f\u00fcr Alstaden und Jutta Klu\u00df, Mitglied der Bezirksvertretung Alt-Oberhausen, an verschiedenen Orten f\u00fcr die B\u00fcrgerinnen und B\u00fcrger erreichbar:<\/p>\n<ul>\n<li><strong>15.00 Uhr: Bebelstra\u00dfe 212<\/strong> (vor dem Netto-Markt),<\/li>\n<li><strong>15.45 Uhr: Bebelstra\u00dfe \/ Ecke Concordiastra\u00dfe<\/strong>,<\/li>\n<li><strong>16.30 Uhr: Concordiaplatz \/ Ecke Ulmenstra\u00dfe<\/strong>.<\/li>\n<\/ul>\n<p><!--more--><\/p>\n<p>Der n\u00e4chste Stopp der Dialogtour ist f\u00fcr den 10.04.2026 geplant.<\/p>\n<div class='ajde_evcal_calendar eventon_single_event eventon_event evo_sin_box sev cev color esty_2' ><div class='evo-data'   data-ux_val='1' data-exturl='' data-mapscroll='true' data-mapformat='roadmap' data-mapzoom='16' ><\/div><div class='evo_cal_data' data-sc='{\"excerpt\":\"no\",\"expanded\":\"no\",\"ux_val\":1,\"exturl\":\"\",\"mapscroll\":\"true\",\"mapformat\":\"roadmap\",\"mapzoom\":\"16\",\"maps_load\":\"yes\"}'><\/div><div id='evcal_list' class='eventon_events_list '>Missing Event Data<\/div><\/div>\n<div class='ajde_evcal_calendar eventon_single_event eventon_event evo_sin_box sev cev color esty_2' ><div class='evo-data'   data-ux_val='1' data-exturl='' data-mapscroll='true' data-mapformat='roadmap' data-mapzoom='16' ><\/div><div class='evo_cal_data' data-sc='{\"excerpt\":\"no\",\"expanded\":\"no\",\"ux_val\":1,\"exturl\":\"\",\"mapscroll\":\"true\",\"mapformat\":\"roadmap\",\"mapzoom\":\"16\",\"maps_load\":\"yes\"}'><\/div><div id='evcal_list' class='eventon_events_list '>Missing Event Data<\/div><\/div>\n<div class='ajde_evcal_calendar eventon_single_event eventon_event evo_sin_box sev cev color esty_2' ><div class='evo-data'   data-ux_val='1' data-exturl='' data-mapscroll='true' data-mapformat='roadmap' data-mapzoom='16' ><\/div><div class='evo_cal_data' data-sc='{\"excerpt\":\"no\",\"expanded\":\"no\",\"ux_val\":1,\"exturl\":\"\",\"mapscroll\":\"true\",\"mapformat\":\"roadmap\",\"mapzoom\":\"16\",\"maps_load\":\"yes\"}'><\/div><div id='evcal_list' class='eventon_events_list '>Missing Event Data<\/div><\/div>\n","protected":false},"excerpt":{"rendered":"<p>Der SPD-Ortsverein Oberhausen-West ist wieder unterwegs und setzt seine Dialogtour durch Alstaden und Lirich fort. Am kommenden Freitag, 06.03.2026, sind Dietmar Look, Stadtverordneter f\u00fcr Alstaden und Jutta Klu\u00df, Mitglied der&hellip; <\/p>\n","protected":false},"author":1,"featured_media":0,"comment_status":"closed","ping_status":"closed","sticky":false,"template":"","format":"standard","meta":{"footnotes":""},"categories":[167,171],"tags":[134,3473,3665,1671,183],"quellen":[335],"class_list":["post-13497","post","type-post","status-publish","format-standard","hentry","category-stadtteile","category-veranstaltungen","tag-alstaden","tag-buergergespraeche","tag-dialogtour","tag-infostand","tag-lirich","quellen-ov-west"],"_links":{"self":[{"href":"https:\/\/meier-gerdingh.de\/wp-spd-ob\/wp-json\/wp\/v2\/posts\/13497","targetHints":{"allow":["GET"]}}],"collection":[{"href":"https:\/\/meier-gerdingh.de\/wp-spd-ob\/wp-json\/wp\/v2\/posts"}],"about":[{"href":"https:\/\/meier-gerdingh.de\/wp-spd-ob\/wp-json\/wp\/v2\/types\/post"}],"author":[{"embeddable":true,"href":"https:\/\/meier-gerdingh.de\/wp-spd-ob\/wp-json\/wp\/v2\/users\/1"}],"replies":[{"embeddable":true,"href":"https:\/\/meier-gerdingh.de\/wp-spd-ob\/wp-json\/wp\/v2\/comments?post=13497"}],"version-history":[{"count":0,"href":"https:\/\/meier-gerdingh.de\/wp-spd-ob\/wp-json\/wp\/v2\/posts\/13497\/revisions"}],"wp:attachment":[{"href":"https:\/\/meier-gerdingh.de\/wp-spd-ob\/wp-json\/wp\/v2\/media?parent=13497"}],"wp:term":[{"taxonomy":"category","embeddable":true,"href":"https:\/\/meier-gerdingh.de\/wp-spd-ob\/wp-json\/wp\/v2\/categories?post=13497"},{"taxonomy":"post_tag","embeddable":true,"href":"https:\/\/meier-gerdingh.de\/wp-spd-ob\/wp-json\/wp\/v2\/tags?post=13497"},{"taxonomy":"quellen","embeddable":true,"href":"https:\/\/meier-gerdingh.de\/wp-spd-ob\/wp-json\/wp\/v2\/quellen?post=13497"}],"curies":[{"name":"wp","href":"https:\/\/api.w.org\/{rel}","templated":true}]}}