{"id":13498,"date":"2026-03-08T11:18:54","date_gmt":"2026-03-08T10:18:54","guid":{"rendered":"https:\/\/meier-gerdingh.de\/wp-spd-ob\/?p=13498"},"modified":"2026-03-09T20:19:15","modified_gmt":"2026-03-09T19:19:15","slug":"aktion-der-frauen-in-der-spd-oberhausen-zum-weltfrauentag-in-sterkrade","status":"publish","type":"post","link":"https:\/\/meier-gerdingh.de\/wp-spd-ob\/2026\/03\/08\/aktion-der-frauen-in-der-spd-oberhausen-zum-weltfrauentag-in-sterkrade\/","title":{"rendered":"Aktion der Frauen in der SPD Oberhausen zum Weltfrauentag in Sterkrade"},"content":{"rendered":"<div id=\"attachment_13505\" style=\"width: 710px\" class=\"wp-caption aligncenter\"><a href=\"https:\/\/meier-gerdingh.de\/wp-spd-ob\/wp-content\/uploads\/2026\/03\/spd-ob-spd-frauen-weltfrauentag-2026-lg.jpg\"><img aria-describedby=\"caption-attachment-13505\" decoding=\"async\" class=\"size-full wp-image-13505\" src=\"https:\/\/meier-gerdingh.de\/wp-spd-ob\/wp-content\/uploads\/2026\/03\/spd-ob-spd-frauen-weltfrauentag-2026.jpg\" alt=\"\" width=\"700\" height=\"671\" srcset=\"https:\/\/meier-gerdingh.de\/wp-spd-ob\/wp-content\/uploads\/2026\/03\/spd-ob-spd-frauen-weltfrauentag-2026.jpg 700w, https:\/\/meier-gerdingh.de\/wp-spd-ob\/wp-content\/uploads\/2026\/03\/spd-ob-spd-frauen-weltfrauentag-2026-300x288.jpg 300w\" sizes=\"(max-width: 700px) 100vw, 700px\" \/><\/a><p id=\"caption-attachment-13505\" class=\"wp-caption-text\">Das SPD-Frauen-Team mit NRWSPD-Generalsekret\u00e4r Frederick Cordes bei der Aktion zum Weltfrauentag in der Sterkrader City<\/p><\/div>\n<p>Anl\u00e4sslich des internationalen Weltfrauentages gab es am <strong>Samstag, 7. M\u00e4rz, ab 10.00 Uhr, am City Point an der Bahnhofstra\u00dfe in Sterkrade<\/strong> eine Verteilaktion der Oberhausener Frauen in der SPD. Im Rahmen dieser Aktion wurden Muffins und Infomaterial zum Frauentag in kleinen T\u00fcten verteilt.<\/p>\n<p>Seit Beginn der Geschichte des Weltfrauentages im Jahr 1911 hat sich einiges bewegt: Die Gleichstellung von Mann und Frau wurde im Grundgesetz verankert, Frauen k\u00f6nnen Arbeitsvertr\u00e4ge ohne Zustimmung ihrer M\u00e4nner abschlie\u00dfen und eigenst\u00e4ndig ein Konto er\u00f6ffnen, Vergewaltigung in der Ehe ist seit 1992 strafbar. All das erscheint heute selbstverst\u00e4ndlich, wurde aber von engagierten Frauen im Laufe von \u00fcber 100 Jahren erk\u00e4mpft.<!--more--><\/p>\n<p>Bis heute gibt es noch viele Bereiche, in denen es keine echte Gleichstellung gibt, wie in der Arbeitswelt oder in der Politik.<\/p>\n<p>Ein wichtiges Thema ist nach wie vor der Schutz von Frauen vor Gewalt.<\/p>\n<p>Die Frauen in der SPD Oberhausen haben sich am heutigen Samstagmorgen \u00fcber viele Gespr\u00e4che mit Oberhausener B\u00fcrgerinnen und B\u00fcrgern gefreut.<\/p>\n","protected":false},"excerpt":{"rendered":"<p>Anl\u00e4sslich des internationalen Weltfrauentages gab es am Samstag, 7. M\u00e4rz, ab 10.00 Uhr, am City Point an der Bahnhofstra\u00dfe in Sterkrade eine Verteilaktion der Oberhausener Frauen in der SPD. Im&hellip; <\/p>\n","protected":false},"author":1,"featured_media":0,"comment_status":"closed","ping_status":"closed","sticky":false,"template":"","format":"standard","meta":{"footnotes":""},"categories":[95,171],"tags":[4754,1723,1671,354,4755,2771],"quellen":[4161],"class_list":["post-13498","post","type-post","status-publish","format-standard","hentry","category-gleichstellung","category-veranstaltungen","tag-8-maerz","tag-gewalt-gegen-frauen","tag-infostand","tag-internationaler-frauentag","tag-internationaler-frauentag-2026","tag-weltfrauentag","quellen-spd-frauen-oberhausen"],"_links":{"self":[{"href":"https:\/\/meier-gerdingh.de\/wp-spd-ob\/wp-json\/wp\/v2\/posts\/13498","targetHints":{"allow":["GET"]}}],"collection":[{"href":"https:\/\/meier-gerdingh.de\/wp-spd-ob\/wp-json\/wp\/v2\/posts"}],"about":[{"href":"https:\/\/meier-gerdingh.de\/wp-spd-ob\/wp-json\/wp\/v2\/types\/post"}],"author":[{"embeddable":true,"href":"https:\/\/meier-gerdingh.de\/wp-spd-ob\/wp-json\/wp\/v2\/users\/1"}],"replies":[{"embeddable":true,"href":"https:\/\/meier-gerdingh.de\/wp-spd-ob\/wp-json\/wp\/v2\/comments?post=13498"}],"version-history":[{"count":0,"href":"https:\/\/meier-gerdingh.de\/wp-spd-ob\/wp-json\/wp\/v2\/posts\/13498\/revisions"}],"wp:attachment":[{"href":"https:\/\/meier-gerdingh.de\/wp-spd-ob\/wp-json\/wp\/v2\/media?parent=13498"}],"wp:term":[{"taxonomy":"category","embeddable":true,"href":"https:\/\/meier-gerdingh.de\/wp-spd-ob\/wp-json\/wp\/v2\/categories?post=13498"},{"taxonomy":"post_tag","embeddable":true,"href":"https:\/\/meier-gerdingh.de\/wp-spd-ob\/wp-json\/wp\/v2\/tags?post=13498"},{"taxonomy":"quellen","embeddable":true,"href":"https:\/\/meier-gerdingh.de\/wp-spd-ob\/wp-json\/wp\/v2\/quellen?post=13498"}],"curies":[{"name":"wp","href":"https:\/\/api.w.org\/{rel}","templated":true}]}}