{"id":13510,"date":"2026-03-09T20:18:38","date_gmt":"2026-03-09T19:18:38","guid":{"rendered":"https:\/\/meier-gerdingh.de\/wp-spd-ob\/?p=13510"},"modified":"2026-03-09T20:21:43","modified_gmt":"2026-03-09T19:21:43","slug":"100-prozent-fuer-sonja-bongers-als-erneute-landtagskandidatin","status":"publish","type":"post","link":"https:\/\/meier-gerdingh.de\/wp-spd-ob\/2026\/03\/09\/100-prozent-fuer-sonja-bongers-als-erneute-landtagskandidatin\/","title":{"rendered":"100 Prozent f\u00fcr Sonja Bongers als erneute Landtagskandidatin"},"content":{"rendered":"<p><a href=\"https:\/\/meier-gerdingh.de\/wp-spd-ob\/wp-content\/uploads\/2023\/02\/banner-ov-west-700.jpg\"><img decoding=\"async\" class=\"aligncenter size-full wp-image-10152\" src=\"https:\/\/meier-gerdingh.de\/wp-spd-ob\/wp-content\/uploads\/2023\/02\/banner-ov-west-700.jpg\" alt=\"\" width=\"700\" height=\"183\" srcset=\"https:\/\/meier-gerdingh.de\/wp-spd-ob\/wp-content\/uploads\/2023\/02\/banner-ov-west-700.jpg 700w, https:\/\/meier-gerdingh.de\/wp-spd-ob\/wp-content\/uploads\/2023\/02\/banner-ov-west-700-300x78.jpg 300w\" sizes=\"(max-width: 700px) 100vw, 700px\" \/><\/a><\/p>\n<div id=\"attachment_7690\" style=\"width: 170px\" class=\"wp-caption alignleft\"><a href=\"https:\/\/meier-gerdingh.de\/wp-spd-ob\/wp-content\/uploads\/2020\/11\/bongers-sonja-2020-lg.jpg\"><img aria-describedby=\"caption-attachment-7690\" decoding=\"async\" class=\"size-full wp-image-7690\" src=\"https:\/\/meier-gerdingh.de\/wp-spd-ob\/wp-content\/uploads\/2020\/11\/bongers-sonja-2020.jpg\" alt=\"\" width=\"160\" height=\"200\" \/><\/a><p id=\"caption-attachment-7690\" class=\"wp-caption-text\">Sonja Bongers ist Erste B\u00fcrgermeisterin der Stadt Oberhausen und Mitglied des Landtags von Nordrhein-Westfalen<\/p><\/div>\n<p>Im Rahmen seiner diesj\u00e4hrigen Jahreshauptversammlung hat der SPD-Ortsverein Oberhausen-West, zust\u00e4ndig f\u00fcr die Stadtteile Alstaden und Lirich, am 03.03.2026 ein klares Votum f\u00fcr Sonja Bongers abgegeben. Mit 100 Prozent unterst\u00fctzten die rund 30 anwesenden Sozialdemokratinnen und Sozialdemokraten die Bewerbung ihrer stellvertretenden Ortsvereinsvorsitzenden um eine erneute Kandidatur f\u00fcr den nordrhein-westf\u00e4lischen Landtag und setzten damit ein geschlossenes Signal mit Blick auf die im Fr\u00fchjahr 2027 anstehende Wahl.<\/p>\n<p>Zuvor hatte Frederick Cordes, Generalsekret\u00e4r der NRW-SPD, den Ortsverein k\u00e4mpferisch auf die Landtagswahl eingestimmt, er unterstrich dabei die Bedeutung einer starken Revier-SPD f\u00fcr die soziale Gerechtigkeit in NRW.<!--more--><\/p>\n<p>&#8222;Sonja Bongers steht wie wenige andere f\u00fcr einen Politikstil, der sowohl zuh\u00f6rt, als auch anpackt,&#8220; so der Vorsitzende des SPD-Ortsvereins Alexis Heitmann, &#8222;engagiert und kenntnisreich setzt sie sich als Landtagsabgeordnete f\u00fcr die Belange der Oberhausenerinnen und Oberhausener ein. Dass sie ihre erneute Kandidatur erkl\u00e4rt hat, ist nichts weniger als ein Gl\u00fcckfall f\u00fcr die Menschen in unserer Stadt!&#8220;<\/p>\n","protected":false},"excerpt":{"rendered":"<p>Im Rahmen seiner diesj\u00e4hrigen Jahreshauptversammlung hat der SPD-Ortsverein Oberhausen-West, zust\u00e4ndig f\u00fcr die Stadtteile Alstaden und Lirich, am 03.03.2026 ein klares Votum f\u00fcr Sonja Bongers abgegeben. Mit 100 Prozent unterst\u00fctzten die&hellip; <\/p>\n","protected":false},"author":1,"featured_media":0,"comment_status":"closed","ping_status":"closed","sticky":false,"template":"","format":"standard","meta":{"footnotes":""},"categories":[216,2169,171],"tags":[134,4760,71,2267,4759,4758,183],"quellen":[335],"class_list":["post-13510","post","type-post","status-publish","format-standard","hentry","category-land","category-personalien","category-veranstaltungen","tag-alstaden","tag-basisvotum","tag-jahreshauptversammlung","tag-landtag","tag-landtagskandidatin","tag-landtagswahl-2027","tag-lirich","quellen-ov-west"],"_links":{"self":[{"href":"https:\/\/meier-gerdingh.de\/wp-spd-ob\/wp-json\/wp\/v2\/posts\/13510","targetHints":{"allow":["GET"]}}],"collection":[{"href":"https:\/\/meier-gerdingh.de\/wp-spd-ob\/wp-json\/wp\/v2\/posts"}],"about":[{"href":"https:\/\/meier-gerdingh.de\/wp-spd-ob\/wp-json\/wp\/v2\/types\/post"}],"author":[{"embeddable":true,"href":"https:\/\/meier-gerdingh.de\/wp-spd-ob\/wp-json\/wp\/v2\/users\/1"}],"replies":[{"embeddable":true,"href":"https:\/\/meier-gerdingh.de\/wp-spd-ob\/wp-json\/wp\/v2\/comments?post=13510"}],"version-history":[{"count":0,"href":"https:\/\/meier-gerdingh.de\/wp-spd-ob\/wp-json\/wp\/v2\/posts\/13510\/revisions"}],"wp:attachment":[{"href":"https:\/\/meier-gerdingh.de\/wp-spd-ob\/wp-json\/wp\/v2\/media?parent=13510"}],"wp:term":[{"taxonomy":"category","embeddable":true,"href":"https:\/\/meier-gerdingh.de\/wp-spd-ob\/wp-json\/wp\/v2\/categories?post=13510"},{"taxonomy":"post_tag","embeddable":true,"href":"https:\/\/meier-gerdingh.de\/wp-spd-ob\/wp-json\/wp\/v2\/tags?post=13510"},{"taxonomy":"quellen","embeddable":true,"href":"https:\/\/meier-gerdingh.de\/wp-spd-ob\/wp-json\/wp\/v2\/quellen?post=13510"}],"curies":[{"name":"wp","href":"https:\/\/api.w.org\/{rel}","templated":true}]}}