{"id":13523,"date":"2026-03-11T22:06:23","date_gmt":"2026-03-11T21:06:23","guid":{"rendered":"https:\/\/meier-gerdingh.de\/wp-spd-ob\/?p=13523"},"modified":"2026-03-11T22:07:28","modified_gmt":"2026-03-11T21:07:28","slug":"spd-mitglieder-aktiv-bei-der-aktion-super-sauber-oberhausen","status":"publish","type":"post","link":"https:\/\/meier-gerdingh.de\/wp-spd-ob\/2026\/03\/11\/spd-mitglieder-aktiv-bei-der-aktion-super-sauber-oberhausen\/","title":{"rendered":"SPD\u2013Mitglieder aktiv bei der Aktion &#8222;Super Sauber Oberhausen&#8220;"},"content":{"rendered":"<div id=\"attachment_13521\" style=\"width: 710px\" class=\"wp-caption aligncenter\"><a href=\"https:\/\/meier-gerdingh.de\/wp-spd-ob\/wp-content\/uploads\/2026\/03\/ov-sterkrade-sued-fruehjahrsputz-2026-lg.jpg\"><img aria-describedby=\"caption-attachment-13521\" decoding=\"async\" class=\"size-full wp-image-13521\" src=\"https:\/\/meier-gerdingh.de\/wp-spd-ob\/wp-content\/uploads\/2026\/03\/ov-sterkrade-sued-fruehjahrsputz-2026.jpg\" alt=\"\" width=\"700\" height=\"641\" srcset=\"https:\/\/meier-gerdingh.de\/wp-spd-ob\/wp-content\/uploads\/2026\/03\/ov-sterkrade-sued-fruehjahrsputz-2026.jpg 700w, https:\/\/meier-gerdingh.de\/wp-spd-ob\/wp-content\/uploads\/2026\/03\/ov-sterkrade-sued-fruehjahrsputz-2026-300x275.jpg 300w\" sizes=\"(max-width: 700px) 100vw, 700px\" \/><\/a><p id=\"caption-attachment-13521\" class=\"wp-caption-text\">Mitglieder des SPD-Ortsvereins Sterkrade-S\u00fcd bei der diesj\u00e4hrigen Fr\u00fchjahrsputzaktion rund um den Bunker in Sterkrade-Mitte<\/p><\/div>\n<p>Am 11. M\u00e4rz hat sich der Ortsverein Sterkrade-S\u00fcd wie schon im vergangenen Jahr wieder am allj\u00e4hrlichen Fr\u00fchjahrsputz &#8222;Super Sauber Oberhausen&#8220; beteiligt. Rund um den Bunker in Sterkrade wurden mit vereinten Kr\u00e4ften und gro\u00dfem Einsatz verm\u00fcllte Wege, Geb\u00fcsche und Parkfl\u00e4chen von allerlei Unrat befreit.<\/p>\n<p>Dabei kam wieder eine gro\u00dfe Menge gef\u00fcllter M\u00fclls\u00e4cke zusammen, die dann von der WBO gesammelt und entsorgt wurden.<!--more--><\/p>\n<p>Durch diesen Einsatz hat der SPD-Ortsverein Sterkrade-S\u00fcd seinen Beitrag zum Umweltschutz geleistet und dazu beigetragen, dass die Stadt sauberer und lebenswerter wird und die Menschen sich in ihrer Stadt wohler f\u00fchlen k\u00f6nnen.<\/p>\n","protected":false},"excerpt":{"rendered":"<p>Am 11. M\u00e4rz hat sich der Ortsverein Sterkrade-S\u00fcd wie schon im vergangenen Jahr wieder am allj\u00e4hrlichen Fr\u00fchjahrsputz &#8222;Super Sauber Oberhausen&#8220; beteiligt. Rund um den Bunker in Sterkrade wurden mit vereinten&hellip; <\/p>\n","protected":false},"author":1,"featured_media":0,"comment_status":"closed","ping_status":"closed","sticky":false,"template":"","format":"standard","meta":{"footnotes":""},"categories":[167,29],"tags":[4773,3434,4772,46,115],"quellen":[338],"class_list":["post-13523","post","type-post","status-publish","format-standard","hentry","category-stadtteile","category-umwelt","tag-bunker-sterkrade","tag-fruehjahrsputz","tag-fruehjahrsputzaktion","tag-sterkrade","tag-super-sauber-oberhausen","quellen-ov-sterkrade-sued"],"_links":{"self":[{"href":"https:\/\/meier-gerdingh.de\/wp-spd-ob\/wp-json\/wp\/v2\/posts\/13523","targetHints":{"allow":["GET"]}}],"collection":[{"href":"https:\/\/meier-gerdingh.de\/wp-spd-ob\/wp-json\/wp\/v2\/posts"}],"about":[{"href":"https:\/\/meier-gerdingh.de\/wp-spd-ob\/wp-json\/wp\/v2\/types\/post"}],"author":[{"embeddable":true,"href":"https:\/\/meier-gerdingh.de\/wp-spd-ob\/wp-json\/wp\/v2\/users\/1"}],"replies":[{"embeddable":true,"href":"https:\/\/meier-gerdingh.de\/wp-spd-ob\/wp-json\/wp\/v2\/comments?post=13523"}],"version-history":[{"count":0,"href":"https:\/\/meier-gerdingh.de\/wp-spd-ob\/wp-json\/wp\/v2\/posts\/13523\/revisions"}],"wp:attachment":[{"href":"https:\/\/meier-gerdingh.de\/wp-spd-ob\/wp-json\/wp\/v2\/media?parent=13523"}],"wp:term":[{"taxonomy":"category","embeddable":true,"href":"https:\/\/meier-gerdingh.de\/wp-spd-ob\/wp-json\/wp\/v2\/categories?post=13523"},{"taxonomy":"post_tag","embeddable":true,"href":"https:\/\/meier-gerdingh.de\/wp-spd-ob\/wp-json\/wp\/v2\/tags?post=13523"},{"taxonomy":"quellen","embeddable":true,"href":"https:\/\/meier-gerdingh.de\/wp-spd-ob\/wp-json\/wp\/v2\/quellen?post=13523"}],"curies":[{"name":"wp","href":"https:\/\/api.w.org\/{rel}","templated":true}]}}