{"id":13527,"date":"2026-03-16T19:29:28","date_gmt":"2026-03-16T18:29:28","guid":{"rendered":"https:\/\/meier-gerdingh.de\/wp-spd-ob\/?p=13527"},"modified":"2026-03-18T19:20:23","modified_gmt":"2026-03-18T18:20:23","slug":"einladung-zum-stadtteil-gespraech","status":"publish","type":"post","link":"https:\/\/meier-gerdingh.de\/wp-spd-ob\/2026\/03\/16\/einladung-zum-stadtteil-gespraech\/","title":{"rendered":"Einladung zum Stadtteil-Gespr\u00e4ch"},"content":{"rendered":"<div id=\"attachment_13525\" style=\"width: 250px\" class=\"wp-caption alignleft\"><a href=\"https:\/\/meier-gerdingh.de\/wp-spd-ob\/wp-content\/uploads\/2026\/03\/spd-frak-ob-25-manuel-prohl.jpg\"><img aria-describedby=\"caption-attachment-13525\" decoding=\"async\" class=\"size-full wp-image-13525\" src=\"https:\/\/meier-gerdingh.de\/wp-spd-ob\/wp-content\/uploads\/2026\/03\/spd-frak-ob-25-manuel-prohl.jpg\" alt=\"\" width=\"240\" height=\"360\" srcset=\"https:\/\/meier-gerdingh.de\/wp-spd-ob\/wp-content\/uploads\/2026\/03\/spd-frak-ob-25-manuel-prohl.jpg 240w, https:\/\/meier-gerdingh.de\/wp-spd-ob\/wp-content\/uploads\/2026\/03\/spd-frak-ob-25-manuel-prohl-200x300.jpg 200w\" sizes=\"(max-width: 240px) 100vw, 240px\" \/><\/a><p id=\"caption-attachment-13525\" class=\"wp-caption-text\">Manuel Prohl ist Vorsitzender des SPD-Ortsvereins Sterkrade-S\u00fcd und Chef der SPD-Fraktion im Rat der Stadt Oberhausen<\/p><\/div>\n<p>Der SPD-Ortsverein Sterkrade-S\u00fcd l\u00e4dt am <strong>19. M\u00e4rz 2026, um 19.00 Uhr<\/strong>, alle interessierten Sterkrader B\u00fcrgerinnen und B\u00fcrger zum monatlichen <strong>Stadtteilgespr\u00e4ch<\/strong> ein. Die Veranstaltung findet im Restaurant <strong>Klumpen-Moritz, Bahnhofstra\u00dfe 30, 46145 Oberhausen<\/strong>, statt. Der Ortsverein und seine Mitglieder freuen sich auf einen regen politischen Austausch \u00fcber alle Themen, die den Sterkraderinnen und Sterkrader wichtig sind. Das Stadtteilgespr\u00e4ch bietet wie immer die M\u00f6glichkeit, Neuigkeiten \u00fcber aktuelle oder anstehende Projekte zu erfahren.<\/p>\n<p>Das Stadtteilgespr\u00e4ch findet in ungezwungener Atmosph\u00e4re statt; Kritik und Hinweise aus der B\u00fcrgerschaft sind erw\u00fcnscht. Damit will der Ortsverein Sterkrade-S\u00fcd die Tradition der Stadtteilgespr\u00e4che wieder aufgreifen und den B\u00fcrgerinnen und B\u00fcrgern die M\u00f6glichkeit der Mitsprache bieten.<!--more--><\/p>\n<p>Der Ortsverein m\u00f6chte die Brisanz einer guten politischen Arbeit in der Kommunalpolitik aufzeigen und transparent gegen\u00fcber den B\u00fcrgerinnen und B\u00fcrger gestalten.<\/p>\n<div class='ajde_evcal_calendar eventon_single_event eventon_event evo_sin_box sev cev color esty_2' ><div class='evo-data'   data-ux_val='1' data-exturl='' data-mapscroll='true' data-mapformat='roadmap' data-mapzoom='16' ><\/div><div class='evo_cal_data' data-sc='{\"excerpt\":\"no\",\"expanded\":\"no\",\"ux_val\":1,\"exturl\":\"\",\"mapscroll\":\"true\",\"mapformat\":\"roadmap\",\"mapzoom\":\"16\",\"maps_load\":\"yes\"}'><\/div><div id='evcal_list' class='eventon_events_list '><div id=\"event_13529_0\" class=\"eventon_list_event evo_eventtop scheduled  event clrD no_et event_13529_0\" data-event_id=\"13529\" data-ri=\"0r\" data-time=\"1773946800-1773964740\" data-colr=\"#e30615\" itemscope itemtype='http:\/\/schema.org\/Event'><div class=\"evo_event_schema\" style=\"display:none\" ><a itemprop='url'  href='https:\/\/meier-gerdingh.de\/wp-spd-ob\/termine\/ov-sterkarde-sued-stadtteilgespraech\/'><\/a><meta itemprop='image'  \/><meta itemprop='startDate' content=\"2026-3-19T19:00+2:00\" \/><meta itemprop='endDate' content=\"2026-3-19T23:59+2:00\" \/><meta itemprop='eventStatus' content=\"https:\/\/schema.org\/EventScheduled\" \/><item style=\"display:none\" itemprop=\"location\" itemscope itemtype=\"http:\/\/schema.org\/Place\"><span itemprop=\"name\">Gastst\u00e4tte Klumpen Moritz<\/span><span itemprop=\"address\" itemscope itemtype=\"http:\/\/schema.org\/PostalAddress\"><item itemprop=\"streetAddress\">Bahnhofstr. 30, 46145 Oberhausen<\/item><\/span><\/item><item style=\"display:none\" itemprop=\"eventAttendanceMode\" itemscope itemtype=\"https:\/\/schema.org\/OfflineEventAttendanceMode\"><\/item><script type=\"application\/ld+json\">{\"@context\": \"http:\/\/schema.org\",\"@type\": \"Event\",\n\t\t\t\t\"@id\": \"event_13529_0\",\n\t\t\t\t\"eventAttendanceMode\":\"https:\/\/schema.org\/OfflineEventAttendanceMode\",\n\t\t\t\t\"eventStatus\":\"https:\/\/schema.org\/EventScheduled\",\n\t\t\t\t\"name\": \"OV Sterkrade-S\u00fcd: Stadtteilgespr\u00e4ch\",\n\t\t\t\t\"url\": \"https:\/\/meier-gerdingh.de\/wp-spd-ob\/termine\/ov-sterkarde-sued-stadtteilgespraech\/\",\n\t\t\t\t\"startDate\": \"2026-3-19T19:00+2:00\",\n\t\t\t\t\"endDate\": \"2026-3-19T23:59+2:00\",\n\t\t\t\t\"image\":\"\", \n\t\t\t\t\"description\":\"'OV Sterkrade-S\u00fcd: Stadtteilgespr\u00e4ch'\",\"location\":[{\"@type\":\"Place\",\"name\":\"Gastst\u00e4tte Klumpen Moritz\",\"address\":{\"@type\": \"PostalAddress\",\"streetAddress\":\"Bahnhofstr. 30, 46145 Oberhausen\"}}]}<\/script><\/div>\r\n\t\t\t\t<p class=\"desc_trig_outter\" style=\"\"><a data-gmtrig=\"1\" data-exlk=\"0\" style=\"background-color: #e30615;\" id=\"evc_177394680013529\" class=\"desc_trig evo_ov-sterkrade-sued evo_spd-unterbezirk-oberhausen sin_val evcal_list_a\" data-ux_val=\"1\" data-ux_val_mob=\"-\"  ><span class='evoet_c2 evoet_cx '><span class='evoet_dayblock evcal_cblock ' data-bgcolor='#e30615' data-smon='M\u00e4rz' data-syr='2026' data-bub=''><span class='evo_start '><em class='day'>Do<\/em><em class='date'>19<\/em><em class='month'>M\u00e4r<\/em><em class='time'>19:00<\/em><\/span><\/span><\/span><span class='evoet_c3 evoet_cx evcal_desc'><span class='evoet_title evcal_desc2 evcal_event_title' itemprop='name'>OV Sterkrade-S\u00fcd: Stadtteilgespr\u00e4ch<\/span><span class='event_location_attrs'  data-location_address=\"Bahnhofstr. 30, 46145 Oberhausen\" data-location_type=\"lonlat\" data-location_name=\"Gastst\u00e4tte Klumpen Moritz\" data-location_url=\"https:\/\/meier-gerdingh.de\/wp-spd-ob\/event-location\/gaststaette-klumpen-moritz\/\" data-location_status=\"true\" data-latlng=\"51.514391,6.845792\"><\/span><span class='evoet_subtitle evo_below_title'><\/span><span class='evoet_time_expand level_3'><em class='evcal_time evo_tz_time'><i class='fa fa-clock-o'><\/i>19:00 Uhr<\/em> <\/span><span class='evoet_location level_3'><em class=\"evcal_location\"  data-latlng=\"51.514391,6.845792\" data-add_str=\"\" data-n=\"Gastst\u00e4tte Klumpen Moritz\"><i class=\"fa fa-location-pin\"><\/i><em class=\"event_location_name\">Gastst\u00e4tte Klumpen Moritz<\/em><\/em><\/span><span class='evoet_eventtypes level_4 evcal_event_types ett2'><em><i>Veranstalter: <\/i><\/em><em data-filter='event_type' data-v='OV Sterkrade-S\u00fcd' data-id='615' class='evoetet_val evoet_dataval'>OV Sterkrade-S\u00fcd,<\/em><em data-filter='event_type' data-v='SPD-Unterbezirk Oberhausen' data-id='508' class='evoetet_val evoet_dataval'>SPD-Unterbezirk Oberhausen<\/em><\/span><\/span><span class='evoet_data' data-d=\"{&quot;loc.n&quot;:&quot;Gastst\\u00e4tte Klumpen Moritz&quot;,&quot;orgs&quot;:[],&quot;tags&quot;:[]}\" data-bgc=\"#e30615\" data-bggrad=\"\" ><\/span><\/a><\/p><div class=\"event_description evcal_eventcard evo_ov-sterkrade-sued evo_spd-unterbezirk-oberhausen \" style=\"display:none\"><div class='evocard_row bx2 bx'><div id='event_time' class='evocard_box time' data-c='' \n\t\t\t\t\tstyle=''><div class='evo_metarow_time evorow evcal_evdata_row evcal_evrow_sm '>\n\t\t<span class='evcal_evdata_icons'><i class='fa fa-clock-o'><\/i><\/span>\n\t\t<div class='evcal_evdata_cell'>\t\t\t\t\t\t\t\n\t\t\t<h3 class='evo_h3'><span class='evcal_evdata_icons'><i class='fa fa-clock-o'><\/i><\/span>Datum:<\/h3><p><span class='evo_eventcard_time_t'>19. M\u00e4rz 2026 19:00 Uhr<\/span><\/p>\n\t\t<\/div>\n\t<\/div><\/div><div id='event_location' class='evocard_box location' data-c='' \n\t\t\t\t\tstyle=''><div class='evcal_evdata_row evo_metarow_time_location evorow '>\n\t\t\n\t\t\t<span class='evcal_evdata_icons'><i class='fa fa-map-marker'><\/i><\/span>\n\t\t\t<div class='evcal_evdata_cell' data-loc_tax_id='926'><h3 class='evo_h3 evodfx'><span class='evcal_evdata_icons'><i class='fa fa-map-marker'><\/i><\/span>Ort:<\/h3><p class='evo_location_name'>Gastst\u00e4tte Klumpen Moritz<\/p><p class='evo_location_address'>Bahnhofstr. 30, 46145 Oberhausen<\/p><div class='padt10'><span class='evo_btn_arr evolb_trigger' data-lbvals=\"{&quot;lbc&quot;:&quot;evo_location_lb_926&quot;,&quot;lbac&quot;:&quot;lb_max&quot;,&quot;t&quot;:&quot;Gastst\\u00e4tte Klumpen Moritz&quot;,&quot;ajax&quot;:&quot;yes&quot;,&quot;ajax_type&quot;:&quot;endpoint&quot;,&quot;ajax_action&quot;:&quot;eventon_get_tax_card_content&quot;,&quot;end&quot;:&quot;client&quot;,&quot;d&quot;:{&quot;lang&quot;:&quot;L1&quot;,&quot;term_id&quot;:926,&quot;tax&quot;:&quot;event_location&quot;,&quot;load_lbcontent&quot;:true}}\" >Andere Ereignisse<i class='fa fa-chevron-right'><\/i><\/span><\/div><\/div>\n\t\t\n\t<\/div><\/div><\/div><div class='evocard_row'><div id='event_addtocal' class='evocard_box addtocal' data-c='' \n\t\t\t\t\tstyle=''><div class='evo_metarow_ICS evorow evcal_evdata_row'>\n\t\t\t\t\t\t\t\t\t<span class='evcal_evdata_icons'><i class='fa fa-calendar-o'><\/i><\/span>\n\t\t\t\t\t\t\t\t\t<div class='evcal_evdata_cell'>\n\t\t\t\t\t\t\t\t\t\t<p><a href='https:\/\/meier-gerdingh.de\/wp-spd-ob\/wp-admin\/admin-ajax.php?action=eventon_ics_download&event_id=13529&ri=0&nonce=f8d3f18c39' class='evo_ics_nCal' title='Zum Kalender hinzuf\u00fcgen'>Kalender<\/a><a href='\/\/www.google.com\/calendar\/event?action=TEMPLATE&amp;text=OV+Sterkrade-S%C3%BCd%3A+Stadtteilgespr%C3%A4ch&amp;dates=20260319T190000Z\/20260319T235900Z&amp;ctz=UTC&amp;details=OV+Sterkrade-S%C3%BCd%3A+Stadtteilgespr%C3%A4ch&amp;location=Gastst%C3%A4tte+Klumpen+MoritzBahnhofstr.+30%2C+46145+Oberhausen' target='_blank' class='evo_ics_gCal' title='Zum Google-Kalender hinzuf\u00fcgen'>Google-Kalender<\/a><\/p>\t\n\t\t\t\t\t\t\t\t\t<\/div>\n\t\t\t\t\t\t\t\t<\/div><\/div><\/div><div class='evocard_row'><div id='event_gmap' class='evocard_box gmap' data-c='' \n\t\t\t\t\tstyle=''><div class='evo_metarow_gmap evcal_evdata_row evorow evcal_gmaps evc177394680069eddedf565b813529_gmap place' id='evc177394680069eddedf565b813529_gmap' style='max-width:none' data-address=\"Bahnhofstr. 30, 46145 Oberhausen\" data-latlng=\"51.514391,6.845792\" data-location_type=\"place\" data-scroll=\"yes\" data-mty=\"roadmap\" data-zoom=\"16\" data-mapIcon=\"\" data-delay=\"400\" data-map_canvas_id=\"evc177394680069eddedf565b813529_gmap\" >\n\t\t<span class='evo_map_load_out evoposr evodb evobr15'>\n\t\t<i class='fa fa-map-marker evoposa'><\/i><span class='evo_map_load evoposr evodb'>\t\t\t\t\t\n\t\t\t\t\t<i class='a'><\/i>\n\t\t\t\t\t<i class='b'><\/i>\n\t\t\t\t\t<i class='c'><\/i>\n\t\t\t\t\t<i class='d'><\/i>\n\t\t\t\t\t<i class='e'><\/i>\n\t\t\t\t\t<i class='f'><\/i>\n\t\t\t\t<\/span><\/span><\/div><\/div><\/div><div class='evocard_row'><div id='event_getdirection' class='evocard_box getdirection' data-c='' \n\t\t\t\t\tstyle=''><div class='evo_metarow_getDr evorow evcal_evdata_row evcal_evrow_sm getdirections'>\n\t\t<form action='https:\/\/maps.google.com\/maps' method='get' target='_blank'>\n\t\t\t<input type='hidden' name='daddr' value=\"Bahnhofstr. 30, 46145 Oberhausen\"\/> \n\t\t\t<div class='evo_get_direction_content evo_fx_dr_r evogap10'>\n\t\t\t\t<span class='evogetdir_header evodfx evofx_dr_r evofx_ai_c marr10'>\n\t\t\t\t\t<i class='mainicon fa fa-road'><\/i> \n\t\t\t\t\t<h3 class='evo_h3' style='padding-bottom:5px;'>Routenplaner<\/h3>\n\t\t\t\t<\/span>\n\t\t\t\t<span class='evogetdir_field evodfx evofx_1_1 evo_fx_dr_c evow100p'>\t\t\t\t\t\n\t\t\t\t\t<input class='evoInput evotac' type='text' name='saddr' placeholder='Geben Sie Ihre Adresse ein' value='' style='margin:10px 0;'\/>\n\t\t\t\t<\/span>\n\t\t\t\t<button type='submit' class='evo_get_direction_button evo_btn_arr_circ dfx fx_ai_c' title='Hier klicken f\u00fcr Route'><i class='fa fa-chevron-right'><\/i> <\/button>\n\t\t\t<\/div>\n\t\t<\/form>\n\t<\/div><\/div><\/div><div class='evocard_row'><div id='event_evosocial' class='evocard_box evosocial' data-c='' \n\t\t\t\t\tstyle=''><div class='evo_metarow_socialmedia evcal_evdata_row '><div class='evo_sm FacebookShare'><a class=\" evo_ss\" target=\"_blank\" onclick=\"javascript:window.open(this.href, '', 'left=50,top=50,width=600,height=350,toolbar=0');return false;\"\r\n\t\t\t\t\t\thref=\"\/\/www.facebook.com\/sharer.php?u=https%3A%2F%2Fmeier-gerdingh.de%2Fwp-spd-ob%2Ftermine%2Fov-sterkarde-sued-stadtteilgespraech%2F\" title=\"Auf Facebook teilen\"><i class=\"fa fab fa-facebook\"><\/i><\/a><\/div><div class='evo_sm Twitter'><a class=\"tw evo_ss\" onclick=\"javascript:window.open(this.href, '', 'menubar=no,toolbar=no,resizable=yes,scrollbars=yes,height=300,width=600');return false;\" href=\"\/\/twitter.com\/intent\/tweet?text=OV Sterkrade-S\u00fcd: Stadtteilgespr\u00e4ch&#32;-&#32;&url=https%3A%2F%2Fmeier-gerdingh.de%2Fwp-spd-ob%2Ftermine%2Fov-sterkarde-sued-stadtteilgespraech%2F\" title=\"Auf X teilen\" rel=\"nofollow\" target=\"_blank\" data-url=\"https%3A%2F%2Fmeier-gerdingh.de%2Fwp-spd-ob%2Ftermine%2Fov-sterkarde-sued-stadtteilgespraech%2F\"><i class=\"fa fab fa-x-twitter\"><\/i><\/a><\/div><div class='evo_sm LinkedIn'><a class=\"li evo_ss\" href=\"\/\/www.linkedin.com\/shareArticle?mini=true&url=https%3A%2F%2Fmeier-gerdingh.de%2Fwp-spd-ob%2Ftermine%2Fov-sterkarde-sued-stadtteilgespraech%2F&title=OV%20Sterkrade-S%C3%BCd%3A%20Stadtteilgespr%C3%A4ch&summary=--\" target=\"_blank\" title=\"Auf Linkedin teilen\"><i class=\"fa fab fa-linkedin\"><\/i><\/a><\/div><div class='evo_sm Whatsapp'><a class=\"wa evo_ss\" href=\"https:\/\/api.whatsapp.com\/send?text=https%3A%2F%2Fmeier-gerdingh.de%2Fwp-spd-ob%2Ftermine%2Fov-sterkarde-sued-stadtteilgespraech%2F\"\r\n\t\t\t\t        data-action=\"share\/whatsapp\/share\" target=\"_blank\" title=\"Auf WhatsApp teilen\"><i class=\"fa fab fa-whatsapp\"><\/i><\/a><\/div><div class='evo_sm EmailShare'><a class=\"em evo_ss\" href=\"mailto:?subject=OV%20Sterkrade-S%C3%BCd%3A%20Stadtteilgespr%C3%A4ch&body=Event Name: OV%20Sterkrade-S%C3%BCd%3A%20Stadtteilgespr%C3%A4ch%0AEvent Date: 19. M\u00e4rz 2026 19:00%0ALink: https%3A%2F%2Fmeier-gerdingh.de%2Fwp-spd-ob%2Ftermine%2Fov-sterkarde-sued-stadtteilgespraech%2F%0A\" target=\"_blank\"><i class=\"fa fa-envelope\"><\/i><\/a><\/div><\/div><\/div><\/div><div class='evo_card_row_end evcal_close' title='Schlie\u00dfen'><\/div><\/div><div class='clear end'><\/div><\/div><\/div><\/div>\n","protected":false},"excerpt":{"rendered":"<p>Der SPD-Ortsverein Sterkrade-S\u00fcd l\u00e4dt am 19. M\u00e4rz 2026, um 19.00 Uhr, alle interessierten Sterkrader B\u00fcrgerinnen und B\u00fcrger zum monatlichen Stadtteilgespr\u00e4ch ein. Die Veranstaltung findet im Restaurant Klumpen-Moritz, Bahnhofstra\u00dfe 30, 46145&hellip; <\/p>\n","protected":false},"author":1,"featured_media":0,"comment_status":"closed","ping_status":"closed","sticky":false,"template":"","format":"standard","meta":{"footnotes":""},"categories":[167,171],"tags":[3012,3473,1654,3499,46],"quellen":[338],"class_list":["post-13527","post","type-post","status-publish","format-standard","hentry","category-stadtteile","category-veranstaltungen","tag-buergerdialog","tag-buergergespraeche","tag-stadtteilgespraech","tag-stadtteilgespraech-sterkrade","tag-sterkrade","quellen-ov-sterkrade-sued"],"_links":{"self":[{"href":"https:\/\/meier-gerdingh.de\/wp-spd-ob\/wp-json\/wp\/v2\/posts\/13527","targetHints":{"allow":["GET"]}}],"collection":[{"href":"https:\/\/meier-gerdingh.de\/wp-spd-ob\/wp-json\/wp\/v2\/posts"}],"about":[{"href":"https:\/\/meier-gerdingh.de\/wp-spd-ob\/wp-json\/wp\/v2\/types\/post"}],"author":[{"embeddable":true,"href":"https:\/\/meier-gerdingh.de\/wp-spd-ob\/wp-json\/wp\/v2\/users\/1"}],"replies":[{"embeddable":true,"href":"https:\/\/meier-gerdingh.de\/wp-spd-ob\/wp-json\/wp\/v2\/comments?post=13527"}],"version-history":[{"count":0,"href":"https:\/\/meier-gerdingh.de\/wp-spd-ob\/wp-json\/wp\/v2\/posts\/13527\/revisions"}],"wp:attachment":[{"href":"https:\/\/meier-gerdingh.de\/wp-spd-ob\/wp-json\/wp\/v2\/media?parent=13527"}],"wp:term":[{"taxonomy":"category","embeddable":true,"href":"https:\/\/meier-gerdingh.de\/wp-spd-ob\/wp-json\/wp\/v2\/categories?post=13527"},{"taxonomy":"post_tag","embeddable":true,"href":"https:\/\/meier-gerdingh.de\/wp-spd-ob\/wp-json\/wp\/v2\/tags?post=13527"},{"taxonomy":"quellen","embeddable":true,"href":"https:\/\/meier-gerdingh.de\/wp-spd-ob\/wp-json\/wp\/v2\/quellen?post=13527"}],"curies":[{"name":"wp","href":"https:\/\/api.w.org\/{rel}","templated":true}]}}