{"id":13531,"date":"2026-03-18T16:50:46","date_gmt":"2026-03-18T15:50:46","guid":{"rendered":"https:\/\/meier-gerdingh.de\/wp-spd-ob\/?p=13531"},"modified":"2026-03-18T16:50:46","modified_gmt":"2026-03-18T15:50:46","slug":"mehr-unterstuetzung-bei-obdachlosigkeit-und-suchterkrankungen","status":"publish","type":"post","link":"https:\/\/meier-gerdingh.de\/wp-spd-ob\/2026\/03\/18\/mehr-unterstuetzung-bei-obdachlosigkeit-und-suchterkrankungen\/","title":{"rendered":"Mehr Unterst\u00fctzung bei Obdachlosigkeit und Suchterkrankungen"},"content":{"rendered":"<p><a href=\"https:\/\/meier-gerdingh.de\/wp-spd-ob\/wp-content\/uploads\/2023\/03\/banner-diese-woche-im-landtag-01.jpg\"><img decoding=\"async\" class=\"aligncenter size-full wp-image-10267\" src=\"https:\/\/meier-gerdingh.de\/wp-spd-ob\/wp-content\/uploads\/2023\/03\/banner-diese-woche-im-landtag-01.jpg\" alt=\"\" width=\"700\" height=\"258\" srcset=\"https:\/\/meier-gerdingh.de\/wp-spd-ob\/wp-content\/uploads\/2023\/03\/banner-diese-woche-im-landtag-01.jpg 700w, https:\/\/meier-gerdingh.de\/wp-spd-ob\/wp-content\/uploads\/2023\/03\/banner-diese-woche-im-landtag-01-300x111.jpg 300w\" sizes=\"(max-width: 700px) 100vw, 700px\" \/><\/a>Obdach- und Wohnungslosigkeit sind ein massiver sozialer Notstand und zugleich eine kommunalpolitische Daueraufgabe. Menschen verlieren Schutz, Privatsph\u00e4re und soziale Teilhabe; Kommunen m\u00fcssen kurzfristig unterbringen, langfristig Perspektiven er\u00f6ffnen und gleichzeitig \u00f6ffentliche R\u00e4ume funktionsf\u00e4hig halten.<\/p>\n<h3 class=\"spd-ob-crossheading\">Immer mehr Wohnungslose<\/h3>\n<p>NRW weist seit Jahren hohe Fallzahlen auf: Zum Stichtag 30. Juni 2024 wurden in NRW 122.170 wohnungslose Personen gemeldet, ein neuer H\u00f6chststand der integrierten Wohnungsnotfall-Berichterstattung. Bund und L\u00e4nder haben sich das Ziel gesetzt, Wohnungslosigkeit bis 2030 zu \u00fcberwinden. Die Bundesregierung hat dazu einen Nationalen Aktionsplan gegen Wohnungslosigkeit vorgelegt. NRW beteiligt sich im Rahmen der Landesinitiative &#8222;Endlich ein ZUHAUSE!&#8220;.<\/p>\n<p>Die Landesregierung verweist beim Thema Obdachlosigkeit zudem auf erg\u00e4nzende Ma\u00dfnahmen wie Sommerhilfen zum Hitzeschutz und K\u00e4ltehilfen im Winter. &#8222;Diese Ma\u00dfnahmen sind wichtig, sie ersetzen aber keine dauerhafte, kommunal tragf\u00e4hige Infrastruktur und keine verl\u00e4ssliche Finanzierung niedrigschwelliger Hilfen im \u00f6ffentlichen Raum. \u00dcber die H\u00e4lfte der obdachlosen Menschen weisen eine Suchterkrankung auf&#8220;, sagt die SPD-Landtagsabgeordnete Sonja Bongers.<!--more--><\/p>\n<h3 class=\"spd-ob-crossheading\">Handeln und Helfen<\/h3>\n<p>Genau deshalb ist eine eng verzahnte psychosoziale, medizinische und suchtspezifische Unterst\u00fctzung entscheidend, um Obdachlosigkeit zu vermeiden und Wege zur\u00fcck in Wohnen zu er\u00f6ffnen. Besonders sichtbar werden die Probleme dort, wo Menschen ohne Schutzr\u00e4ume im \u00f6ffentlichen Raum leben oder konsumieren: auf Pl\u00e4tzen, an Bahnh\u00f6fen, in Innenst\u00e4dten. Kommunen erleben Konflikte um Sicherheit, Sauberkeit und Ordnung, gleichzeitig aber auch eine konkrete gesundheitliche Gef\u00e4hrdungslage f\u00fcr die Betroffenen.<\/p>\n<p>Ein sozialdemokratischer Ansatz nimmt beides ernst: Handeln und Helfen. &#8222;Drogenkonsumr\u00e4ume sind nach \u00a7 10a Bet\u00e4ubungsmittelgesetz zul\u00e4ssig und in NRW landesrechtlich n\u00e4her geregelt. Sie reduzieren Risiken des Konsums, verhindern Konsum im \u00f6ffentlichen Raum und sind vor allem Andockpunkte in Beratung, Substitution, medizinische Versorgung und Ausstiegshilfen&#8220;, so Bongers.<\/p>\n<h3 class=\"spd-ob-crossheading\">Mehr integrierte Strategien<\/h3>\n<p>Damit Kommunen solche Einrichtungen als Teil kommunaler Sicherheits- und Hilfekonzepte aufbauen und dauerhaft betreiben k\u00f6nnen, brauchen sie jedoch verl\u00e4ssliche finanzielle und organisatorische Unterst\u00fctzung.<\/p>\n<p>Internationale und nationale Erfahrungen unterstreichen, dass integrierte Strategien wirken: Z\u00fcrich setzt seit Jahrzehnten auf die Vier-S\u00e4ulen-Politik aus Pr\u00e4vention, Therapie, Schadensminderung und Repression und h\u00e4lt daf\u00fcr mehrere Kontakt- und Anlaufstellen bereit, um Szenen zu entzerren.<\/p>\n<p>Frankfurt am Main entwickelt den &#8222;Frankfurter Weg&#8220; mit einem neuen Suchthilfezentrum weiter, das Konsumr\u00e4ume, medizinische Hilfe, Beratung sowie Aufenthalts- und Ruheangebote b\u00fcndelt. Solche Ans\u00e4tze zeigen: Mit klarer Zust\u00e4ndigkeit, niedrigschwelliger Hilfe vor Ort und konsequentem Vorgehen gegen Handel und Gewalt lassen sich Belastungen im \u00f6ffentlichen Raum reduzieren, ohne Menschen zu verdr\u00e4ngen.<\/p>\n","protected":false},"excerpt":{"rendered":"<p>Obdach- und Wohnungslosigkeit sind ein massiver sozialer Notstand und zugleich eine kommunalpolitische Daueraufgabe. Menschen verlieren Schutz, Privatsph\u00e4re und soziale Teilhabe; Kommunen m\u00fcssen kurzfristig unterbringen, langfristig Perspektiven er\u00f6ffnen und gleichzeitig \u00f6ffentliche&hellip; <\/p>\n","protected":false},"author":1,"featured_media":0,"comment_status":"closed","ping_status":"closed","sticky":false,"template":"","format":"standard","meta":{"footnotes":""},"categories":[4120,297,216],"tags":[4779,4780,4781,1383,4344,4778,4490,4454,4347],"quellen":[1317],"class_list":["post-13531","post","type-post","status-publish","format-standard","hentry","category-die-woche-im-landtag","category-gesundheit","category-land","tag-frankfurter-weg","tag-drogensucht","tag-drogensuechtige","tag-kommunen","tag-obdachlosigkeit","tag-suchtkranke","tag-suchtpraevention","tag-wohnungslose","tag-wohnungslosigkeit","quellen-mdl-sonja-bongers"],"_links":{"self":[{"href":"https:\/\/meier-gerdingh.de\/wp-spd-ob\/wp-json\/wp\/v2\/posts\/13531","targetHints":{"allow":["GET"]}}],"collection":[{"href":"https:\/\/meier-gerdingh.de\/wp-spd-ob\/wp-json\/wp\/v2\/posts"}],"about":[{"href":"https:\/\/meier-gerdingh.de\/wp-spd-ob\/wp-json\/wp\/v2\/types\/post"}],"author":[{"embeddable":true,"href":"https:\/\/meier-gerdingh.de\/wp-spd-ob\/wp-json\/wp\/v2\/users\/1"}],"replies":[{"embeddable":true,"href":"https:\/\/meier-gerdingh.de\/wp-spd-ob\/wp-json\/wp\/v2\/comments?post=13531"}],"version-history":[{"count":0,"href":"https:\/\/meier-gerdingh.de\/wp-spd-ob\/wp-json\/wp\/v2\/posts\/13531\/revisions"}],"wp:attachment":[{"href":"https:\/\/meier-gerdingh.de\/wp-spd-ob\/wp-json\/wp\/v2\/media?parent=13531"}],"wp:term":[{"taxonomy":"category","embeddable":true,"href":"https:\/\/meier-gerdingh.de\/wp-spd-ob\/wp-json\/wp\/v2\/categories?post=13531"},{"taxonomy":"post_tag","embeddable":true,"href":"https:\/\/meier-gerdingh.de\/wp-spd-ob\/wp-json\/wp\/v2\/tags?post=13531"},{"taxonomy":"quellen","embeddable":true,"href":"https:\/\/meier-gerdingh.de\/wp-spd-ob\/wp-json\/wp\/v2\/quellen?post=13531"}],"curies":[{"name":"wp","href":"https:\/\/api.w.org\/{rel}","templated":true}]}}