{"id":13570,"date":"2026-04-04T21:37:56","date_gmt":"2026-04-04T19:37:56","guid":{"rendered":"https:\/\/meier-gerdingh.de\/wp-spd-ob\/?p=13570"},"modified":"2026-04-04T21:38:36","modified_gmt":"2026-04-04T19:38:36","slug":"ostereier-aktion-der-spd-sterkrade-sued","status":"publish","type":"post","link":"https:\/\/meier-gerdingh.de\/wp-spd-ob\/2026\/04\/04\/ostereier-aktion-der-spd-sterkrade-sued\/","title":{"rendered":"Ostereier-Aktion der SPD Sterkrade-S\u00fcd"},"content":{"rendered":"<div id=\"attachment_13568\" style=\"width: 710px\" class=\"wp-caption aligncenter\"><a href=\"https:\/\/meier-gerdingh.de\/wp-spd-ob\/wp-content\/uploads\/2026\/04\/ov-sterkrade-sued-osteraktion-2026-lg.jpg\"><img aria-describedby=\"caption-attachment-13568\" decoding=\"async\" class=\"size-full wp-image-13568\" src=\"https:\/\/meier-gerdingh.de\/wp-spd-ob\/wp-content\/uploads\/2026\/04\/ov-sterkrade-sued-osteraktion-2026.jpg\" alt=\"\" width=\"700\" height=\"575\" srcset=\"https:\/\/meier-gerdingh.de\/wp-spd-ob\/wp-content\/uploads\/2026\/04\/ov-sterkrade-sued-osteraktion-2026.jpg 700w, https:\/\/meier-gerdingh.de\/wp-spd-ob\/wp-content\/uploads\/2026\/04\/ov-sterkrade-sued-osteraktion-2026-300x246.jpg 300w\" sizes=\"(max-width: 700px) 100vw, 700px\" \/><\/a><p id=\"caption-attachment-13568\" class=\"wp-caption-text\">Gute Laune am Karsamstag in der Sterkrader Innenstadt: Mitglieder des SPD-Ortsvereins Sterkrade-S\u00fcd bei ihrer Osteraktion auf der Bahnhofstra\u00dfe<\/p><\/div>\n<p>Die Mitglieder des SPD-Ortsvereins Sterkrade-S\u00fcd verteilten am Samstag, den 4.4.2026, in der Sterkrader Innenstadt wieder viele bunte Ostereier an Kinder und ihre Familien. Ziel der Osteraktion war es, Begegnung zu f\u00f6rdern und mit B\u00fcrgern und B\u00fcrgerinnen ins Gespr\u00e4ch zu kommen. Das Team des Ortsvereins informierte dabei \u00fcber lokale Anliegen und nahm Anregungen aus der Nachbarschaft auf.<!--more--><\/p>\n","protected":false},"excerpt":{"rendered":"<p>Die Mitglieder des SPD-Ortsvereins Sterkrade-S\u00fcd verteilten am Samstag, den 4.4.2026, in der Sterkrader Innenstadt wieder viele bunte Ostereier an Kinder und ihre Familien. Ziel der Osteraktion war es, Begegnung zu&hellip; <\/p>\n","protected":false},"author":1,"featured_media":0,"comment_status":"closed","ping_status":"closed","sticky":false,"template":"","format":"standard","meta":{"footnotes":""},"categories":[167,171],"tags":[3012,1671,3474,4789,46,3260],"quellen":[338],"class_list":["post-13570","post","type-post","status-publish","format-standard","hentry","category-stadtteile","category-veranstaltungen","tag-buergerdialog","tag-infostand","tag-osteraktion","tag-ostereieraktion","tag-sterkrade","tag-sterkrader-innenstadt","quellen-ov-sterkrade-sued"],"_links":{"self":[{"href":"https:\/\/meier-gerdingh.de\/wp-spd-ob\/wp-json\/wp\/v2\/posts\/13570","targetHints":{"allow":["GET"]}}],"collection":[{"href":"https:\/\/meier-gerdingh.de\/wp-spd-ob\/wp-json\/wp\/v2\/posts"}],"about":[{"href":"https:\/\/meier-gerdingh.de\/wp-spd-ob\/wp-json\/wp\/v2\/types\/post"}],"author":[{"embeddable":true,"href":"https:\/\/meier-gerdingh.de\/wp-spd-ob\/wp-json\/wp\/v2\/users\/1"}],"replies":[{"embeddable":true,"href":"https:\/\/meier-gerdingh.de\/wp-spd-ob\/wp-json\/wp\/v2\/comments?post=13570"}],"version-history":[{"count":0,"href":"https:\/\/meier-gerdingh.de\/wp-spd-ob\/wp-json\/wp\/v2\/posts\/13570\/revisions"}],"wp:attachment":[{"href":"https:\/\/meier-gerdingh.de\/wp-spd-ob\/wp-json\/wp\/v2\/media?parent=13570"}],"wp:term":[{"taxonomy":"category","embeddable":true,"href":"https:\/\/meier-gerdingh.de\/wp-spd-ob\/wp-json\/wp\/v2\/categories?post=13570"},{"taxonomy":"post_tag","embeddable":true,"href":"https:\/\/meier-gerdingh.de\/wp-spd-ob\/wp-json\/wp\/v2\/tags?post=13570"},{"taxonomy":"quellen","embeddable":true,"href":"https:\/\/meier-gerdingh.de\/wp-spd-ob\/wp-json\/wp\/v2\/quellen?post=13570"}],"curies":[{"name":"wp","href":"https:\/\/api.w.org\/{rel}","templated":true}]}}