{"id":136,"date":"2000-05-05T16:00:00","date_gmt":"2000-05-05T14:00:00","guid":{"rendered":"http:\/\/www.meier-gerdingh.de\/spd-oberhausen\/wp\/?p=136"},"modified":"2017-05-01T12:54:07","modified_gmt":"2017-05-01T10:54:07","slug":"neue-konzeption-der-seniorenarbeit-im-knappenviertel-findet-zustimmung","status":"publish","type":"post","link":"https:\/\/meier-gerdingh.de\/wp-spd-ob\/2000\/05\/05\/neue-konzeption-der-seniorenarbeit-im-knappenviertel-findet-zustimmung\/","title":{"rendered":"Neue Konzeption der Seniorenarbeit im Knappenviertel findet Zustimmung"},"content":{"rendered":"<div style=\"width: 150px\" class=\"wp-caption alignleft\"><a href=\"http:\/\/meier-gerdingh.de\/wp-spd-ob\/wp-content\/uploads\/wehling_99.jpg\"><img decoding=\"async\" class=\"size-full\" src=\"http:\/\/meier-gerdingh.de\/wp-spd-ob\/wp-content\/uploads\/wehling_99.jpg\" alt=\"Klaus Wehling\" width=\"140\" height=\"180\" \/><\/a><p class=\"wp-caption-text\">Klaus Wehling<\/p><\/div>\n<p>Dieses Fazit zieht Klaus Wehling, B\u00fcrgermeister und Vorsitzender des Planungsbeirates zum Knappenviertel, aus einem kurzfristig einberufenen Gespr\u00e4chstermin mit Seniorinnen und Senioren in der Franz-Alme- Begegnungsst\u00e4tte. Dass die Seniorinnen und Senioren ihre \u00c4ngste und Bef\u00fcrchtungen zu einem neuen r\u00e4umlichen und inhaltlichen Schwerpunkt der Seniorenarbeit im Knappenviertel \u00f6ffentlich gemacht haben, hat der SPD-Fraktionsvorsitzende und Landtagskandidat Michael Groschek zum Anlass genommen, B\u00fcrgermeister Klaus Wehling zu bitten, sich pers\u00f6nlich um die N\u00f6te und Sorgen der vermeintlich von der Neukonzeption nachteilig Betroffenen zu k\u00fcmmern.<!--more--><\/p>\n<p>In einem Treffen, an dem neben 40 Seniorinnen und Senioren der Franz-Alme- Begegnungsst\u00e4tte auch Vertreter der Verwaltung, eine Vertreterin des Vereins &#8222;Flickwerk&#8220; sowie die mit der Nutzungskonzeption des neuen B\u00fcrgerzentrum &#8222;Alte Heid&#8220; Beauftragten teilgenommen haben, stand zun\u00e4chst die Vermittlung von Sachinformationen im Vordergrund und alle Sorgen und N\u00f6te wurde offen angesprochen.<\/p>\n<p>Einzelne Kritikpunkte konnten allein durch die Darstellung der Planung und Konzeption ausger\u00e4umt werden. So wird es auch zuk\u00fcnftig freitags ein Mittagsessen zum bisherigen Preis geben, die bisher betreuenden Personen werden sich auch in der neuen Begegnungsst\u00e4tte um die Seniorinnen und Senioren k\u00fcmmern und die bisherige Begegnungsst\u00e4tte wird bis zur Neuer\u00f6ffnung des B\u00fcrgerzentrums wie gewohnt zur Verf\u00fcgung stehen.<\/p>\n<p>Klaus Wehling hierzu: &#8222;Wir stehen daf\u00fcr ein, die Angebote f\u00fcr \u00e4ltere Menschen am neuen Standort zu verbessern. Neben den bisherigen traditionellen Angeboten wollen wir auch neue Wege anregen. Nach unserer Auffassung kann es durchaus auch f\u00fcr \u00e4ltere Menschen reizvoll sein, sich z.B. auch mit neuen Medien zu besch\u00e4ftigen.&#8220;<\/p>\n<p>Klaus Wehling h\u00e4lt als Ergebnis dieser Veranstaltung fest, dass nicht die r\u00e4umliche und inhaltliche Neuausrichtung der Seniorenarbeit im Knappenviertel Anlass f\u00fcr die ge\u00e4u\u00dferte Kritik war, sondern vielmehr die Vermittlung von Informationen zu diesem Baustein der Stadtteilarbeit im Knappenviertel verbesserungsf\u00e4hig erscheint.<\/p>\n<p>&#8222;F\u00fcr alle Planungen, f\u00fcr die der Planungsbeirat Knappenviertel verantwortlich zeichnet, habe ich als konkreten Auftrag mitgenommen, f\u00fcr eine noch breitere und verbesserte Beteiligung zu sorgen&#8220;, so B\u00fcrgermeister Klaus Wehling. Ein erster konkreter Schritt hierzu ist, dass die Seniorinnen und Senioren sich auf Einladung durch Klaus Wehling verabredet haben, &#8222;ihre&#8220; Baustelle f\u00fcr das neue Begegnungszentrum im Juni gemeinsam besuchen zu wollen.<\/p>\n","protected":false},"excerpt":{"rendered":"<p>Dieses Fazit zieht Klaus Wehling, B\u00fcrgermeister und Vorsitzender des Planungsbeirates zum Knappenviertel, aus einem kurzfristig einberufenen Gespr\u00e4chstermin mit Seniorinnen und Senioren in der Franz-Alme- Begegnungsst\u00e4tte. Dass die Seniorinnen und Senioren&hellip; <\/p>\n","protected":false},"author":1,"featured_media":0,"comment_status":"closed","ping_status":"closed","sticky":false,"template":"","format":"standard","meta":{"footnotes":""},"categories":[1],"tags":[],"quellen":[],"class_list":["post-136","post","type-post","status-publish","format-standard","hentry","category-allgemein"],"_links":{"self":[{"href":"https:\/\/meier-gerdingh.de\/wp-spd-ob\/wp-json\/wp\/v2\/posts\/136","targetHints":{"allow":["GET"]}}],"collection":[{"href":"https:\/\/meier-gerdingh.de\/wp-spd-ob\/wp-json\/wp\/v2\/posts"}],"about":[{"href":"https:\/\/meier-gerdingh.de\/wp-spd-ob\/wp-json\/wp\/v2\/types\/post"}],"author":[{"embeddable":true,"href":"https:\/\/meier-gerdingh.de\/wp-spd-ob\/wp-json\/wp\/v2\/users\/1"}],"replies":[{"embeddable":true,"href":"https:\/\/meier-gerdingh.de\/wp-spd-ob\/wp-json\/wp\/v2\/comments?post=136"}],"version-history":[{"count":0,"href":"https:\/\/meier-gerdingh.de\/wp-spd-ob\/wp-json\/wp\/v2\/posts\/136\/revisions"}],"wp:attachment":[{"href":"https:\/\/meier-gerdingh.de\/wp-spd-ob\/wp-json\/wp\/v2\/media?parent=136"}],"wp:term":[{"taxonomy":"category","embeddable":true,"href":"https:\/\/meier-gerdingh.de\/wp-spd-ob\/wp-json\/wp\/v2\/categories?post=136"},{"taxonomy":"post_tag","embeddable":true,"href":"https:\/\/meier-gerdingh.de\/wp-spd-ob\/wp-json\/wp\/v2\/tags?post=136"},{"taxonomy":"quellen","embeddable":true,"href":"https:\/\/meier-gerdingh.de\/wp-spd-ob\/wp-json\/wp\/v2\/quellen?post=136"}],"curies":[{"name":"wp","href":"https:\/\/api.w.org\/{rel}","templated":true}]}}