{"id":13680,"date":"2026-07-03T10:34:28","date_gmt":"2026-07-03T08:34:28","guid":{"rendered":"https:\/\/meier-gerdingh.de\/wp-spd-ob\/?p=13680"},"modified":"2026-07-03T10:35:35","modified_gmt":"2026-07-03T08:35:35","slug":"cdu-und-spd-stellen-die-weichen-fuer-die-zukunft-der-stadtverwaltung","status":"publish","type":"post","link":"https:\/\/meier-gerdingh.de\/wp-spd-ob\/2026\/07\/03\/cdu-und-spd-stellen-die-weichen-fuer-die-zukunft-der-stadtverwaltung\/","title":{"rendered":"CDU und SPD stellen die Weichen f\u00fcr die Zukunft der Stadtverwaltung"},"content":{"rendered":"<div id=\"attachment_13525\" style=\"width: 250px\" class=\"wp-caption alignleft\"><a href=\"https:\/\/meier-gerdingh.de\/wp-spd-ob\/wp-content\/uploads\/2026\/03\/spd-frak-ob-25-manuel-prohl-lg.jpg\"><img aria-describedby=\"caption-attachment-13525\" decoding=\"async\" class=\"size-full wp-image-13525\" src=\"https:\/\/meier-gerdingh.de\/wp-spd-ob\/wp-content\/uploads\/2026\/03\/spd-frak-ob-25-manuel-prohl.jpg\" alt=\"\" width=\"240\" height=\"360\" srcset=\"https:\/\/meier-gerdingh.de\/wp-spd-ob\/wp-content\/uploads\/2026\/03\/spd-frak-ob-25-manuel-prohl.jpg 240w, https:\/\/meier-gerdingh.de\/wp-spd-ob\/wp-content\/uploads\/2026\/03\/spd-frak-ob-25-manuel-prohl-200x300.jpg 200w\" sizes=\"(max-width: 240px) 100vw, 240px\" \/><\/a><p id=\"caption-attachment-13525\" class=\"wp-caption-text\">Manuel Prohl ist Vorsitzender der SPD-Fraktion im Rat der Stadt Oberhausen<\/p><\/div>\n<p>Die Verwaltungsspitze der Stadt steht vor einem der gr\u00f6\u00dften personellen Umbr\u00fcche ihrer j\u00fcngeren Geschichte. In den kommenden Jahren werden mehrere Beigeordnetenstellen neu zu besetzen sein, da die aktuellen Amtsinhaber die Altersgrenze erreichen werden. CDU und SPD haben sich deshalb darauf verst\u00e4ndigt, diesen Prozess gemeinsam zu gestalten mit dem Ziel einer zukunftsf\u00e4higen Verwaltungsstruktur.<\/p>\n<p>Als ersten Schritt dieser Verst\u00e4ndigung schl\u00e4gt die SPD-Fraktion im Einvernehmen mit der CDU-Fraktion die Wiederwahl von Frank Motschull als Beigeordneten vor. Bis zum Erreichen seiner gesetzlichen Altersgrenze im August 2027 soll er weiterhin das Dezernat f\u00fcr Soziales, Wohnen und Recht leiten. &#8222;Die anstehenden Ver\u00e4nderungen bieten die Chance, die Verwaltung organisatorisch und personell auf zuk\u00fcnftige Herausforderungen auszurichten. Daf\u00fcr braucht es Planungssicherheit und einen klaren Fahrplan&#8220;, erkl\u00e4ren die Fraktionsvorsitzenden Simone-Tatjana Stehr (CDU) und Manuel Prohl (SPD).<!--more--><\/p>\n<p>Die Entscheidung schafft Kontinuit\u00e4t in einer Phase umfassender personeller Ver\u00e4nderungen. Sie erm\u00f6glicht es, die anstehenden Neubesetzungen im Zusammenhang und mit Blick auf die zuk\u00fcnftige Verwaltungsstruktur sorgf\u00e4ltig vorzubereiten und gleichzeitig die Leistungs- und Handlungsf\u00e4higkeit der Stadtverwaltung jederzeit sicherzustellen.<\/p>\n<p>Die Verst\u00e4ndigung von CDU und SPD ist Ausdruck eines gemeinsamen Anspruchs: &#8222;Der bevorstehende personelle Wechsel an der Spitze der Stadtverwaltung ist aktiv zu gestalten \u2013 mit einer klaren inhaltlichen und organisatorischen Neuausrichtung, im Interesse einer leistungsf\u00e4higen Verwaltung und einer guten Entwicklung f\u00fcr unsere Stadt&#8220;, so die Fraktionsspitzen abschlie\u00dfend.<\/p>\n","protected":false},"excerpt":{"rendered":"<p>Die Verwaltungsspitze der Stadt steht vor einem der gr\u00f6\u00dften personellen Umbr\u00fcche ihrer j\u00fcngeren Geschichte. In den kommenden Jahren werden mehrere Beigeordnetenstellen neu zu besetzen sein, da die aktuellen Amtsinhaber die&hellip; <\/p>\n","protected":false},"author":1,"featured_media":0,"comment_status":"closed","ping_status":"closed","sticky":false,"template":"","format":"standard","meta":{"footnotes":""},"categories":[2169,896],"tags":[1892,1644],"quellen":[326],"class_list":["post-13680","post","type-post","status-publish","format-standard","hentry","category-personalien","category-stadtverwaltung","tag-beigeordnete","tag-verwaltungsvorstand","quellen-spd-fraktion-oberhausen"],"_links":{"self":[{"href":"https:\/\/meier-gerdingh.de\/wp-spd-ob\/wp-json\/wp\/v2\/posts\/13680","targetHints":{"allow":["GET"]}}],"collection":[{"href":"https:\/\/meier-gerdingh.de\/wp-spd-ob\/wp-json\/wp\/v2\/posts"}],"about":[{"href":"https:\/\/meier-gerdingh.de\/wp-spd-ob\/wp-json\/wp\/v2\/types\/post"}],"author":[{"embeddable":true,"href":"https:\/\/meier-gerdingh.de\/wp-spd-ob\/wp-json\/wp\/v2\/users\/1"}],"replies":[{"embeddable":true,"href":"https:\/\/meier-gerdingh.de\/wp-spd-ob\/wp-json\/wp\/v2\/comments?post=13680"}],"version-history":[{"count":0,"href":"https:\/\/meier-gerdingh.de\/wp-spd-ob\/wp-json\/wp\/v2\/posts\/13680\/revisions"}],"wp:attachment":[{"href":"https:\/\/meier-gerdingh.de\/wp-spd-ob\/wp-json\/wp\/v2\/media?parent=13680"}],"wp:term":[{"taxonomy":"category","embeddable":true,"href":"https:\/\/meier-gerdingh.de\/wp-spd-ob\/wp-json\/wp\/v2\/categories?post=13680"},{"taxonomy":"post_tag","embeddable":true,"href":"https:\/\/meier-gerdingh.de\/wp-spd-ob\/wp-json\/wp\/v2\/tags?post=13680"},{"taxonomy":"quellen","embeddable":true,"href":"https:\/\/meier-gerdingh.de\/wp-spd-ob\/wp-json\/wp\/v2\/quellen?post=13680"}],"curies":[{"name":"wp","href":"https:\/\/api.w.org\/{rel}","templated":true}]}}