{"id":13688,"date":"2026-07-04T19:58:48","date_gmt":"2026-07-04T17:58:48","guid":{"rendered":"https:\/\/meier-gerdingh.de\/wp-spd-ob\/?p=13688"},"modified":"2026-07-04T19:59:28","modified_gmt":"2026-07-04T17:59:28","slug":"massive-kritik-an-preiserhoehung-des-verkehrsverbundes-rhein-ruhr","status":"publish","type":"post","link":"https:\/\/meier-gerdingh.de\/wp-spd-ob\/2026\/07\/04\/massive-kritik-an-preiserhoehung-des-verkehrsverbundes-rhein-ruhr\/","title":{"rendered":"Massive Kritik an Preiserh\u00f6hung des Verkehrsverbundes Rhein-Ruhr"},"content":{"rendered":"<div id=\"attachment_13684\" style=\"width: 710px\" class=\"wp-caption aligncenter\"><a href=\"https:\/\/meier-gerdingh.de\/wp-spd-ob\/wp-content\/uploads\/2026\/07\/ag-60plus-veranstaltung-sozialstaat-lg.jpg\"><img aria-describedby=\"caption-attachment-13684\" decoding=\"async\" class=\"size-full wp-image-13684\" src=\"https:\/\/meier-gerdingh.de\/wp-spd-ob\/wp-content\/uploads\/2026\/07\/ag-60plus-veranstaltung-sozialstaat.jpg\" alt=\"\" width=\"700\" height=\"525\" srcset=\"https:\/\/meier-gerdingh.de\/wp-spd-ob\/wp-content\/uploads\/2026\/07\/ag-60plus-veranstaltung-sozialstaat.jpg 700w, https:\/\/meier-gerdingh.de\/wp-spd-ob\/wp-content\/uploads\/2026\/07\/ag-60plus-veranstaltung-sozialstaat-300x225.jpg 300w\" sizes=\"(max-width: 700px) 100vw, 700px\" \/><\/a><p id=\"caption-attachment-13684\" class=\"wp-caption-text\">Mitglieder der Oberhausener SPD-Seniorinnen und -Senioren<\/p><\/div>\n<p>Zur j\u00fcngsten Preiserh\u00f6hung des Verkehrsverbundes Rhein-Ruhr (VRR) zum 01.06.2026 finden die Oberhausener SPD-Seniorinnen und -Senioren klare Worte:<\/p>\n<p>Die AG 60plus der SPD hat mit Best\u00fcrzung die Preiserh\u00f6hung des VRR zum 01.06.2026 zur Kenntnis genommen. Diese Erh\u00f6hung trifft besonders stark die sozial benachteiligten und \u00e4lteren Menschen in Oberhausen. Der Preis von 3,80 EUR f\u00fcr ein Einzelticket nur im ausgewiesenen Stadtgebiet ist nicht hinnehmbar und schlichtweg verantwortungslos gegen\u00fcber den zuvor genannten Personenkreisen. F\u00fcr diese Gruppen gibt es nahezu keine preiswerten Alternativen, um sich innerhalb der Stadtgrenzen von Oberhausen mit dem \u00d6PNV fortzubewegen.<!--more--><\/p>\n<p>Die M\u00f6glichkeit des Eezy-Tickets ist f\u00fcr viele \u00e4ltere Menschen nicht relevant, da viele nicht \u00fcber ein Smartphone verf\u00fcgen, um die dazugeh\u00f6rige App herunterladen zu k\u00f6nnen. Hier wurde offensichtlich nicht an eine weitsichtige L\u00f6sung gedacht.<\/p>\n<p>In anderen Verkehrsverb\u00fcnden wie dem Verkehrsverbund Ems-Jade scheinen die Verantwortlichen deutlich mehr \u00dcberlegungen zu einem individueller gestalteten Tarifsystem angestellt zu haben. Beispielsweise kostet ein Einzelticket dort nur 3,00 EUR, w\u00e4hrend ein Viererticket 10,00 EUR kostet.<\/p>\n<p>Senioren haben die Option, eine Senioren-Card f\u00fcr einmalig 30,00 EUR pro Jahr zu erwerben, was ihnen eine Erm\u00e4\u00dfigung von 30 Prozent auf Einzelfahrten erm\u00f6glicht. Touristen, die beispielsweise eine \u00f6rtliche Kurkarte besitzen, zahlen das ganze Jahr \u00fcber pro Strecke nur 1,00 EUR. Es ist also durchaus m\u00f6glich, ein sinnvolles Tarifsystem durch ein gewisses Ma\u00df an Kreativit\u00e4t zu schaffen.<\/p>\n<p>Wenn man sich die umliegenden Nachbarl\u00e4nder ansieht, f\u00e4llt Folgendes auf:<\/p>\n<ul>\n<li>In den Niederlanden erhalten Personen ab 65 Jahren einen Rabatt von 34 Prozent auf den regul\u00e4ren Fahrpreis in Bussen, Stra\u00dfenbahnen und U-Bahnen.<\/li>\n<li>In Belgien kostet es f\u00fcr Personen ab 65 Jahren nur 71,00 EUR im Jahr.<\/li>\n<li>Und in \u00d6sterreich bekommen Senioren mit einer \u00d6BB Vorteilscard Senior einen Rabatt von 50 Prozent auf ein Standardticket. In Wien beispielsweise kostet ein Senioreneinzelfahrschein im Vorverkauf nur 1,50 EUR.<\/li>\n<li>Wenn man seinen Blick noch weiter in die T\u00fcrkei richtet, stellt man fest, dass Senioren ab 65 Jahren mit t\u00fcrkischer Staatsb\u00fcrgerschaft dort die st\u00e4dtischen Verkehrsmittel kostenlos nutzen k\u00f6nnen.<\/li>\n<\/ul>\n<p>Es ist also sowohl auf nationaler als auch auf internationaler Ebene m\u00f6glich, attraktive Tarife f\u00fcr Senioren anzubieten.<\/p>\n<p>Die AG 60 Plus der SPD Oberhausen ist der Auffassung, dass der Verkehrsverbund Rhein-Ruhr in Zusammenarbeit mit allen betroffenen St\u00e4dten, nat\u00fcrlich auch Oberhausen, dringend ein anderes, ansprechenderes Modell f\u00fcr die SeniorInnen entwickeln sollte.<\/p>\n<p>Dies k\u00f6nnte zu einer besseren Auslastung des \u00d6PNV beitragen und ein probates Mittel gegen die Nutzung von Taxis, Minicars oder Mietwagen (Uber, Bolt) sein.<\/p>\n<p>Die Erh\u00f6hung ist auch klimapolitisch widerspr\u00fcchlich, da h\u00f6here Ticketpreise abschreckend f\u00fcr den Umstieg auf den \u00f6ffentlichen Nahverkehr wirken, den Individualverkehr st\u00e4rken und damit gegen die gesteckten Klimaziele wirken.<\/p>\n<p>Zudem gef\u00e4hrdet eine Verdoppelung des Fahrpreises die regionale Mobilit\u00e4t f\u00fcr kurze Strecken zwischen den Nachbarst\u00e4dten und untergr\u00e4bt die Idee eines vernetzten und bezahlbaren Nahverkehrs in der Region.<\/p>\n<p>Die neuen Fahrpreise sind sozial ungerecht, wirtschaftlich fragw\u00fcrdig und \u00f6kologisch kontraproduktiv.<\/p>\n","protected":false},"excerpt":{"rendered":"<p>Zur j\u00fcngsten Preiserh\u00f6hung des Verkehrsverbundes Rhein-Ruhr (VRR) zum 01.06.2026 finden die Oberhausener SPD-Seniorinnen und -Senioren klare Worte: Die AG 60plus der SPD hat mit Best\u00fcrzung die Preiserh\u00f6hung des VRR zum&hellip; <\/p>\n","protected":false},"author":1,"featured_media":0,"comment_status":"closed","ping_status":"closed","sticky":false,"template":"","format":"standard","meta":{"footnotes":""},"categories":[3070,854],"tags":[4873,55,4872,3191,1040],"quellen":[328],"class_list":["post-13688","post","type-post","status-publish","format-standard","hentry","category-mobilitaet","category-senioren","tag-fahrpreise-oepnv","tag-oepnv","tag-ticketpreise-oepnv","tag-verkehrsverbund-rhein-ruhr","tag-vrr","quellen-ag-60-plus-oberhausen"],"_links":{"self":[{"href":"https:\/\/meier-gerdingh.de\/wp-spd-ob\/wp-json\/wp\/v2\/posts\/13688","targetHints":{"allow":["GET"]}}],"collection":[{"href":"https:\/\/meier-gerdingh.de\/wp-spd-ob\/wp-json\/wp\/v2\/posts"}],"about":[{"href":"https:\/\/meier-gerdingh.de\/wp-spd-ob\/wp-json\/wp\/v2\/types\/post"}],"author":[{"embeddable":true,"href":"https:\/\/meier-gerdingh.de\/wp-spd-ob\/wp-json\/wp\/v2\/users\/1"}],"replies":[{"embeddable":true,"href":"https:\/\/meier-gerdingh.de\/wp-spd-ob\/wp-json\/wp\/v2\/comments?post=13688"}],"version-history":[{"count":0,"href":"https:\/\/meier-gerdingh.de\/wp-spd-ob\/wp-json\/wp\/v2\/posts\/13688\/revisions"}],"wp:attachment":[{"href":"https:\/\/meier-gerdingh.de\/wp-spd-ob\/wp-json\/wp\/v2\/media?parent=13688"}],"wp:term":[{"taxonomy":"category","embeddable":true,"href":"https:\/\/meier-gerdingh.de\/wp-spd-ob\/wp-json\/wp\/v2\/categories?post=13688"},{"taxonomy":"post_tag","embeddable":true,"href":"https:\/\/meier-gerdingh.de\/wp-spd-ob\/wp-json\/wp\/v2\/tags?post=13688"},{"taxonomy":"quellen","embeddable":true,"href":"https:\/\/meier-gerdingh.de\/wp-spd-ob\/wp-json\/wp\/v2\/quellen?post=13688"}],"curies":[{"name":"wp","href":"https:\/\/api.w.org\/{rel}","templated":true}]}}