{"id":13712,"date":"2026-07-16T13:05:42","date_gmt":"2026-07-16T11:05:42","guid":{"rendered":"https:\/\/meier-gerdingh.de\/wp-spd-ob\/?p=13712"},"modified":"2026-07-16T13:05:42","modified_gmt":"2026-07-16T11:05:42","slug":"jetzt-muss-gehandelt-werden-kinder-duerfen-nicht-laenger-verlierer-politischer-blockaden-sein","status":"publish","type":"post","link":"https:\/\/meier-gerdingh.de\/wp-spd-ob\/2026\/07\/16\/jetzt-muss-gehandelt-werden-kinder-duerfen-nicht-laenger-verlierer-politischer-blockaden-sein\/","title":{"rendered":"Jetzt muss gehandelt werden &#8211; Kinder d\u00fcrfen nicht l\u00e4nger Verlierer politischer Blockaden sein"},"content":{"rendered":"<div id=\"attachment_7690\" style=\"width: 170px\" class=\"wp-caption alignleft\"><a href=\"https:\/\/meier-gerdingh.de\/wp-spd-ob\/wp-content\/uploads\/2020\/11\/bongers-sonja-2020-lg.jpg\"><img aria-describedby=\"caption-attachment-7690\" decoding=\"async\" class=\"size-full wp-image-7690\" src=\"https:\/\/meier-gerdingh.de\/wp-spd-ob\/wp-content\/uploads\/2020\/11\/bongers-sonja-2020.jpg\" alt=\"\" width=\"160\" height=\"200\" \/><\/a><p id=\"caption-attachment-7690\" class=\"wp-caption-text\">Sonja Bongers ist Erste B\u00fcrgermeisterin der Stadt Oberhausen und Mitglied des Landtags von Nordrhein-Westfalen<\/p><\/div>\n<p>Die SPD-Landtagsabgeordnete und B\u00fcrgermeisterin der Stadt Oberhausen, Sonja Bongers hat sich daf\u00fcr ausgesprochen, unverz\u00fcglich zu einer sachlichen Debatte, um die neue Gesamtschule in Oberhausen zur\u00fcckzukehren. &#8222;Es muss allen Beteiligten klar sein, dass es nicht um das Durchsetzen ideologischer Positionen gehen sollte, sondern um die Zukunft von Kindern und Familien, die dringend auf ausreichende Schulpl\u00e4tze angewiesen sind. Die demokratischen Parteien in dieser Stadt sollten wie schon in der Vergangenheit verantwortungsvoll zusammenarbeiten. Als Demokratinnen und Demokraten in Oberhausen sind wir in der Lage tragf\u00e4hige Kompromisse zu finden&#8220;, sagte Bongers, in deren Wahlkreis die k\u00fcnftige Schule liegen wird.<!--more--><\/p>\n<h3 class=\"spd-ob-crossheading\">Moderationsprozess<\/h3>\n<p>Die SPD-Rechtsexpertin ist bereit, diesen Moderationsprozess zwischen den Beteiligten zu f\u00fchren. &#8222;Damit jetzt eine sachliche Entscheidung getroffen werden kann, m\u00fcssen alle relevanten Fakten offen auf den Tisch. Insbesondere die Kosten des Projekts m\u00fcssen transparent und nachvollziehbar dargestellt werden. Nur wenn Politik und \u00d6ffentlichkeit vollst\u00e4ndig informiert sind, k\u00f6nnen verantwortungsvolle Entscheidungen getroffen werden. Aus den Fehlern der Vergangenheit m\u00fcssen Konsequenzen gezogen werden. Gro\u00dfprojekte dieser Bedeutung d\u00fcrfen nicht an fehlender Kommunikation, parteipolitischen Interessen oder taktischen Man\u00f6vern scheitern. Wer ein Projekt ablehnt oder bremst, muss zugleich realistische Alternativen aufzeigen. Ein einfaches Nein schafft keinen einzigen zus\u00e4tzlichen Schulplatz&#8220;, so Bongers weiter.<\/p>\n<h3 class=\"spd-ob-crossheading\">Keine Verz\u00f6gerungen mehr<\/h3>\n<p>&#8222;Der steigende Bedarf an Schulpl\u00e4tzen ist seit Jahren bekannt. Im letzten Herbst wurde der Beschluss im Rat gefasst, dass die Verwaltung beauftragt wird, die Gr\u00fcndung einer neuen Schule, vorzubereiten. Umso unverst\u00e4ndlicher ist es, dass das Projekt nun ins Stocken geraten ist. Politik und Verwaltung stehen gemeinsam in der Verantwortung, schnell eine tragf\u00e4hige L\u00f6sung zu finden. Weitere Verz\u00f6gerungen kann sich Oberhausen nicht leisten.&#8220;<\/p>\n<h3 class=\"spd-ob-crossheading\">Lirich st\u00e4rken<\/h3>\n<p>Nach derzeitigem Stand wird ein Interimsstandort in Lirich an der Eschenstra\u00dfe im Geb\u00e4ude der ehemaligen Hauptschule als beste M\u00f6glichkeit betrachtet. &#8222;Mangels Alternativen ist das die beste und verantwortungsvollste L\u00f6sung. Gleichzeitig bietet sich damit die Chance, den Stadtteil nachhaltig zu st\u00e4rken. Lirich hat eine moderne, zukunftsf\u00e4hige Schule verdient. Der Bedarf an Schulpl\u00e4tzen im Oberhausener S\u00fcden ist unumstritten&#8220;, so Bongers abschlie\u00dfend.<\/p>\n","protected":false},"excerpt":{"rendered":"<p>Die SPD-Landtagsabgeordnete und B\u00fcrgermeisterin der Stadt Oberhausen, Sonja Bongers hat sich daf\u00fcr ausgesprochen, unverz\u00fcglich zu einer sachlichen Debatte, um die neue Gesamtschule in Oberhausen zur\u00fcckzukehren. &#8222;Es muss allen Beteiligten klar&hellip; <\/p>\n","protected":false},"author":1,"featured_media":0,"comment_status":"closed","ping_status":"closed","sticky":false,"template":"","format":"standard","meta":{"footnotes":""},"categories":[2],"tags":[4896,2457,214,183,2507,4895],"quellen":[1317],"class_list":["post-13712","post","type-post","status-publish","format-standard","hentry","category-schule","tag-eschenstrasse","tag-gesamtschulen","tag-hauptschule-lirich","tag-lirich","tag-neue-gesamtschule","tag-schulplaetze","quellen-mdl-sonja-bongers"],"_links":{"self":[{"href":"https:\/\/meier-gerdingh.de\/wp-spd-ob\/wp-json\/wp\/v2\/posts\/13712","targetHints":{"allow":["GET"]}}],"collection":[{"href":"https:\/\/meier-gerdingh.de\/wp-spd-ob\/wp-json\/wp\/v2\/posts"}],"about":[{"href":"https:\/\/meier-gerdingh.de\/wp-spd-ob\/wp-json\/wp\/v2\/types\/post"}],"author":[{"embeddable":true,"href":"https:\/\/meier-gerdingh.de\/wp-spd-ob\/wp-json\/wp\/v2\/users\/1"}],"replies":[{"embeddable":true,"href":"https:\/\/meier-gerdingh.de\/wp-spd-ob\/wp-json\/wp\/v2\/comments?post=13712"}],"version-history":[{"count":0,"href":"https:\/\/meier-gerdingh.de\/wp-spd-ob\/wp-json\/wp\/v2\/posts\/13712\/revisions"}],"wp:attachment":[{"href":"https:\/\/meier-gerdingh.de\/wp-spd-ob\/wp-json\/wp\/v2\/media?parent=13712"}],"wp:term":[{"taxonomy":"category","embeddable":true,"href":"https:\/\/meier-gerdingh.de\/wp-spd-ob\/wp-json\/wp\/v2\/categories?post=13712"},{"taxonomy":"post_tag","embeddable":true,"href":"https:\/\/meier-gerdingh.de\/wp-spd-ob\/wp-json\/wp\/v2\/tags?post=13712"},{"taxonomy":"quellen","embeddable":true,"href":"https:\/\/meier-gerdingh.de\/wp-spd-ob\/wp-json\/wp\/v2\/quellen?post=13712"}],"curies":[{"name":"wp","href":"https:\/\/api.w.org\/{rel}","templated":true}]}}