{"id":13721,"date":"2026-07-29T13:49:00","date_gmt":"2026-07-29T11:49:00","guid":{"rendered":"https:\/\/meier-gerdingh.de\/wp-spd-ob\/?p=13721"},"modified":"2026-07-29T13:49:00","modified_gmt":"2026-07-29T11:49:00","slug":"oberbuergermeister-thorsten-berg-zu-gast-bei-der-osterfelder-spd","status":"publish","type":"post","link":"https:\/\/meier-gerdingh.de\/wp-spd-ob\/2026\/07\/29\/oberbuergermeister-thorsten-berg-zu-gast-bei-der-osterfelder-spd\/","title":{"rendered":"Oberb\u00fcrgermeister Thorsten Berg zu Gast bei der Osterfelder SPD"},"content":{"rendered":"<div id=\"attachment_13714\" style=\"width: 710px\" class=\"wp-caption aligncenter\"><a href=\"https:\/\/meier-gerdingh.de\/wp-spd-ob\/wp-content\/uploads\/2026\/07\/ov-osterfeld-kloenabend-26-07-22-lg.jpg\"><img aria-describedby=\"caption-attachment-13714\" decoding=\"async\" class=\"size-full wp-image-13714\" src=\"https:\/\/meier-gerdingh.de\/wp-spd-ob\/wp-content\/uploads\/2026\/07\/ov-osterfeld-kloenabend-26-07-22.jpg\" alt=\"\" width=\"700\" height=\"382\" srcset=\"https:\/\/meier-gerdingh.de\/wp-spd-ob\/wp-content\/uploads\/2026\/07\/ov-osterfeld-kloenabend-26-07-22.jpg 700w, https:\/\/meier-gerdingh.de\/wp-spd-ob\/wp-content\/uploads\/2026\/07\/ov-osterfeld-kloenabend-26-07-22-300x164.jpg 300w\" sizes=\"(max-width: 700px) 100vw, 700px\" \/><\/a><p id=\"caption-attachment-13714\" class=\"wp-caption-text\">Oberb\u00fcrgermeister Thorsten Berg beim gut besuchten Kl\u00f6nabend der Osterfelder SPD<\/p><\/div>\n<p>Am 22. Juli durfte die SPD-Osterfeld im Restaurant Zur Antony-H\u00fctte den Oberb\u00fcrgermeister Thorsten Berg zu ihrem Kl\u00f6nabend begr\u00fc\u00dfen. Zahlreiche B\u00fcrgerinnen und B\u00fcrger nutzten die Gelegenheit, den Oberb\u00fcrgermeister pers\u00f6nlich kennenzulernen und sich aus erster Hand \u00fcber seine Arbeit zu informieren.<\/p>\n<p>In einer offenen und pers\u00f6nlichen Gespr\u00e4chsrunde berichtete Thorsten Berg \u00fcber seine ersten Zeit im Amt, die Herausforderungen des Starts als Oberb\u00fcrgermeister sowie die Themen und Projekte, die ihm f\u00fcr die Zukunft unserer Stadt besonders am Herzen liegen. Dabei gab er spannende Einblicke in seinen Arbeitsalltag und machte deutlich, wie wichtig ihm der direkte Austausch mit den Menschen in Oberhausen ist.<!--more--><\/p>\n<p>Im anschlie\u00dfenden Gespr\u00e4ch hatten alle Anwesenden die M\u00f6glichkeit, ihre Fragen, Anregungen und Anliegen einzubringen. Es entwickelte sich ein lebendiger und konstruktiver Dialog, der zeigte, wie wertvoll der pers\u00f6nliche Austausch zwischen Politik und B\u00fcrgerschaft ist. Genau solche Begegnungen sind ein wichtiger Bestandteil unserer politischen Arbeit vor Ort.<\/p>\n<p>Wir bedanken uns herzlich bei Oberb\u00fcrgermeister Thorsten Berg f\u00fcr seinen Besuch, die offenen Worte und die Zeit, die er sich f\u00fcr die Gespr\u00e4che genommen hat. Ebenso gilt unser Dank allen B\u00fcrgerinnen und B\u00fcrgern, die den Abend mit ihren Fragen und Beitr\u00e4gen bereichert haben. Es war ein informativer, gelungener und angenehmer Kl\u00f6nabend, der einmal mehr gezeigt hat, wie wichtig der direkte Dialog f\u00fcr eine lebendige Demokratie ist.<\/p>\n","protected":false},"excerpt":{"rendered":"<p>Am 22. Juli durfte die SPD-Osterfeld im Restaurant Zur Antony-H\u00fctte den Oberb\u00fcrgermeister Thorsten Berg zu ihrem Kl\u00f6nabend begr\u00fc\u00dfen. Zahlreiche B\u00fcrgerinnen und B\u00fcrger nutzten die Gelegenheit, den Oberb\u00fcrgermeister pers\u00f6nlich kennenzulernen und&hellip; <\/p>\n","protected":false},"author":1,"featured_media":0,"comment_status":"closed","ping_status":"closed","sticky":false,"template":"","format":"standard","meta":{"footnotes":""},"categories":[173,171],"tags":[3012,4898,938,41,4846,2323],"quellen":[339],"class_list":["post-13721","post","type-post","status-publish","format-standard","hentry","category-parteileben","category-veranstaltungen","tag-buergerdialog","tag-kloenabend","tag-oberbuergermeister","tag-osterfeld","tag-spd-oberbuergermeister","tag-thorsten-berg","quellen-ov-osterfeld"],"_links":{"self":[{"href":"https:\/\/meier-gerdingh.de\/wp-spd-ob\/wp-json\/wp\/v2\/posts\/13721","targetHints":{"allow":["GET"]}}],"collection":[{"href":"https:\/\/meier-gerdingh.de\/wp-spd-ob\/wp-json\/wp\/v2\/posts"}],"about":[{"href":"https:\/\/meier-gerdingh.de\/wp-spd-ob\/wp-json\/wp\/v2\/types\/post"}],"author":[{"embeddable":true,"href":"https:\/\/meier-gerdingh.de\/wp-spd-ob\/wp-json\/wp\/v2\/users\/1"}],"replies":[{"embeddable":true,"href":"https:\/\/meier-gerdingh.de\/wp-spd-ob\/wp-json\/wp\/v2\/comments?post=13721"}],"version-history":[{"count":0,"href":"https:\/\/meier-gerdingh.de\/wp-spd-ob\/wp-json\/wp\/v2\/posts\/13721\/revisions"}],"wp:attachment":[{"href":"https:\/\/meier-gerdingh.de\/wp-spd-ob\/wp-json\/wp\/v2\/media?parent=13721"}],"wp:term":[{"taxonomy":"category","embeddable":true,"href":"https:\/\/meier-gerdingh.de\/wp-spd-ob\/wp-json\/wp\/v2\/categories?post=13721"},{"taxonomy":"post_tag","embeddable":true,"href":"https:\/\/meier-gerdingh.de\/wp-spd-ob\/wp-json\/wp\/v2\/tags?post=13721"},{"taxonomy":"quellen","embeddable":true,"href":"https:\/\/meier-gerdingh.de\/wp-spd-ob\/wp-json\/wp\/v2\/quellen?post=13721"}],"curies":[{"name":"wp","href":"https:\/\/api.w.org\/{rel}","templated":true}]}}