{"id":13726,"date":"2026-08-02T12:45:20","date_gmt":"2026-08-02T10:45:20","guid":{"rendered":"https:\/\/meier-gerdingh.de\/wp-spd-ob\/?p=13726"},"modified":"2026-08-02T12:46:41","modified_gmt":"2026-08-02T10:46:41","slug":"sonja-bongers-laedt-zum-stadtteilspaziergang-durch-lirich-ein","status":"publish","type":"post","link":"https:\/\/meier-gerdingh.de\/wp-spd-ob\/2026\/08\/02\/sonja-bongers-laedt-zum-stadtteilspaziergang-durch-lirich-ein\/","title":{"rendered":"Sonja Bongers l\u00e4dt zum Stadtteil&shy;spaziergang durch Lirich ein"},"content":{"rendered":"<p><a href=\"https:\/\/meier-gerdingh.de\/wp-spd-ob\/wp-content\/uploads\/2026\/08\/ov-west-infostaende-2026-08-07.jpg\"><img decoding=\"async\" class=\"aligncenter size-full wp-image-13722\" src=\"https:\/\/meier-gerdingh.de\/wp-spd-ob\/wp-content\/uploads\/2026\/08\/ov-west-infostaende-2026-08-07.jpg\" alt=\"\" width=\"700\" height=\"875\" srcset=\"https:\/\/meier-gerdingh.de\/wp-spd-ob\/wp-content\/uploads\/2026\/08\/ov-west-infostaende-2026-08-07.jpg 700w, https:\/\/meier-gerdingh.de\/wp-spd-ob\/wp-content\/uploads\/2026\/08\/ov-west-infostaende-2026-08-07-240x300.jpg 240w\" sizes=\"(max-width: 700px) 100vw, 700px\" \/><\/a>Sonja Bongers und der SPD-Ortsverein Oberhausen-West laden alle interessierten B\u00fcrgerinnen und B\u00fcrger zum Stadtteilspaziergang durch Lirich ein.<\/p>\n<p>Am kommenden <strong>Freitag, 07.08.2026<\/strong>, geht es um <strong>14.00 Uhr<\/strong> los am BERO-Center, <strong>Gustavstra\u00dfe \/ Ecke Concordiastra\u00dfe<\/strong>. Durch den Altenbergpark und vorbei an der Baustelle der k\u00fcnftigen Polizeiwache ist der n\u00e4chste Treffpunkt um <strong>15.00 Uhr<\/strong> an der <strong>Duisburger Stra\u00dfe \/ Ecke Ruhrorter Stra\u00dfe<\/strong>.<!--more--><\/p>\n<p>Entlang der Strecke berichten die B\u00fcrgermeisterin und ihr Team von aktuellen Projekten f\u00fcr und in Lirich. \u00dcber die Rosenstra\u00dfe und entlang des Rhein-Herne-Kanals ist der dritte Treffpunkt um <strong>16.00 Uhr<\/strong> schlie\u00dflich am <strong>Concordiaplatz \/ Ecke Ulmenstra\u00dfe<\/strong>.<\/p>\n<p>Interessierte sind herzlich eingeladen, die ganze Strecke oder Teile davon mitzuspazieren und mit Sonja Bongers ins Gespr\u00e4ch zu kommen.<\/p>\n<p><div class='ajde_evcal_calendar eventon_single_event eventon_event evo_sin_box sev cev color esty_2' ><div class='evo-data'   data-ux_val='1' data-exturl='' data-mapscroll='true' data-mapformat='roadmap' data-mapzoom='16' ><\/div><div class='evo_cal_data' data-sc='{\"excerpt\":\"no\",\"expanded\":\"no\",\"ux_val\":1,\"exturl\":\"\",\"mapscroll\":\"true\",\"mapformat\":\"roadmap\",\"mapzoom\":\"16\",\"maps_load\":\"yes\"}'><\/div><div id='evcal_list' class='eventon_events_list '><div id=\"event_13723_0\" class=\"eventon_list_event evo_eventtop scheduled  event clrD no_et event_13723_0\" data-event_id=\"13723\" data-ri=\"0r\" data-time=\"1786111200-1786147140\" data-colr=\"#e30615\" itemscope itemtype='http:\/\/schema.org\/Event'><div class=\"evo_event_schema\" style=\"display:none\" ><a itemprop='url'  href='https:\/\/meier-gerdingh.de\/wp-spd-ob\/termine\/ov-west-1-station-des-stadtteilspaziergangs-durch-lirich\/'><\/a><meta itemprop='image'  \/><meta itemprop='startDate' content=\"2026-8-7T14:00+2:00\" \/><meta itemprop='endDate' content=\"2026-8-7T23:59+2:00\" \/><meta itemprop='eventStatus' content=\"https:\/\/schema.org\/EventScheduled\" \/><item style=\"display:none\" itemprop=\"location\" itemscope itemtype=\"http:\/\/schema.org\/Place\"><span itemprop=\"name\">Concordiastra\u00dfe, Ecke Gustavstra\u00dfe<\/span><span itemprop=\"address\" itemscope itemtype=\"http:\/\/schema.org\/PostalAddress\"><item itemprop=\"streetAddress\">Concordiastr., 46049 Oberhausen<\/item><\/span><\/item><item style=\"display:none\" itemprop=\"eventAttendanceMode\" itemscope itemtype=\"https:\/\/schema.org\/OfflineEventAttendanceMode\"><\/item><script type=\"application\/ld+json\">{\"@context\": \"http:\/\/schema.org\",\"@type\": \"Event\",\n\t\t\t\t\"@id\": \"event_13723_0\",\n\t\t\t\t\"eventAttendanceMode\":\"https:\/\/schema.org\/OfflineEventAttendanceMode\",\n\t\t\t\t\"eventStatus\":\"https:\/\/schema.org\/EventScheduled\",\n\t\t\t\t\"name\": \"OV West: 1. Station des Stadtteil&amp;shy;spaziergangs durch Lirich\",\n\t\t\t\t\"url\": \"https:\/\/meier-gerdingh.de\/wp-spd-ob\/termine\/ov-west-1-station-des-stadtteilspaziergangs-durch-lirich\/\",\n\t\t\t\t\"startDate\": \"2026-8-7T14:00+2:00\",\n\t\t\t\t\"endDate\": \"2026-8-7T23:59+2:00\",\n\t\t\t\t\"image\":\"\", \n\t\t\t\t\"description\":\"'OV West: 1. Station des Stadtteil&shy;spaziergangs durch Lirich'\",\"location\":[{\"@type\":\"Place\",\"name\":\"Concordiastra\u00dfe, Ecke Gustavstra\u00dfe\",\"address\":{\"@type\": \"PostalAddress\",\"streetAddress\":\"Concordiastr., 46049 Oberhausen\"}}]}<\/script><\/div>\r\n\t\t\t\t<p class=\"desc_trig_outter\" style=\"\"><a data-gmtrig=\"1\" data-exlk=\"0\" style=\"background-color: #e30615;\" id=\"evc_178611120013723\" class=\"desc_trig evo_ov-west evo_spd-unterbezirk-oberhausen sin_val evcal_list_a\" data-ux_val=\"1\" data-ux_val_mob=\"-\"  ><span class='evoet_c2 evoet_cx '><span class='evoet_dayblock evcal_cblock ' data-bgcolor='#e30615' data-smon='August' data-syr='2026' data-bub=''><span class='evo_start '><em class='day'>Fr<\/em><em class='date'>07<\/em><em class='month'>Aug<\/em><em class='time'>14:00<\/em><\/span><\/span><\/span><span class='evoet_c3 evoet_cx evcal_desc'><span class='evoet_title evcal_desc2 evcal_event_title' itemprop='name'>OV West: 1. Station des Stadtteil&shy;spaziergangs durch Lirich<\/span><span class='event_location_attrs'  data-location_address=\"Concordiastr., 46049 Oberhausen\" data-location_type=\"lonlat\" data-location_name=\"Concordiastra\u00dfe, Ecke Gustavstra\u00dfe\" data-location_url=\"https:\/\/meier-gerdingh.de\/wp-spd-ob\/event-location\/concordiastrasse-ecke-gustavstrasse\/\" data-location_status=\"true\" data-latlng=\"51.4765704204307,6.842401895814889\"><\/span><span class='evoet_subtitle evo_below_title'><\/span><span class='evoet_time_expand level_3'><em class='evcal_time evo_tz_time'><i class='fa fa-clock-o'><\/i>14:00 Uhr<\/em> <\/span><span class='evoet_location level_3'><em class=\"evcal_location\"  data-latlng=\"51.4765704204307,6.842401895814889\" data-add_str=\"\" data-n=\"Concordiastra\u00dfe, Ecke Gustavstra\u00dfe\"><i class=\"fa fa-location-pin\"><\/i><em class=\"event_location_name\">Concordiastra\u00dfe, Ecke Gustavstra\u00dfe<\/em><\/em><\/span><span class='evoet_eventtypes level_4 evcal_event_types ett2'><em><i>Veranstalter: <\/i><\/em><em data-filter='event_type' data-v='OV West' data-id='611' class='evoetet_val evoet_dataval'>OV West,<\/em><em data-filter='event_type' data-v='SPD-Unterbezirk Oberhausen' data-id='508' class='evoetet_val evoet_dataval'>SPD-Unterbezirk Oberhausen<\/em><\/span><\/span><span class='evoet_data' data-d=\"{&quot;loc.n&quot;:&quot;Concordiastra\\u00dfe, Ecke Gustavstra\\u00dfe&quot;,&quot;orgs&quot;:[],&quot;tags&quot;:[]}\" data-bgc=\"#e30615\" data-bggrad=\"\" ><\/span><\/a><\/p><div class=\"event_description evcal_eventcard evo_ov-west evo_spd-unterbezirk-oberhausen \" style=\"display:none\"><div class='evocard_row bx2 bx'><div id='event_time' class='evocard_box time' data-c='' \n\t\t\t\t\tstyle=''><div class='evo_metarow_time evorow evcal_evdata_row evcal_evrow_sm '>\n\t\t<span class='evcal_evdata_icons'><i class='fa fa-clock-o'><\/i><\/span>\n\t\t<div class='evcal_evdata_cell'>\t\t\t\t\t\t\t\n\t\t\t<h3 class='evo_h3'><span class='evcal_evdata_icons'><i class='fa fa-clock-o'><\/i><\/span>Datum:<\/h3><p><span class='evo_eventcard_time_t'>7. August 2026 14:00 Uhr<\/span><\/p>\n\t\t<\/div>\n\t<\/div><\/div><div id='event_location' class='evocard_box location' data-c='' \n\t\t\t\t\tstyle=''><div class='evcal_evdata_row evo_metarow_time_location evorow '>\n\t\t\n\t\t\t<span class='evcal_evdata_icons'><i class='fa fa-map-marker'><\/i><\/span>\n\t\t\t<div class='evcal_evdata_cell' data-loc_tax_id='4899'><h3 class='evo_h3 evodfx'><span class='evcal_evdata_icons'><i class='fa fa-map-marker'><\/i><\/span>Ort:<\/h3><p class='evo_location_name'>Concordiastra\u00dfe, Ecke Gustavstra\u00dfe<\/p><p class='evo_location_address'>Concordiastr., 46049 Oberhausen<\/p><div class='padt10'><span class='evo_btn_arr evolb_trigger' data-lbvals=\"{&quot;lbc&quot;:&quot;evo_location_lb_4899&quot;,&quot;lbac&quot;:&quot;lb_max&quot;,&quot;t&quot;:&quot;Concordiastra\\u00dfe, Ecke Gustavstra\\u00dfe&quot;,&quot;ajax&quot;:&quot;yes&quot;,&quot;ajax_type&quot;:&quot;endpoint&quot;,&quot;ajax_action&quot;:&quot;eventon_get_tax_card_content&quot;,&quot;end&quot;:&quot;client&quot;,&quot;d&quot;:{&quot;lang&quot;:&quot;L1&quot;,&quot;term_id&quot;:4899,&quot;tax&quot;:&quot;event_location&quot;,&quot;load_lbcontent&quot;:true}}\" >Andere Ereignisse<i class='fa fa-chevron-right'><\/i><\/span><\/div><\/div>\n\t\t\n\t<\/div><\/div><\/div><div class='evocard_row'><div id='event_addtocal' class='evocard_box addtocal' data-c='' \n\t\t\t\t\tstyle=''><div class='evo_metarow_ICS evorow evcal_evdata_row'>\n\t\t\t\t\t\t\t\t\t<span class='evcal_evdata_icons'><i class='fa fa-calendar-o'><\/i><\/span>\n\t\t\t\t\t\t\t\t\t<div class='evcal_evdata_cell'>\n\t\t\t\t\t\t\t\t\t\t<p><a href='https:\/\/meier-gerdingh.de\/wp-spd-ob\/wp-admin\/admin-ajax.php?action=eventon_ics_download&event_id=13723&ri=0&nonce=385efb02ca' class='evo_ics_nCal' title='Zum Kalender hinzuf\u00fcgen'>Kalender<\/a><a href='\/\/www.google.com\/calendar\/event?action=TEMPLATE&amp;text=OV+West%3A+1.+Station+des+Stadtteil%26shy%3Bspaziergangs+durch+Lirich&amp;dates=20260807T140000Z\/20260807T235900Z&amp;ctz=UTC&amp;details=OV+West%3A+1.+Station+des+Stadtteil%26shy%3Bspaziergangs+durch+Lirich&amp;location=Concordiastra%C3%9Fe%2C+Ecke+Gustavstra%C3%9FeConcordiastr.%2C+46049+Oberhausen' target='_blank' class='evo_ics_gCal' title='Zum Google-Kalender hinzuf\u00fcgen'>Google-Kalender<\/a><\/p>\t\n\t\t\t\t\t\t\t\t\t<\/div>\n\t\t\t\t\t\t\t\t<\/div><\/div><\/div><div class='evocard_row'><div id='event_gmap' class='evocard_box gmap' data-c='' \n\t\t\t\t\tstyle=''><div class='evo_metarow_gmap evcal_evdata_row evorow evcal_gmaps evc17861112006a9b5495a4a2813723_gmap place' id='evc17861112006a9b5495a4a2813723_gmap' style='max-width:none' data-address=\"Concordiastr., 46049 Oberhausen\" data-latlng=\"51.4765704204307,6.842401895814889\" data-location_type=\"place\" data-scroll=\"yes\" data-mty=\"roadmap\" data-zoom=\"16\" data-mapIcon=\"\" data-delay=\"400\" data-map_canvas_id=\"evc17861112006a9b5495a4a2813723_gmap\" >\n\t\t<span class='evo_map_load_out evoposr evodb evobr15'>\n\t\t<i class='fa fa-map-marker evoposa'><\/i><span class='evo_map_load evoposr evodb'>\t\t\t\t\t\n\t\t\t\t\t<i class='a'><\/i>\n\t\t\t\t\t<i class='b'><\/i>\n\t\t\t\t\t<i class='c'><\/i>\n\t\t\t\t\t<i class='d'><\/i>\n\t\t\t\t\t<i class='e'><\/i>\n\t\t\t\t\t<i class='f'><\/i>\n\t\t\t\t<\/span><\/span><\/div><\/div><\/div><div class='evocard_row'><div id='event_getdirection' class='evocard_box getdirection' data-c='' \n\t\t\t\t\tstyle=''><div class='evo_metarow_getDr evorow evcal_evdata_row evcal_evrow_sm getdirections'>\n\t\t<form action='https:\/\/maps.google.com\/maps' method='get' target='_blank'>\n\t\t\t<input type='hidden' name='daddr' value=\"Concordiastr., 46049 Oberhausen\"\/> \n\t\t\t<div class='evo_get_direction_content evo_fx_dr_r evogap10'>\n\t\t\t\t<span class='evogetdir_header evodfx evofx_dr_r evofx_ai_c marr10'>\n\t\t\t\t\t<i class='mainicon fa fa-road'><\/i> \n\t\t\t\t\t<h3 class='evo_h3' style='padding-bottom:5px;'>Routenplaner<\/h3>\n\t\t\t\t<\/span>\n\t\t\t\t<span class='evogetdir_field evodfx evofx_1_1 evo_fx_dr_c evow100p'>\t\t\t\t\t\n\t\t\t\t\t<input class='evoInput evotac' type='text' name='saddr' placeholder='Geben Sie Ihre Adresse ein' value='' style='margin:10px 0;'\/>\n\t\t\t\t<\/span>\n\t\t\t\t<button type='submit' class='evo_get_direction_button evo_btn_arr_circ dfx fx_ai_c' title='Hier klicken f\u00fcr Route'><i class='fa fa-chevron-right'><\/i> <\/button>\n\t\t\t<\/div>\n\t\t<\/form>\n\t<\/div><\/div><\/div><div class='evocard_row'><div id='event_evosocial' class='evocard_box evosocial' data-c='' \n\t\t\t\t\tstyle=''><div class='evo_metarow_socialmedia evcal_evdata_row '><div class='evo_sm FacebookShare'><a class=\" evo_ss\" target=\"_blank\" onclick=\"javascript:window.open(this.href, '', 'left=50,top=50,width=600,height=350,toolbar=0');return false;\"\r\n\t\t\t\t\t\thref=\"\/\/www.facebook.com\/sharer.php?u=https%3A%2F%2Fmeier-gerdingh.de%2Fwp-spd-ob%2Ftermine%2Fov-west-1-station-des-stadtteilspaziergangs-durch-lirich%2F\" title=\"Auf Facebook teilen\"><i class=\"fa fab fa-facebook\"><\/i><\/a><\/div><div class='evo_sm Twitter'><a class=\"tw evo_ss\" onclick=\"javascript:window.open(this.href, '', 'menubar=no,toolbar=no,resizable=yes,scrollbars=yes,height=300,width=600');return false;\" href=\"\/\/twitter.com\/intent\/tweet?text=OV West: 1. Station des Stadtteil&shy;spaziergangs durch Lirich&#32;-&#32;&url=https%3A%2F%2Fmeier-gerdingh.de%2Fwp-spd-ob%2Ftermine%2Fov-west-1-station-des-stadtteilspaziergangs-durch-lirich%2F\" title=\"Auf X teilen\" rel=\"nofollow\" target=\"_blank\" data-url=\"https%3A%2F%2Fmeier-gerdingh.de%2Fwp-spd-ob%2Ftermine%2Fov-west-1-station-des-stadtteilspaziergangs-durch-lirich%2F\"><i class=\"fa fab fa-x-twitter\"><\/i><\/a><\/div><div class='evo_sm LinkedIn'><a class=\"li evo_ss\" href=\"\/\/www.linkedin.com\/shareArticle?mini=true&url=https%3A%2F%2Fmeier-gerdingh.de%2Fwp-spd-ob%2Ftermine%2Fov-west-1-station-des-stadtteilspaziergangs-durch-lirich%2F&title=OV%20West%3A%201.%20Station%20des%20Stadtteil%26shy%3Bspaziergangs%20durch%20Lirich&summary=--\" target=\"_blank\" title=\"Auf Linkedin teilen\"><i class=\"fa fab fa-linkedin\"><\/i><\/a><\/div><div class='evo_sm Whatsapp'><a class=\"wa evo_ss\" href=\"https:\/\/api.whatsapp.com\/send?text=https%3A%2F%2Fmeier-gerdingh.de%2Fwp-spd-ob%2Ftermine%2Fov-west-1-station-des-stadtteilspaziergangs-durch-lirich%2F\"\r\n\t\t\t\t        data-action=\"share\/whatsapp\/share\" target=\"_blank\" title=\"Auf WhatsApp teilen\"><i class=\"fa fab fa-whatsapp\"><\/i><\/a><\/div><div class='evo_sm EmailShare'><a class=\"em evo_ss\" href=\"mailto:?subject=OV%20West%3A%201.%20Station%20des%20Stadtteil%26shy%3Bspaziergangs%20durch%20Lirich&body=Event Name: OV%20West%3A%201.%20Station%20des%20Stadtteil%26shy%3Bspaziergangs%20durch%20Lirich%0AEvent Date: 7. August 2026 14:00%0ALink: https%3A%2F%2Fmeier-gerdingh.de%2Fwp-spd-ob%2Ftermine%2Fov-west-1-station-des-stadtteilspaziergangs-durch-lirich%2F%0A\" target=\"_blank\"><i class=\"fa fa-envelope\"><\/i><\/a><\/div><\/div><\/div><\/div><div class='evo_card_row_end evcal_close' title='Schlie\u00dfen'><\/div><\/div><div class='clear end'><\/div><\/div><\/div><\/div><br \/>\n<div class='ajde_evcal_calendar eventon_single_event eventon_event evo_sin_box sev cev color esty_2' ><div class='evo-data'   data-ux_val='1' data-exturl='' data-mapscroll='true' data-mapformat='roadmap' data-mapzoom='16' ><\/div><div class='evo_cal_data' data-sc='{\"excerpt\":\"no\",\"expanded\":\"no\",\"ux_val\":1,\"exturl\":\"\",\"mapscroll\":\"true\",\"mapformat\":\"roadmap\",\"mapzoom\":\"16\",\"maps_load\":\"yes\"}'><\/div><div id='evcal_list' class='eventon_events_list '><div id=\"event_13724_0\" class=\"eventon_list_event evo_eventtop scheduled  event clrD no_et event_13724_0\" data-event_id=\"13724\" data-ri=\"0r\" data-time=\"1786114800-1786147140\" data-colr=\"#e30615\" itemscope itemtype='http:\/\/schema.org\/Event'><div class=\"evo_event_schema\" style=\"display:none\" ><a itemprop='url'  href='https:\/\/meier-gerdingh.de\/wp-spd-ob\/termine\/ov-west-2-station-des-stadtteilspaziergangs-durch-lirich\/'><\/a><meta itemprop='image'  \/><meta itemprop='startDate' content=\"2026-8-7T15:00+2:00\" \/><meta itemprop='endDate' content=\"2026-8-7T23:59+2:00\" \/><meta itemprop='eventStatus' content=\"https:\/\/schema.org\/EventScheduled\" \/><item style=\"display:none\" itemprop=\"location\" itemscope itemtype=\"http:\/\/schema.org\/Place\"><span itemprop=\"name\">Duisburger Str., Ecke Ruhrorter Str.<\/span><span itemprop=\"address\" itemscope itemtype=\"http:\/\/schema.org\/PostalAddress\"><item itemprop=\"streetAddress\">Duisburger Str. 331, 46049 Oberhausen<\/item><\/span><\/item><item style=\"display:none\" itemprop=\"eventAttendanceMode\" itemscope itemtype=\"https:\/\/schema.org\/OfflineEventAttendanceMode\"><\/item><script type=\"application\/ld+json\">{\"@context\": \"http:\/\/schema.org\",\"@type\": \"Event\",\n\t\t\t\t\"@id\": \"event_13724_0\",\n\t\t\t\t\"eventAttendanceMode\":\"https:\/\/schema.org\/OfflineEventAttendanceMode\",\n\t\t\t\t\"eventStatus\":\"https:\/\/schema.org\/EventScheduled\",\n\t\t\t\t\"name\": \"OV West: 2. Station des Stadtteil&amp;shy;spaziergangs durch Lirich\",\n\t\t\t\t\"url\": \"https:\/\/meier-gerdingh.de\/wp-spd-ob\/termine\/ov-west-2-station-des-stadtteilspaziergangs-durch-lirich\/\",\n\t\t\t\t\"startDate\": \"2026-8-7T15:00+2:00\",\n\t\t\t\t\"endDate\": \"2026-8-7T23:59+2:00\",\n\t\t\t\t\"image\":\"\", \n\t\t\t\t\"description\":\"'OV West: 2. Station des Stadtteil&shy;spaziergangs durch Lirich'\",\"location\":[{\"@type\":\"Place\",\"name\":\"Duisburger Str., Ecke Ruhrorter Str.\",\"address\":{\"@type\": \"PostalAddress\",\"streetAddress\":\"Duisburger Str. 331, 46049 Oberhausen\"}}]}<\/script><\/div>\r\n\t\t\t\t<p class=\"desc_trig_outter\" style=\"\"><a data-gmtrig=\"1\" data-exlk=\"0\" style=\"background-color: #e30615;\" id=\"evc_178611480013724\" class=\"desc_trig evo_ov-west evo_spd-unterbezirk-oberhausen sin_val evcal_list_a\" data-ux_val=\"1\" data-ux_val_mob=\"-\"  ><span class='evoet_c2 evoet_cx '><span class='evoet_dayblock evcal_cblock ' data-bgcolor='#e30615' data-smon='August' data-syr='2026' data-bub=''><span class='evo_start '><em class='day'>Fr<\/em><em class='date'>07<\/em><em class='month'>Aug<\/em><em class='time'>15:00<\/em><\/span><\/span><\/span><span class='evoet_c3 evoet_cx evcal_desc'><span class='evoet_title evcal_desc2 evcal_event_title' itemprop='name'>OV West: 2. Station des Stadtteil&shy;spaziergangs durch Lirich<\/span><span class='event_location_attrs'  data-location_address=\"Duisburger Str. 331, 46049 Oberhausen\" data-location_type=\"lonlat\" data-location_name=\"Duisburger Str., Ecke Ruhrorter Str.\" data-location_url=\"https:\/\/meier-gerdingh.de\/wp-spd-ob\/event-location\/duisburger-str-ecke-ruhrorter-str\/\" data-location_status=\"true\" data-latlng=\"51.475888841339696,6.8350252827872815\"><\/span><span class='evoet_subtitle evo_below_title'><\/span><span class='evoet_time_expand level_3'><em class='evcal_time evo_tz_time'><i class='fa fa-clock-o'><\/i>15:00 Uhr<\/em> <\/span><span class='evoet_location level_3'><em class=\"evcal_location\"  data-latlng=\"51.475888841339696,6.8350252827872815\" data-add_str=\"\" data-n=\"Duisburger Str., Ecke Ruhrorter Str.\"><i class=\"fa fa-location-pin\"><\/i><em class=\"event_location_name\">Duisburger Str., Ecke Ruhrorter Str.<\/em><\/em><\/span><span class='evoet_eventtypes level_4 evcal_event_types ett2'><em><i>Veranstalter: <\/i><\/em><em data-filter='event_type' data-v='OV West' data-id='611' class='evoetet_val evoet_dataval'>OV West,<\/em><em data-filter='event_type' data-v='SPD-Unterbezirk Oberhausen' data-id='508' class='evoetet_val evoet_dataval'>SPD-Unterbezirk Oberhausen<\/em><\/span><\/span><span class='evoet_data' data-d=\"{&quot;loc.n&quot;:&quot;Duisburger Str., Ecke Ruhrorter Str.&quot;,&quot;orgs&quot;:[],&quot;tags&quot;:[]}\" data-bgc=\"#e30615\" data-bggrad=\"\" ><\/span><\/a><\/p><div class=\"event_description evcal_eventcard evo_ov-west evo_spd-unterbezirk-oberhausen \" style=\"display:none\"><div class='evocard_row bx2 bx'><div id='event_time' class='evocard_box time' data-c='' \n\t\t\t\t\tstyle=''><div class='evo_metarow_time evorow evcal_evdata_row evcal_evrow_sm '>\n\t\t<span class='evcal_evdata_icons'><i class='fa fa-clock-o'><\/i><\/span>\n\t\t<div class='evcal_evdata_cell'>\t\t\t\t\t\t\t\n\t\t\t<h3 class='evo_h3'><span class='evcal_evdata_icons'><i class='fa fa-clock-o'><\/i><\/span>Datum:<\/h3><p><span class='evo_eventcard_time_t'>7. August 2026 15:00 Uhr<\/span><\/p>\n\t\t<\/div>\n\t<\/div><\/div><div id='event_location' class='evocard_box location' data-c='' \n\t\t\t\t\tstyle=''><div class='evcal_evdata_row evo_metarow_time_location evorow '>\n\t\t\n\t\t\t<span class='evcal_evdata_icons'><i class='fa fa-map-marker'><\/i><\/span>\n\t\t\t<div class='evcal_evdata_cell' data-loc_tax_id='4048'><h3 class='evo_h3 evodfx'><span class='evcal_evdata_icons'><i class='fa fa-map-marker'><\/i><\/span>Ort:<\/h3><p class='evo_location_name'>Duisburger Str., Ecke Ruhrorter Str.<\/p><p class='evo_location_address'>Duisburger Str. 331, 46049 Oberhausen<\/p><div class='padt10'><span class='evo_btn_arr evolb_trigger' data-lbvals=\"{&quot;lbc&quot;:&quot;evo_location_lb_4048&quot;,&quot;lbac&quot;:&quot;lb_max&quot;,&quot;t&quot;:&quot;Duisburger Str., Ecke Ruhrorter Str.&quot;,&quot;ajax&quot;:&quot;yes&quot;,&quot;ajax_type&quot;:&quot;endpoint&quot;,&quot;ajax_action&quot;:&quot;eventon_get_tax_card_content&quot;,&quot;end&quot;:&quot;client&quot;,&quot;d&quot;:{&quot;lang&quot;:&quot;L1&quot;,&quot;term_id&quot;:4048,&quot;tax&quot;:&quot;event_location&quot;,&quot;load_lbcontent&quot;:true}}\" >Andere Ereignisse<i class='fa fa-chevron-right'><\/i><\/span><\/div><\/div>\n\t\t\n\t<\/div><\/div><\/div><div class='evocard_row'><div id='event_addtocal' class='evocard_box addtocal' data-c='' \n\t\t\t\t\tstyle=''><div class='evo_metarow_ICS evorow evcal_evdata_row'>\n\t\t\t\t\t\t\t\t\t<span class='evcal_evdata_icons'><i class='fa fa-calendar-o'><\/i><\/span>\n\t\t\t\t\t\t\t\t\t<div class='evcal_evdata_cell'>\n\t\t\t\t\t\t\t\t\t\t<p><a href='https:\/\/meier-gerdingh.de\/wp-spd-ob\/wp-admin\/admin-ajax.php?action=eventon_ics_download&event_id=13724&ri=0&nonce=385efb02ca' class='evo_ics_nCal' title='Zum Kalender hinzuf\u00fcgen'>Kalender<\/a><a href='\/\/www.google.com\/calendar\/event?action=TEMPLATE&amp;text=OV+West%3A+2.+Station+des+Stadtteil%26shy%3Bspaziergangs+durch+Lirich&amp;dates=20260807T150000Z\/20260807T235900Z&amp;ctz=UTC&amp;details=OV+West%3A+2.+Station+des+Stadtteil%26shy%3Bspaziergangs+durch+Lirich&amp;location=Duisburger+Str.%2C+Ecke+Ruhrorter+Str.Duisburger+Str.+331%2C+46049+Oberhausen' target='_blank' class='evo_ics_gCal' title='Zum Google-Kalender hinzuf\u00fcgen'>Google-Kalender<\/a><\/p>\t\n\t\t\t\t\t\t\t\t\t<\/div>\n\t\t\t\t\t\t\t\t<\/div><\/div><\/div><div class='evocard_row'><div id='event_gmap' class='evocard_box gmap' data-c='' \n\t\t\t\t\tstyle=''><div class='evo_metarow_gmap evcal_evdata_row evorow evcal_gmaps evc17861148006a9b5495aa68a13724_gmap place' id='evc17861148006a9b5495aa68a13724_gmap' style='max-width:none' data-address=\"Duisburger Str. 331, 46049 Oberhausen\" data-latlng=\"51.475888841339696,6.8350252827872815\" data-location_type=\"place\" data-scroll=\"yes\" data-mty=\"roadmap\" data-zoom=\"16\" data-mapIcon=\"\" data-delay=\"400\" data-map_canvas_id=\"evc17861148006a9b5495aa68a13724_gmap\" >\n\t\t<span class='evo_map_load_out evoposr evodb evobr15'>\n\t\t<i class='fa fa-map-marker evoposa'><\/i><span class='evo_map_load evoposr evodb'>\t\t\t\t\t\n\t\t\t\t\t<i class='a'><\/i>\n\t\t\t\t\t<i class='b'><\/i>\n\t\t\t\t\t<i class='c'><\/i>\n\t\t\t\t\t<i class='d'><\/i>\n\t\t\t\t\t<i class='e'><\/i>\n\t\t\t\t\t<i class='f'><\/i>\n\t\t\t\t<\/span><\/span><\/div><\/div><\/div><div class='evocard_row'><div id='event_getdirection' class='evocard_box getdirection' data-c='' \n\t\t\t\t\tstyle=''><div class='evo_metarow_getDr evorow evcal_evdata_row evcal_evrow_sm getdirections'>\n\t\t<form action='https:\/\/maps.google.com\/maps' method='get' target='_blank'>\n\t\t\t<input type='hidden' name='daddr' value=\"Duisburger Str. 331, 46049 Oberhausen\"\/> \n\t\t\t<div class='evo_get_direction_content evo_fx_dr_r evogap10'>\n\t\t\t\t<span class='evogetdir_header evodfx evofx_dr_r evofx_ai_c marr10'>\n\t\t\t\t\t<i class='mainicon fa fa-road'><\/i> \n\t\t\t\t\t<h3 class='evo_h3' style='padding-bottom:5px;'>Routenplaner<\/h3>\n\t\t\t\t<\/span>\n\t\t\t\t<span class='evogetdir_field evodfx evofx_1_1 evo_fx_dr_c evow100p'>\t\t\t\t\t\n\t\t\t\t\t<input class='evoInput evotac' type='text' name='saddr' placeholder='Geben Sie Ihre Adresse ein' value='' style='margin:10px 0;'\/>\n\t\t\t\t<\/span>\n\t\t\t\t<button type='submit' class='evo_get_direction_button evo_btn_arr_circ dfx fx_ai_c' title='Hier klicken f\u00fcr Route'><i class='fa fa-chevron-right'><\/i> <\/button>\n\t\t\t<\/div>\n\t\t<\/form>\n\t<\/div><\/div><\/div><div class='evocard_row'><div id='event_evosocial' class='evocard_box evosocial' data-c='' \n\t\t\t\t\tstyle=''><div class='evo_metarow_socialmedia evcal_evdata_row '><div class='evo_sm FacebookShare'><a class=\" evo_ss\" target=\"_blank\" onclick=\"javascript:window.open(this.href, '', 'left=50,top=50,width=600,height=350,toolbar=0');return false;\"\r\n\t\t\t\t\t\thref=\"\/\/www.facebook.com\/sharer.php?u=https%3A%2F%2Fmeier-gerdingh.de%2Fwp-spd-ob%2Ftermine%2Fov-west-2-station-des-stadtteilspaziergangs-durch-lirich%2F\" title=\"Auf Facebook teilen\"><i class=\"fa fab fa-facebook\"><\/i><\/a><\/div><div class='evo_sm Twitter'><a class=\"tw evo_ss\" onclick=\"javascript:window.open(this.href, '', 'menubar=no,toolbar=no,resizable=yes,scrollbars=yes,height=300,width=600');return false;\" href=\"\/\/twitter.com\/intent\/tweet?text=OV West: 2. Station des Stadtteil&shy;spaziergangs durch Lirich&#32;-&#32;&url=https%3A%2F%2Fmeier-gerdingh.de%2Fwp-spd-ob%2Ftermine%2Fov-west-2-station-des-stadtteilspaziergangs-durch-lirich%2F\" title=\"Auf X teilen\" rel=\"nofollow\" target=\"_blank\" data-url=\"https%3A%2F%2Fmeier-gerdingh.de%2Fwp-spd-ob%2Ftermine%2Fov-west-2-station-des-stadtteilspaziergangs-durch-lirich%2F\"><i class=\"fa fab fa-x-twitter\"><\/i><\/a><\/div><div class='evo_sm LinkedIn'><a class=\"li evo_ss\" href=\"\/\/www.linkedin.com\/shareArticle?mini=true&url=https%3A%2F%2Fmeier-gerdingh.de%2Fwp-spd-ob%2Ftermine%2Fov-west-2-station-des-stadtteilspaziergangs-durch-lirich%2F&title=OV%20West%3A%202.%20Station%20des%20Stadtteil%26shy%3Bspaziergangs%20durch%20Lirich&summary=--\" target=\"_blank\" title=\"Auf Linkedin teilen\"><i class=\"fa fab fa-linkedin\"><\/i><\/a><\/div><div class='evo_sm Whatsapp'><a class=\"wa evo_ss\" href=\"https:\/\/api.whatsapp.com\/send?text=https%3A%2F%2Fmeier-gerdingh.de%2Fwp-spd-ob%2Ftermine%2Fov-west-2-station-des-stadtteilspaziergangs-durch-lirich%2F\"\r\n\t\t\t\t        data-action=\"share\/whatsapp\/share\" target=\"_blank\" title=\"Auf WhatsApp teilen\"><i class=\"fa fab fa-whatsapp\"><\/i><\/a><\/div><div class='evo_sm EmailShare'><a class=\"em evo_ss\" href=\"mailto:?subject=OV%20West%3A%202.%20Station%20des%20Stadtteil%26shy%3Bspaziergangs%20durch%20Lirich&body=Event Name: OV%20West%3A%202.%20Station%20des%20Stadtteil%26shy%3Bspaziergangs%20durch%20Lirich%0AEvent Date: 7. August 2026 15:00%0ALink: https%3A%2F%2Fmeier-gerdingh.de%2Fwp-spd-ob%2Ftermine%2Fov-west-2-station-des-stadtteilspaziergangs-durch-lirich%2F%0A\" target=\"_blank\"><i class=\"fa fa-envelope\"><\/i><\/a><\/div><\/div><\/div><\/div><div class='evo_card_row_end evcal_close' title='Schlie\u00dfen'><\/div><\/div><div class='clear end'><\/div><\/div><\/div><\/div><br \/>\n<div class='ajde_evcal_calendar eventon_single_event eventon_event evo_sin_box sev cev color esty_2' ><div class='evo-data'   data-ux_val='1' data-exturl='' data-mapscroll='true' data-mapformat='roadmap' data-mapzoom='16' ><\/div><div class='evo_cal_data' data-sc='{\"excerpt\":\"no\",\"expanded\":\"no\",\"ux_val\":1,\"exturl\":\"\",\"mapscroll\":\"true\",\"mapformat\":\"roadmap\",\"mapzoom\":\"16\",\"maps_load\":\"yes\"}'><\/div><div id='evcal_list' class='eventon_events_list '><div id=\"event_13725_0\" class=\"eventon_list_event evo_eventtop scheduled  event clrD no_et event_13725_0\" data-event_id=\"13725\" data-ri=\"0r\" data-time=\"1786118400-1786147140\" data-colr=\"#e30615\" itemscope itemtype='http:\/\/schema.org\/Event'><div class=\"evo_event_schema\" style=\"display:none\" ><a itemprop='url'  href='https:\/\/meier-gerdingh.de\/wp-spd-ob\/termine\/ov-west-3-station-des-stadtteilspaziergangs-durch-lirich\/'><\/a><meta itemprop='image'  \/><meta itemprop='startDate' content=\"2026-8-7T16:00+2:00\" \/><meta itemprop='endDate' content=\"2026-8-7T23:59+2:00\" \/><meta itemprop='eventStatus' content=\"https:\/\/schema.org\/EventScheduled\" \/><item style=\"display:none\" itemprop=\"location\" itemscope itemtype=\"http:\/\/schema.org\/Place\"><span itemprop=\"name\">Concordiaplatz, Ecke Ulmenstr.<\/span><span itemprop=\"address\" itemscope itemtype=\"http:\/\/schema.org\/PostalAddress\"><item itemprop=\"streetAddress\">Concordiaplatz, 46049 Oberhausen<\/item><\/span><\/item><item style=\"display:none\" itemprop=\"eventAttendanceMode\" itemscope itemtype=\"https:\/\/schema.org\/OfflineEventAttendanceMode\"><\/item><script type=\"application\/ld+json\">{\"@context\": \"http:\/\/schema.org\",\"@type\": \"Event\",\n\t\t\t\t\"@id\": \"event_13725_0\",\n\t\t\t\t\"eventAttendanceMode\":\"https:\/\/schema.org\/OfflineEventAttendanceMode\",\n\t\t\t\t\"eventStatus\":\"https:\/\/schema.org\/EventScheduled\",\n\t\t\t\t\"name\": \"OV West: 3. Station des Stadtteil&amp;shy;spaziergangs durch Lirich\",\n\t\t\t\t\"url\": \"https:\/\/meier-gerdingh.de\/wp-spd-ob\/termine\/ov-west-3-station-des-stadtteilspaziergangs-durch-lirich\/\",\n\t\t\t\t\"startDate\": \"2026-8-7T16:00+2:00\",\n\t\t\t\t\"endDate\": \"2026-8-7T23:59+2:00\",\n\t\t\t\t\"image\":\"\", \n\t\t\t\t\"description\":\"'OV West: 3. Station des Stadtteil&shy;spaziergangs durch Lirich'\",\"location\":[{\"@type\":\"Place\",\"name\":\"Concordiaplatz, Ecke Ulmenstr.\",\"address\":{\"@type\": \"PostalAddress\",\"streetAddress\":\"Concordiaplatz, 46049 Oberhausen\"}}]}<\/script><\/div>\r\n\t\t\t\t<p class=\"desc_trig_outter\" style=\"\"><a data-gmtrig=\"1\" data-exlk=\"0\" style=\"background-color: #e30615;\" id=\"evc_178611840013725\" class=\"desc_trig evo_ov-west evo_spd-unterbezirk-oberhausen sin_val evcal_list_a\" data-ux_val=\"1\" data-ux_val_mob=\"-\"  ><span class='evoet_c2 evoet_cx '><span class='evoet_dayblock evcal_cblock ' data-bgcolor='#e30615' data-smon='August' data-syr='2026' data-bub=''><span class='evo_start '><em class='day'>Fr<\/em><em class='date'>07<\/em><em class='month'>Aug<\/em><em class='time'>16:00<\/em><\/span><\/span><\/span><span class='evoet_c3 evoet_cx evcal_desc'><span class='evoet_title evcal_desc2 evcal_event_title' itemprop='name'>OV West: 3. Station des Stadtteil&shy;spaziergangs durch Lirich<\/span><span class='event_location_attrs'  data-location_address=\"Concordiaplatz, 46049 Oberhausen\" data-location_type=\"lonlat\" data-location_name=\"Concordiaplatz, Ecke Ulmenstr.\" data-location_url=\"https:\/\/meier-gerdingh.de\/wp-spd-ob\/event-location\/concordiaplatz-ecke-ulmenstr\/\" data-location_status=\"true\" data-latlng=\"51.48272667003195,6.827641039307756\"><\/span><span class='evoet_subtitle evo_below_title'><\/span><span class='evoet_time_expand level_3'><em class='evcal_time evo_tz_time'><i class='fa fa-clock-o'><\/i>16:00 Uhr<\/em> <\/span><span class='evoet_location level_3'><em class=\"evcal_location\"  data-latlng=\"51.48272667003195,6.827641039307756\" data-add_str=\"\" data-n=\"Concordiaplatz, Ecke Ulmenstr.\"><i class=\"fa fa-location-pin\"><\/i><em class=\"event_location_name\">Concordiaplatz, Ecke Ulmenstr.<\/em><\/em><\/span><span class='evoet_eventtypes level_4 evcal_event_types ett2'><em><i>Veranstalter: <\/i><\/em><em data-filter='event_type' data-v='OV West' data-id='611' class='evoetet_val evoet_dataval'>OV West,<\/em><em data-filter='event_type' data-v='SPD-Unterbezirk Oberhausen' data-id='508' class='evoetet_val evoet_dataval'>SPD-Unterbezirk Oberhausen<\/em><\/span><\/span><span class='evoet_data' data-d=\"{&quot;loc.n&quot;:&quot;Concordiaplatz, Ecke Ulmenstr.&quot;,&quot;orgs&quot;:[],&quot;tags&quot;:[]}\" data-bgc=\"#e30615\" data-bggrad=\"\" ><\/span><\/a><\/p><div class=\"event_description evcal_eventcard evo_ov-west evo_spd-unterbezirk-oberhausen \" style=\"display:none\"><div class='evocard_row bx2 bx'><div id='event_time' class='evocard_box time' data-c='' \n\t\t\t\t\tstyle=''><div class='evo_metarow_time evorow evcal_evdata_row evcal_evrow_sm '>\n\t\t<span class='evcal_evdata_icons'><i class='fa fa-clock-o'><\/i><\/span>\n\t\t<div class='evcal_evdata_cell'>\t\t\t\t\t\t\t\n\t\t\t<h3 class='evo_h3'><span class='evcal_evdata_icons'><i class='fa fa-clock-o'><\/i><\/span>Datum:<\/h3><p><span class='evo_eventcard_time_t'>7. August 2026 16:00 Uhr<\/span><\/p>\n\t\t<\/div>\n\t<\/div><\/div><div id='event_location' class='evocard_box location' data-c='' \n\t\t\t\t\tstyle=''><div class='evcal_evdata_row evo_metarow_time_location evorow '>\n\t\t\n\t\t\t<span class='evcal_evdata_icons'><i class='fa fa-map-marker'><\/i><\/span>\n\t\t\t<div class='evcal_evdata_cell' data-loc_tax_id='4756'><h3 class='evo_h3 evodfx'><span class='evcal_evdata_icons'><i class='fa fa-map-marker'><\/i><\/span>Ort:<\/h3><p class='evo_location_name'>Concordiaplatz, Ecke Ulmenstr.<\/p><p class='evo_location_address'>Concordiaplatz, 46049 Oberhausen<\/p><div class='padt10'><span class='evo_btn_arr evolb_trigger' data-lbvals=\"{&quot;lbc&quot;:&quot;evo_location_lb_4756&quot;,&quot;lbac&quot;:&quot;lb_max&quot;,&quot;t&quot;:&quot;Concordiaplatz, Ecke Ulmenstr.&quot;,&quot;ajax&quot;:&quot;yes&quot;,&quot;ajax_type&quot;:&quot;endpoint&quot;,&quot;ajax_action&quot;:&quot;eventon_get_tax_card_content&quot;,&quot;end&quot;:&quot;client&quot;,&quot;d&quot;:{&quot;lang&quot;:&quot;L1&quot;,&quot;term_id&quot;:4756,&quot;tax&quot;:&quot;event_location&quot;,&quot;load_lbcontent&quot;:true}}\" >Andere Ereignisse<i class='fa fa-chevron-right'><\/i><\/span><\/div><\/div>\n\t\t\n\t<\/div><\/div><\/div><div class='evocard_row'><div id='event_addtocal' class='evocard_box addtocal' data-c='' \n\t\t\t\t\tstyle=''><div class='evo_metarow_ICS evorow evcal_evdata_row'>\n\t\t\t\t\t\t\t\t\t<span class='evcal_evdata_icons'><i class='fa fa-calendar-o'><\/i><\/span>\n\t\t\t\t\t\t\t\t\t<div class='evcal_evdata_cell'>\n\t\t\t\t\t\t\t\t\t\t<p><a href='https:\/\/meier-gerdingh.de\/wp-spd-ob\/wp-admin\/admin-ajax.php?action=eventon_ics_download&event_id=13725&ri=0&nonce=385efb02ca' class='evo_ics_nCal' title='Zum Kalender hinzuf\u00fcgen'>Kalender<\/a><a href='\/\/www.google.com\/calendar\/event?action=TEMPLATE&amp;text=OV+West%3A+3.+Station+des+Stadtteil%26shy%3Bspaziergangs+durch+Lirich&amp;dates=20260807T160000Z\/20260807T235900Z&amp;ctz=UTC&amp;details=OV+West%3A+3.+Station+des+Stadtteil%26shy%3Bspaziergangs+durch+Lirich&amp;location=Concordiaplatz%2C+Ecke+Ulmenstr.Concordiaplatz%2C+46049+Oberhausen' target='_blank' class='evo_ics_gCal' title='Zum Google-Kalender hinzuf\u00fcgen'>Google-Kalender<\/a><\/p>\t\n\t\t\t\t\t\t\t\t\t<\/div>\n\t\t\t\t\t\t\t\t<\/div><\/div><\/div><div class='evocard_row'><div id='event_gmap' class='evocard_box gmap' data-c='' \n\t\t\t\t\tstyle=''><div class='evo_metarow_gmap evcal_evdata_row evorow evcal_gmaps evc17861184006a9b5495aefa513725_gmap place' id='evc17861184006a9b5495aefa513725_gmap' style='max-width:none' data-address=\"Concordiaplatz, 46049 Oberhausen\" data-latlng=\"51.48272667003195,6.827641039307756\" data-location_type=\"place\" data-scroll=\"yes\" data-mty=\"roadmap\" data-zoom=\"16\" data-mapIcon=\"\" data-delay=\"400\" data-map_canvas_id=\"evc17861184006a9b5495aefa513725_gmap\" >\n\t\t<span class='evo_map_load_out evoposr evodb evobr15'>\n\t\t<i class='fa fa-map-marker evoposa'><\/i><span class='evo_map_load evoposr evodb'>\t\t\t\t\t\n\t\t\t\t\t<i class='a'><\/i>\n\t\t\t\t\t<i class='b'><\/i>\n\t\t\t\t\t<i class='c'><\/i>\n\t\t\t\t\t<i class='d'><\/i>\n\t\t\t\t\t<i class='e'><\/i>\n\t\t\t\t\t<i class='f'><\/i>\n\t\t\t\t<\/span><\/span><\/div><\/div><\/div><div class='evocard_row'><div id='event_getdirection' class='evocard_box getdirection' data-c='' \n\t\t\t\t\tstyle=''><div class='evo_metarow_getDr evorow evcal_evdata_row evcal_evrow_sm getdirections'>\n\t\t<form action='https:\/\/maps.google.com\/maps' method='get' target='_blank'>\n\t\t\t<input type='hidden' name='daddr' value=\"Concordiaplatz, 46049 Oberhausen\"\/> \n\t\t\t<div class='evo_get_direction_content evo_fx_dr_r evogap10'>\n\t\t\t\t<span class='evogetdir_header evodfx evofx_dr_r evofx_ai_c marr10'>\n\t\t\t\t\t<i class='mainicon fa fa-road'><\/i> \n\t\t\t\t\t<h3 class='evo_h3' style='padding-bottom:5px;'>Routenplaner<\/h3>\n\t\t\t\t<\/span>\n\t\t\t\t<span class='evogetdir_field evodfx evofx_1_1 evo_fx_dr_c evow100p'>\t\t\t\t\t\n\t\t\t\t\t<input class='evoInput evotac' type='text' name='saddr' placeholder='Geben Sie Ihre Adresse ein' value='' style='margin:10px 0;'\/>\n\t\t\t\t<\/span>\n\t\t\t\t<button type='submit' class='evo_get_direction_button evo_btn_arr_circ dfx fx_ai_c' title='Hier klicken f\u00fcr Route'><i class='fa fa-chevron-right'><\/i> <\/button>\n\t\t\t<\/div>\n\t\t<\/form>\n\t<\/div><\/div><\/div><div class='evocard_row'><div id='event_evosocial' class='evocard_box evosocial' data-c='' \n\t\t\t\t\tstyle=''><div class='evo_metarow_socialmedia evcal_evdata_row '><div class='evo_sm FacebookShare'><a class=\" evo_ss\" target=\"_blank\" onclick=\"javascript:window.open(this.href, '', 'left=50,top=50,width=600,height=350,toolbar=0');return false;\"\r\n\t\t\t\t\t\thref=\"\/\/www.facebook.com\/sharer.php?u=https%3A%2F%2Fmeier-gerdingh.de%2Fwp-spd-ob%2Ftermine%2Fov-west-3-station-des-stadtteilspaziergangs-durch-lirich%2F\" title=\"Auf Facebook teilen\"><i class=\"fa fab fa-facebook\"><\/i><\/a><\/div><div class='evo_sm Twitter'><a class=\"tw evo_ss\" onclick=\"javascript:window.open(this.href, '', 'menubar=no,toolbar=no,resizable=yes,scrollbars=yes,height=300,width=600');return false;\" href=\"\/\/twitter.com\/intent\/tweet?text=OV West: 3. Station des Stadtteil&shy;spaziergangs durch Lirich&#32;-&#32;&url=https%3A%2F%2Fmeier-gerdingh.de%2Fwp-spd-ob%2Ftermine%2Fov-west-3-station-des-stadtteilspaziergangs-durch-lirich%2F\" title=\"Auf X teilen\" rel=\"nofollow\" target=\"_blank\" data-url=\"https%3A%2F%2Fmeier-gerdingh.de%2Fwp-spd-ob%2Ftermine%2Fov-west-3-station-des-stadtteilspaziergangs-durch-lirich%2F\"><i class=\"fa fab fa-x-twitter\"><\/i><\/a><\/div><div class='evo_sm LinkedIn'><a class=\"li evo_ss\" href=\"\/\/www.linkedin.com\/shareArticle?mini=true&url=https%3A%2F%2Fmeier-gerdingh.de%2Fwp-spd-ob%2Ftermine%2Fov-west-3-station-des-stadtteilspaziergangs-durch-lirich%2F&title=OV%20West%3A%203.%20Station%20des%20Stadtteil%26shy%3Bspaziergangs%20durch%20Lirich&summary=--\" target=\"_blank\" title=\"Auf Linkedin teilen\"><i class=\"fa fab fa-linkedin\"><\/i><\/a><\/div><div class='evo_sm Whatsapp'><a class=\"wa evo_ss\" href=\"https:\/\/api.whatsapp.com\/send?text=https%3A%2F%2Fmeier-gerdingh.de%2Fwp-spd-ob%2Ftermine%2Fov-west-3-station-des-stadtteilspaziergangs-durch-lirich%2F\"\r\n\t\t\t\t        data-action=\"share\/whatsapp\/share\" target=\"_blank\" title=\"Auf WhatsApp teilen\"><i class=\"fa fab fa-whatsapp\"><\/i><\/a><\/div><div class='evo_sm EmailShare'><a class=\"em evo_ss\" href=\"mailto:?subject=OV%20West%3A%203.%20Station%20des%20Stadtteil%26shy%3Bspaziergangs%20durch%20Lirich&body=Event Name: OV%20West%3A%203.%20Station%20des%20Stadtteil%26shy%3Bspaziergangs%20durch%20Lirich%0AEvent Date: 7. August 2026 16:00%0ALink: https%3A%2F%2Fmeier-gerdingh.de%2Fwp-spd-ob%2Ftermine%2Fov-west-3-station-des-stadtteilspaziergangs-durch-lirich%2F%0A\" target=\"_blank\"><i class=\"fa fa-envelope\"><\/i><\/a><\/div><\/div><\/div><\/div><div class='evo_card_row_end evcal_close' title='Schlie\u00dfen'><\/div><\/div><div class='clear end'><\/div><\/div><\/div><\/div><\/p>\n","protected":false},"excerpt":{"rendered":"<p>Sonja Bongers und der SPD-Ortsverein Oberhausen-West laden alle interessierten B\u00fcrgerinnen und B\u00fcrger zum Stadtteilspaziergang durch Lirich ein. Am kommenden Freitag, 07.08.2026, geht es um 14.00 Uhr los am BERO-Center, Gustavstra\u00dfe&hellip; <\/p>\n","protected":false},"author":1,"featured_media":0,"comment_status":"closed","ping_status":"closed","sticky":false,"template":"","format":"standard","meta":{"footnotes":""},"categories":[173,167,171],"tags":[3012,3503,3665,183,4900],"quellen":[335],"class_list":["post-13726","post","type-post","status-publish","format-standard","hentry","category-parteileben","category-stadtteile","category-veranstaltungen","tag-buergerdialog","tag-buergergespraech","tag-dialogtour","tag-lirich","tag-stadtteilspaziergang","quellen-ov-west"],"_links":{"self":[{"href":"https:\/\/meier-gerdingh.de\/wp-spd-ob\/wp-json\/wp\/v2\/posts\/13726","targetHints":{"allow":["GET"]}}],"collection":[{"href":"https:\/\/meier-gerdingh.de\/wp-spd-ob\/wp-json\/wp\/v2\/posts"}],"about":[{"href":"https:\/\/meier-gerdingh.de\/wp-spd-ob\/wp-json\/wp\/v2\/types\/post"}],"author":[{"embeddable":true,"href":"https:\/\/meier-gerdingh.de\/wp-spd-ob\/wp-json\/wp\/v2\/users\/1"}],"replies":[{"embeddable":true,"href":"https:\/\/meier-gerdingh.de\/wp-spd-ob\/wp-json\/wp\/v2\/comments?post=13726"}],"version-history":[{"count":0,"href":"https:\/\/meier-gerdingh.de\/wp-spd-ob\/wp-json\/wp\/v2\/posts\/13726\/revisions"}],"wp:attachment":[{"href":"https:\/\/meier-gerdingh.de\/wp-spd-ob\/wp-json\/wp\/v2\/media?parent=13726"}],"wp:term":[{"taxonomy":"category","embeddable":true,"href":"https:\/\/meier-gerdingh.de\/wp-spd-ob\/wp-json\/wp\/v2\/categories?post=13726"},{"taxonomy":"post_tag","embeddable":true,"href":"https:\/\/meier-gerdingh.de\/wp-spd-ob\/wp-json\/wp\/v2\/tags?post=13726"},{"taxonomy":"quellen","embeddable":true,"href":"https:\/\/meier-gerdingh.de\/wp-spd-ob\/wp-json\/wp\/v2\/quellen?post=13726"}],"curies":[{"name":"wp","href":"https:\/\/api.w.org\/{rel}","templated":true}]}}