{"id":13740,"date":"2026-09-02T12:32:30","date_gmt":"2026-09-02T10:32:30","guid":{"rendered":"https:\/\/meier-gerdingh.de\/wp-spd-ob\/?p=13740"},"modified":"2026-09-02T12:38:15","modified_gmt":"2026-09-02T10:38:15","slug":"lesung-aus-dem-buch-mutter-und-vater-courage-luise-und-hermann-albertz-eine-deutsche-familiengeschichte","status":"publish","type":"post","link":"https:\/\/meier-gerdingh.de\/wp-spd-ob\/2026\/09\/02\/lesung-aus-dem-buch-mutter-und-vater-courage-luise-und-hermann-albertz-eine-deutsche-familiengeschichte\/","title":{"rendered":"Lesung aus dem Buch &#8222;Mutter und Vater Courage, Luise und Hermann Albertz: Eine deutsche Familiengeschichte&#8220;"},"content":{"rendered":"<p><a href=\"https:\/\/meier-gerdingh.de\/wp-spd-ob\/wp-content\/uploads\/2026\/09\/hermann-und-luise-albertz-cover.jpg\"><img decoding=\"async\" class=\"alignleft size-full wp-image-13739\" src=\"https:\/\/meier-gerdingh.de\/wp-spd-ob\/wp-content\/uploads\/2026\/09\/hermann-und-luise-albertz-cover.jpg\" alt=\"\" width=\"300\" height=\"482\" srcset=\"https:\/\/meier-gerdingh.de\/wp-spd-ob\/wp-content\/uploads\/2026\/09\/hermann-und-luise-albertz-cover.jpg 300w, https:\/\/meier-gerdingh.de\/wp-spd-ob\/wp-content\/uploads\/2026\/09\/hermann-und-luise-albertz-cover-187x300.jpg 187w\" sizes=\"(max-width: 300px) 100vw, 300px\" \/><\/a>Die Landtagsabgeordneten Sonja Bongers und Hartmut Ganzke lesen aus der k\u00fcrzlich erschienenen Doppel-Biographie \u00fcber Leben und Wirken von Hermann und Luise Albertz. Die Veranstaltung im Rahmen des Sterkrader Lesesommers findet statt:<\/p>\n<p><strong>Mittwoch, 09.09.2026,<br \/>\nvon 17.30 Uhr bis 19.00 Uhr,<br \/>\nim Technischen Rathaus Sterkrade,<br \/>\n6. OG, Sitzungssaal (C 601),<br \/>\nBahnhofstra\u00dfe 66,<br \/>\n46145 Oberhausen<\/strong>.<\/p>\n<p>Luise Albertz ist bis heute ein Beispiel daf\u00fcr, wie kommunale Politik das Leben vieler Menschen direkt beeinflussen kann. Ihr Wirken zeigt, dass politische F\u00fchrung nicht nur aus Macht, sondern auch aus Verantwortung und sozialem Mitgef\u00fchl besteht. Durch ihren konsequenten Einsatz f\u00fcr die Stadt Oberhausen in schwierigen Zeiten bleibt sie bis heute eine herausragende Pers\u00f6nlichkeit der Stadtgeschichte und der deutschen Demokratiegeschichte.<!--more--><\/p>\n<p>Zugleich erinnert ihr Lebensweg daran, dass Frauen sich politische R\u00e4ume oft erst gegen Widerst\u00e4nde erk\u00e4mpfen mussten. Deshalb ist Luise Albertz nicht nur als Oberb\u00fcrgermeisterin von Bedeutung, sondern auch als Vorbild f\u00fcr Mut, Pflichtbewusstsein und demokratisches Engagement.<\/p>\n<p>So ist sie in der Erinnerung vieler Menschen l\u00e4ngst mehr als eine historische Pers\u00f6nlichkeit: Sie ist zu einer lebenden Legende geworden, eben unser Oberhausener &#8222;Kumpelinchen&#8220;.<\/p>\n<div class='ajde_evcal_calendar eventon_single_event eventon_event evo_sin_box sev cev color esty_2' ><div class='evo-data'   data-ux_val='1' data-exturl='' data-mapscroll='true' data-mapformat='roadmap' data-mapzoom='16' ><\/div><div class='evo_cal_data' data-sc='{\"excerpt\":\"no\",\"expanded\":\"no\",\"ux_val\":1,\"exturl\":\"\",\"mapscroll\":\"true\",\"mapformat\":\"roadmap\",\"mapzoom\":\"16\",\"maps_load\":\"yes\"}'><\/div><div id='evcal_list' class='eventon_events_list '><div id=\"event_13735_0\" class=\"eventon_list_event evo_eventtop scheduled  event clrD event_13735_0\" data-event_id=\"13735\" data-ri=\"0r\" data-time=\"1788975000-1788980400\" data-colr=\"#fab300\" itemscope itemtype='http:\/\/schema.org\/Event'><div class=\"evo_event_schema\" style=\"display:none\" ><a itemprop='url'  href='https:\/\/meier-gerdingh.de\/wp-spd-ob\/termine\/sonja-bongers-mdl-und-hartmut-ganzke-mdl-beim-sterkrader-lesesommer\/'><\/a><meta itemprop='image'  \/><meta itemprop='startDate' content=\"2026-9-9T17:30+2:00\" \/><meta itemprop='endDate' content=\"2026-9-9T19:00+2:00\" \/><meta itemprop='eventStatus' content=\"https:\/\/schema.org\/EventScheduled\" \/><item style=\"display:none\" itemprop=\"location\" itemscope itemtype=\"http:\/\/schema.org\/Place\"><span itemprop=\"name\">Technisches Rathaus Sterkrade (Sitzungssaal 6. OG, Raum 601)<\/span><span itemprop=\"address\" itemscope itemtype=\"http:\/\/schema.org\/PostalAddress\"><item itemprop=\"streetAddress\">Bahnhofstr. 66, 46145 Oberhausen<\/item><\/span><\/item><item style=\"display:none\" itemprop=\"eventAttendanceMode\" itemscope itemtype=\"https:\/\/schema.org\/OfflineEventAttendanceMode\"><\/item><script type=\"application\/ld+json\">{\"@context\": \"http:\/\/schema.org\",\"@type\": \"Event\",\n\t\t\t\t\"@id\": \"event_13735_0\",\n\t\t\t\t\"eventAttendanceMode\":\"https:\/\/schema.org\/OfflineEventAttendanceMode\",\n\t\t\t\t\"eventStatus\":\"https:\/\/schema.org\/EventScheduled\",\n\t\t\t\t\"name\": \"Sonja Bongers MdL und Hartmut Ganzke MdL beim Sterkrader Lesesommer\",\n\t\t\t\t\"url\": \"https:\/\/meier-gerdingh.de\/wp-spd-ob\/termine\/sonja-bongers-mdl-und-hartmut-ganzke-mdl-beim-sterkrader-lesesommer\/\",\n\t\t\t\t\"startDate\": \"2026-9-9T17:30+2:00\",\n\t\t\t\t\"endDate\": \"2026-9-9T19:00+2:00\",\n\t\t\t\t\"image\":\"\", \n\t\t\t\t\"description\":\"'Sonja Bongers MdL und Hartmut Ganzke MdL beim Sterkrader Lesesommer'\",\"location\":[{\"@type\":\"Place\",\"name\":\"Technisches Rathaus Sterkrade (Sitzungssaal 6. OG, Raum 601)\",\"address\":{\"@type\": \"PostalAddress\",\"streetAddress\":\"Bahnhofstr. 66, 46145 Oberhausen\"}}]}<\/script><\/div>\r\n\t\t\t\t<p class=\"desc_trig_outter\" style=\"\"><a data-gmtrig=\"1\" data-exlk=\"0\" style=\"background-color: #fab300;\" id=\"evc_178897500013735\" class=\"desc_trig evo_sonstige-veranstalter sin_val evcal_list_a\" data-ux_val=\"1\" data-ux_val_mob=\"-\"  ><span class='evoet_c2 evoet_cx '><span class='evoet_dayblock evcal_cblock ' data-bgcolor='#fab300' data-smon='September' data-syr='2026' data-bub=''><span class='evo_start '><em class='day'>Mi<\/em><em class='date'>09<\/em><em class='month'>Sep<\/em><em class='time'>17:30<\/em><\/span><span class='evo_end only_time'><em class='day'>Mi<\/em><em class='time'>19:00<\/em><\/span><\/span><\/span><span class='evoet_c3 evoet_cx evcal_desc'><span class='evoet_title evcal_desc2 evcal_event_title' itemprop='name'>Sonja Bongers MdL und Hartmut Ganzke MdL beim Sterkrader Lesesommer<\/span><span class='event_location_attrs'  data-location_address=\"Bahnhofstr. 66, 46145 Oberhausen\" data-location_type=\"lonlat\" data-location_name=\"Technisches Rathaus Sterkrade (Sitzungssaal 6. OG, Raum 601)\" data-location_url=\"https:\/\/meier-gerdingh.de\/wp-spd-ob\/event-location\/technisches-rathaus-sterkrade-sitzungssaal-6-og\/\" data-location_status=\"true\" data-latlng=\"51.515684,6.850631\"><\/span><span class='evoet_subtitle evo_below_title'><span class='evcal_event_subtitle' >Lesung aus dem Buch &quot;Mutter und Vater Courage, Luise und Hermann Albertz: Eine deutsche Familiengeschichte&quot;<\/span><\/span><span class='evoet_time_expand level_3'><em class='evcal_time evo_tz_time'><i class='fa fa-clock-o'><\/i>17:30 - 19:00 Uhr<\/em> <\/span><span class='evoet_location level_3'><em class=\"evcal_location\"  data-latlng=\"51.515684,6.850631\" data-add_str=\"\" data-n=\"Technisches Rathaus Sterkrade (Sitzungssaal 6. OG, Raum 601)\"><i class=\"fa fa-location-pin\"><\/i><em class=\"event_location_name\">Technisches Rathaus Sterkrade (Sitzungssaal 6. OG, Raum 601)<\/em><\/em><\/span><span class='evoet_eventtypes level_4 evcal_event_types ett1'><em><i>Veranstalter: <\/i><\/em><em data-filter='event_type' data-v='Sonstige Veranstalter' data-id='1340' class='evoetet_val evoet_dataval'>Sonstige Veranstalter<\/em><\/span><\/span><span class='evoet_data' data-d=\"{&quot;loc.n&quot;:&quot;Technisches Rathaus Sterkrade (Sitzungssaal 6. OG, Raum 601)&quot;,&quot;orgs&quot;:[],&quot;tags&quot;:[]}\" data-bgc=\"#fab300\" data-bggrad=\"\" ><\/span><\/a><\/p><div class=\"event_description evcal_eventcard evo_sonstige-veranstalter \" style=\"display:none\"><div class='evocard_row bx2 bx'><div id='event_time' class='evocard_box time' data-c='' \n\t\t\t\t\tstyle=''><div class='evo_metarow_time evorow evcal_evdata_row evcal_evrow_sm '>\n\t\t<span class='evcal_evdata_icons'><i class='fa fa-clock-o'><\/i><\/span>\n\t\t<div class='evcal_evdata_cell'>\t\t\t\t\t\t\t\n\t\t\t<h3 class='evo_h3'><span class='evcal_evdata_icons'><i class='fa fa-clock-o'><\/i><\/span>Datum:<\/h3><p><span class='evo_eventcard_time_t'>9. September 2026 17:30 - 19:00 Uhr<\/span><\/p>\n\t\t<\/div>\n\t<\/div><\/div><div id='event_location' class='evocard_box location' data-c='' \n\t\t\t\t\tstyle=''><div class='evcal_evdata_row evo_metarow_time_location evorow '>\n\t\t\n\t\t\t<span class='evcal_evdata_icons'><i class='fa fa-map-marker'><\/i><\/span>\n\t\t\t<div class='evcal_evdata_cell' data-loc_tax_id='638'><h3 class='evo_h3 evodfx'><span class='evcal_evdata_icons'><i class='fa fa-map-marker'><\/i><\/span>Ort:<\/h3><p class='evo_location_name'>Technisches Rathaus Sterkrade (Sitzungssaal 6. OG, Raum 601)<\/p><p class='evo_location_address'>Bahnhofstr. 66, 46145 Oberhausen<\/p><div class='padt10'><span class='evo_btn_arr evolb_trigger' data-lbvals=\"{&quot;lbc&quot;:&quot;evo_location_lb_638&quot;,&quot;lbac&quot;:&quot;lb_max&quot;,&quot;t&quot;:&quot;Technisches Rathaus Sterkrade (Sitzungssaal 6. OG, Raum 601)&quot;,&quot;ajax&quot;:&quot;yes&quot;,&quot;ajax_type&quot;:&quot;endpoint&quot;,&quot;ajax_action&quot;:&quot;eventon_get_tax_card_content&quot;,&quot;end&quot;:&quot;client&quot;,&quot;d&quot;:{&quot;lang&quot;:&quot;L1&quot;,&quot;term_id&quot;:638,&quot;tax&quot;:&quot;event_location&quot;,&quot;load_lbcontent&quot;:true}}\" >Andere Ereignisse<i class='fa fa-chevron-right'><\/i><\/span><\/div><\/div>\n\t\t\n\t<\/div><\/div><\/div><div class='evocard_row'><div id='event_addtocal' class='evocard_box addtocal' data-c='' \n\t\t\t\t\tstyle=''><div class='evo_metarow_ICS evorow evcal_evdata_row'>\n\t\t\t\t\t\t\t\t\t<span class='evcal_evdata_icons'><i class='fa fa-calendar-o'><\/i><\/span>\n\t\t\t\t\t\t\t\t\t<div class='evcal_evdata_cell'>\n\t\t\t\t\t\t\t\t\t\t<p><a href='https:\/\/meier-gerdingh.de\/wp-spd-ob\/wp-admin\/admin-ajax.php?action=eventon_ics_download&event_id=13735&ri=0&nonce=385efb02ca' class='evo_ics_nCal' title='Zum Kalender hinzuf\u00fcgen'>Kalender<\/a><a href='\/\/www.google.com\/calendar\/event?action=TEMPLATE&amp;text=Sonja+Bongers+MdL+und+Hartmut+Ganzke+MdL+beim+Sterkrader+Lesesommer&amp;dates=20260909T173000Z\/20260909T190000Z&amp;ctz=UTC&amp;details=Sonja+Bongers+MdL+und+Hartmut+Ganzke+MdL+beim+Sterkrader+Lesesommer&amp;location=Technisches+Rathaus+Sterkrade+%28Sitzungssaal+6.+OG%2C+Raum+601%29Bahnhofstr.+66%2C+46145+Oberhausen' target='_blank' class='evo_ics_gCal' title='Zum Google-Kalender hinzuf\u00fcgen'>Google-Kalender<\/a><\/p>\t\n\t\t\t\t\t\t\t\t\t<\/div>\n\t\t\t\t\t\t\t\t<\/div><\/div><\/div><div class='evocard_row'><div id='event_gmap' class='evocard_box gmap' data-c='' \n\t\t\t\t\tstyle=''><div class='evo_metarow_gmap evcal_evdata_row evorow evcal_gmaps evc17889750006a9b5493bb79913735_gmap place' id='evc17889750006a9b5493bb79913735_gmap' style='max-width:none' data-address=\"Bahnhofstr. 66, 46145 Oberhausen\" data-latlng=\"51.515684,6.850631\" data-location_type=\"place\" data-scroll=\"yes\" data-mty=\"roadmap\" data-zoom=\"16\" data-mapIcon=\"\" data-delay=\"400\" data-map_canvas_id=\"evc17889750006a9b5493bb79913735_gmap\" >\n\t\t<span class='evo_map_load_out evoposr evodb evobr15'>\n\t\t<i class='fa fa-map-marker evoposa'><\/i><span class='evo_map_load evoposr evodb'>\t\t\t\t\t\n\t\t\t\t\t<i class='a'><\/i>\n\t\t\t\t\t<i class='b'><\/i>\n\t\t\t\t\t<i class='c'><\/i>\n\t\t\t\t\t<i class='d'><\/i>\n\t\t\t\t\t<i class='e'><\/i>\n\t\t\t\t\t<i class='f'><\/i>\n\t\t\t\t<\/span><\/span><\/div><\/div><\/div><div class='evocard_row'><div id='event_getdirection' class='evocard_box getdirection' data-c='' \n\t\t\t\t\tstyle=''><div class='evo_metarow_getDr evorow evcal_evdata_row evcal_evrow_sm getdirections'>\n\t\t<form action='https:\/\/maps.google.com\/maps' method='get' target='_blank'>\n\t\t\t<input type='hidden' name='daddr' value=\"Bahnhofstr. 66, 46145 Oberhausen\"\/> \n\t\t\t<div class='evo_get_direction_content evo_fx_dr_r evogap10'>\n\t\t\t\t<span class='evogetdir_header evodfx evofx_dr_r evofx_ai_c marr10'>\n\t\t\t\t\t<i class='mainicon fa fa-road'><\/i> \n\t\t\t\t\t<h3 class='evo_h3' style='padding-bottom:5px;'>Routenplaner<\/h3>\n\t\t\t\t<\/span>\n\t\t\t\t<span class='evogetdir_field evodfx evofx_1_1 evo_fx_dr_c evow100p'>\t\t\t\t\t\n\t\t\t\t\t<input class='evoInput evotac' type='text' name='saddr' placeholder='Geben Sie Ihre Adresse ein' value='' style='margin:10px 0;'\/>\n\t\t\t\t<\/span>\n\t\t\t\t<button type='submit' class='evo_get_direction_button evo_btn_arr_circ dfx fx_ai_c' title='Hier klicken f\u00fcr Route'><i class='fa fa-chevron-right'><\/i> <\/button>\n\t\t\t<\/div>\n\t\t<\/form>\n\t<\/div><\/div><\/div><div class='evocard_row'><div id='event_evosocial' class='evocard_box evosocial' data-c='' \n\t\t\t\t\tstyle=''><div class='evo_metarow_socialmedia evcal_evdata_row '><div class='evo_sm FacebookShare'><a class=\" evo_ss\" target=\"_blank\" onclick=\"javascript:window.open(this.href, '', 'left=50,top=50,width=600,height=350,toolbar=0');return false;\"\r\n\t\t\t\t\t\thref=\"\/\/www.facebook.com\/sharer.php?u=https%3A%2F%2Fmeier-gerdingh.de%2Fwp-spd-ob%2Ftermine%2Fsonja-bongers-mdl-und-hartmut-ganzke-mdl-beim-sterkrader-lesesommer%2F\" title=\"Auf Facebook teilen\"><i class=\"fa fab fa-facebook\"><\/i><\/a><\/div><div class='evo_sm Twitter'><a class=\"tw evo_ss\" onclick=\"javascript:window.open(this.href, '', 'menubar=no,toolbar=no,resizable=yes,scrollbars=yes,height=300,width=600');return false;\" href=\"\/\/twitter.com\/intent\/tweet?text=Sonja Bongers MdL und Hartmut Ganzke MdL beim Sterkrader Lesesommer&#32;-&#32;&url=https%3A%2F%2Fmeier-gerdingh.de%2Fwp-spd-ob%2Ftermine%2Fsonja-bongers-mdl-und-hartmut-ganzke-mdl-beim-sterkrader-lesesommer%2F\" title=\"Auf X teilen\" rel=\"nofollow\" target=\"_blank\" data-url=\"https%3A%2F%2Fmeier-gerdingh.de%2Fwp-spd-ob%2Ftermine%2Fsonja-bongers-mdl-und-hartmut-ganzke-mdl-beim-sterkrader-lesesommer%2F\"><i class=\"fa fab fa-x-twitter\"><\/i><\/a><\/div><div class='evo_sm LinkedIn'><a class=\"li evo_ss\" href=\"\/\/www.linkedin.com\/shareArticle?mini=true&url=https%3A%2F%2Fmeier-gerdingh.de%2Fwp-spd-ob%2Ftermine%2Fsonja-bongers-mdl-und-hartmut-ganzke-mdl-beim-sterkrader-lesesommer%2F&title=Sonja%20Bongers%20MdL%20und%20Hartmut%20Ganzke%20MdL%20beim%20Sterkrader%20Lesesommer&summary=--\" target=\"_blank\" title=\"Auf Linkedin teilen\"><i class=\"fa fab fa-linkedin\"><\/i><\/a><\/div><div class='evo_sm Whatsapp'><a class=\"wa evo_ss\" href=\"https:\/\/api.whatsapp.com\/send?text=https%3A%2F%2Fmeier-gerdingh.de%2Fwp-spd-ob%2Ftermine%2Fsonja-bongers-mdl-und-hartmut-ganzke-mdl-beim-sterkrader-lesesommer%2F\"\r\n\t\t\t\t        data-action=\"share\/whatsapp\/share\" target=\"_blank\" title=\"Auf WhatsApp teilen\"><i class=\"fa fab fa-whatsapp\"><\/i><\/a><\/div><div class='evo_sm EmailShare'><a class=\"em evo_ss\" href=\"mailto:?subject=Sonja%20Bongers%20MdL%20und%20Hartmut%20Ganzke%20MdL%20beim%20Sterkrader%20Lesesommer&body=Event Name: Sonja%20Bongers%20MdL%20und%20Hartmut%20Ganzke%20MdL%20beim%20Sterkrader%20Lesesommer%0AEvent Date: 9. September 2026 17:30 - 19:00%0ALink: https%3A%2F%2Fmeier-gerdingh.de%2Fwp-spd-ob%2Ftermine%2Fsonja-bongers-mdl-und-hartmut-ganzke-mdl-beim-sterkrader-lesesommer%2F%0A\" target=\"_blank\"><i class=\"fa fa-envelope\"><\/i><\/a><\/div><\/div><\/div><\/div><div class='evo_card_row_end evcal_close' title='Schlie\u00dfen'><\/div><\/div><div class='clear end'><\/div><\/div><\/div><\/div>\n","protected":false},"excerpt":{"rendered":"<p>Die Landtagsabgeordneten Sonja Bongers und Hartmut Ganzke lesen aus der k\u00fcrzlich erschienenen Doppel-Biographie \u00fcber Leben und Wirken von Hermann und Luise Albertz. Die Veranstaltung im Rahmen des Sterkrader Lesesommers findet&hellip; <\/p>\n","protected":false},"author":1,"featured_media":0,"comment_status":"closed","ping_status":"closed","sticky":false,"template":"","format":"standard","meta":{"footnotes":""},"categories":[2320,171],"tags":[1818,1777,405,4901],"quellen":[1317],"class_list":["post-13740","post","type-post","status-publish","format-standard","hentry","category-gedenkkultur","category-veranstaltungen","tag-hermann-albertz","tag-lesung","tag-luise-albertz","tag-sterkrader-lesesommer","quellen-mdl-sonja-bongers"],"_links":{"self":[{"href":"https:\/\/meier-gerdingh.de\/wp-spd-ob\/wp-json\/wp\/v2\/posts\/13740","targetHints":{"allow":["GET"]}}],"collection":[{"href":"https:\/\/meier-gerdingh.de\/wp-spd-ob\/wp-json\/wp\/v2\/posts"}],"about":[{"href":"https:\/\/meier-gerdingh.de\/wp-spd-ob\/wp-json\/wp\/v2\/types\/post"}],"author":[{"embeddable":true,"href":"https:\/\/meier-gerdingh.de\/wp-spd-ob\/wp-json\/wp\/v2\/users\/1"}],"replies":[{"embeddable":true,"href":"https:\/\/meier-gerdingh.de\/wp-spd-ob\/wp-json\/wp\/v2\/comments?post=13740"}],"version-history":[{"count":0,"href":"https:\/\/meier-gerdingh.de\/wp-spd-ob\/wp-json\/wp\/v2\/posts\/13740\/revisions"}],"wp:attachment":[{"href":"https:\/\/meier-gerdingh.de\/wp-spd-ob\/wp-json\/wp\/v2\/media?parent=13740"}],"wp:term":[{"taxonomy":"category","embeddable":true,"href":"https:\/\/meier-gerdingh.de\/wp-spd-ob\/wp-json\/wp\/v2\/categories?post=13740"},{"taxonomy":"post_tag","embeddable":true,"href":"https:\/\/meier-gerdingh.de\/wp-spd-ob\/wp-json\/wp\/v2\/tags?post=13740"},{"taxonomy":"quellen","embeddable":true,"href":"https:\/\/meier-gerdingh.de\/wp-spd-ob\/wp-json\/wp\/v2\/quellen?post=13740"}],"curies":[{"name":"wp","href":"https:\/\/api.w.org\/{rel}","templated":true}]}}