{"id":13741,"date":"2026-09-02T12:36:23","date_gmt":"2026-09-02T10:36:23","guid":{"rendered":"https:\/\/meier-gerdingh.de\/wp-spd-ob\/?p=13741"},"modified":"2026-09-02T12:37:16","modified_gmt":"2026-09-02T10:37:16","slug":"stadtspaziergang-fuer-junge-leute-mit-ob-thorsten-berg","status":"publish","type":"post","link":"https:\/\/meier-gerdingh.de\/wp-spd-ob\/2026\/09\/02\/stadtspaziergang-fuer-junge-leute-mit-ob-thorsten-berg\/","title":{"rendered":"Stadtspaziergang f\u00fcr junge Leute mit OB Thorsten Berg"},"content":{"rendered":"<p><a href=\"https:\/\/meier-gerdingh.de\/wp-spd-ob\/wp-content\/uploads\/2026\/09\/banner-jusos-oberhausen-2026.jpg\"><img decoding=\"async\" class=\"aligncenter size-full wp-image-13738\" src=\"https:\/\/meier-gerdingh.de\/wp-spd-ob\/wp-content\/uploads\/2026\/09\/banner-jusos-oberhausen-2026.jpg\" alt=\"\" width=\"700\" height=\"305\" srcset=\"https:\/\/meier-gerdingh.de\/wp-spd-ob\/wp-content\/uploads\/2026\/09\/banner-jusos-oberhausen-2026.jpg 700w, https:\/\/meier-gerdingh.de\/wp-spd-ob\/wp-content\/uploads\/2026\/09\/banner-jusos-oberhausen-2026-300x131.jpg 300w\" sizes=\"(max-width: 700px) 100vw, 700px\" \/><\/a>Uns ist Nahbarkeit wichtig, und junge Menschen sollen die M\u00f6glichkeit haben, mit Thorsten Berg, unserem Oberb\u00fcrgermeister, ganz unkompliziert ins Gespr\u00e4ch zu kommen. Genau deshalb laden wir am <strong>Donnerstag, 10.09.2026<\/strong>, zu einem <strong>Stadtspaziergang<\/strong> ein, bei dem Oberb\u00fcrgermeister Thorsten &#8222;Totte&#8220; Berg unser Gast ist und freuen uns besonders, wenn junge Menschen und alle Jusos (und jene, die im Herzen noch im Juso-Alter sind ;)) mit dabei sein k\u00f6nnten.<\/p>\n<p>Los geht es um <strong>16 Uhr am Rathaus<\/strong>, von wo aus wir gemeinsam rund 90 Minuten zu Fu\u00df durch die Stadt ziehen.<!--more--><\/p>\n<p>Der <strong>erste Halt<\/strong> ist das <strong>Lipperfeld<\/strong>, wo wir \u00fcber die Beleuchtung in den dunklen Wintermonaten sprechen wollen und \u00fcber das Sicherheitsgef\u00fchl, welches f\u00fcr junge Erwachsene damit verbunden ist.<\/p>\n<p>Von dort laufen wir weiter zum <strong>Bertha-von-Suttner-Gymnasium<\/strong>, wo wir \u00fcber Schulentwicklung sprechen, am Beispiel des Erweiterungsbaus.<\/p>\n<p>Und am Ende des Weges wartet der <strong>Hauptbahnhof<\/strong> auf uns, jener Ort, der f\u00fcr so viele junge Menschen zum Dreh- und Angelpunkt ihres Alltags geworden ist und \u00fcber dessen Zukunft wir dort ins Gespr\u00e4ch kommen wollen.<\/p>\n<p>Weil die <strong>Pl\u00e4tze f\u00fcr diesen Nachmittag begrenzt<\/strong> sind, geben wir bei gr\u00f6\u00dferem Andrang jungen Menschen den Vorrang, schlie\u00dflich sind es an diesem Nachmittag vor allem ihre Themen, um die es geht. Alle anderen Interessierten bitten wir schon jetzt um Verst\u00e4ndnis, falls es am Ende nicht f\u00fcr jeden reicht.<\/p>\n<p><strong>Anmeldung erbeten:<\/strong><\/p>\n<p>Wer dabei sein m\u00f6chte, meldet sich am besten gleich bei uns per Mail <a href=\"mailto:vorstand@jusos-ob.de\">vorstand@jusos-ob.de<\/a>, dann schicken wir alle weiteren Infos direkt hinterher.<\/p>\n<div class='ajde_evcal_calendar eventon_single_event eventon_event evo_sin_box sev cev color esty_2' ><div class='evo-data'   data-ux_val='1' data-exturl='' data-mapscroll='true' data-mapformat='roadmap' data-mapzoom='16' ><\/div><div class='evo_cal_data' data-sc='{\"excerpt\":\"no\",\"expanded\":\"no\",\"ux_val\":1,\"exturl\":\"\",\"mapscroll\":\"true\",\"mapformat\":\"roadmap\",\"mapzoom\":\"16\",\"maps_load\":\"yes\"}'><\/div><div id='evcal_list' class='eventon_events_list '><div id=\"event_13737_0\" class=\"eventon_list_event evo_eventtop scheduled  event clrD event_13737_0\" data-event_id=\"13737\" data-ri=\"0r\" data-time=\"1789056000-1789061400\" data-colr=\"#e30615\" itemscope itemtype='http:\/\/schema.org\/Event'><div class=\"evo_event_schema\" style=\"display:none\" ><a itemprop='url'  href='https:\/\/meier-gerdingh.de\/wp-spd-ob\/termine\/jusos-oberhausen-stadtspaziergang-fuer-junge-leute-mit-ob-thorsten-berg\/'><\/a><meta itemprop='image'  \/><meta itemprop='startDate' content=\"2026-9-10T16:00+2:00\" \/><meta itemprop='endDate' content=\"2026-9-10T17:30+2:00\" \/><meta itemprop='eventStatus' content=\"https:\/\/schema.org\/EventScheduled\" \/><item style=\"display:none\" itemprop=\"location\" itemscope itemtype=\"http:\/\/schema.org\/Place\"><span itemprop=\"name\">Rathausvorplatz<\/span><span itemprop=\"address\" itemscope itemtype=\"http:\/\/schema.org\/PostalAddress\"><item itemprop=\"streetAddress\">Schwartzstr. 72, 46045 Oberhausen<\/item><\/span><\/item><item style=\"display:none\" itemprop=\"eventAttendanceMode\" itemscope itemtype=\"https:\/\/schema.org\/OfflineEventAttendanceMode\"><\/item><script type=\"application\/ld+json\">{\"@context\": \"http:\/\/schema.org\",\"@type\": \"Event\",\n\t\t\t\t\"@id\": \"event_13737_0\",\n\t\t\t\t\"eventAttendanceMode\":\"https:\/\/schema.org\/OfflineEventAttendanceMode\",\n\t\t\t\t\"eventStatus\":\"https:\/\/schema.org\/EventScheduled\",\n\t\t\t\t\"name\": \"Jusos Oberhausen: Stadtspaziergang f\u00fcr junge Leute mit OB Thorsten Berg\",\n\t\t\t\t\"url\": \"https:\/\/meier-gerdingh.de\/wp-spd-ob\/termine\/jusos-oberhausen-stadtspaziergang-fuer-junge-leute-mit-ob-thorsten-berg\/\",\n\t\t\t\t\"startDate\": \"2026-9-10T16:00+2:00\",\n\t\t\t\t\"endDate\": \"2026-9-10T17:30+2:00\",\n\t\t\t\t\"image\":\"\", \n\t\t\t\t\"description\":\"'Jusos Oberhausen: Stadtspaziergang f\u00fcr junge Leute mit OB Thorsten Berg'\",\"location\":[{\"@type\":\"Place\",\"name\":\"Rathausvorplatz\",\"address\":{\"@type\": \"PostalAddress\",\"streetAddress\":\"Schwartzstr. 72, 46045 Oberhausen\"}}]}<\/script><\/div>\r\n\t\t\t\t<p class=\"desc_trig_outter\" style=\"\"><a data-gmtrig=\"1\" data-exlk=\"0\" style=\"background-color: #e30615;\" id=\"evc_178905600013737\" class=\"desc_trig evo_jusos evo_spd-unterbezirk-oberhausen sin_val evcal_list_a\" data-ux_val=\"1\" data-ux_val_mob=\"-\"  ><span class='evoet_c2 evoet_cx '><span class='evoet_dayblock evcal_cblock ' data-bgcolor='#e30615' data-smon='September' data-syr='2026' data-bub=''><span class='evo_start '><em class='day'>Do<\/em><em class='date'>10<\/em><em class='month'>Sep<\/em><em class='time'>16:00<\/em><\/span><span class='evo_end only_time'><em class='day'>Do<\/em><em class='time'>17:30<\/em><\/span><\/span><\/span><span class='evoet_c3 evoet_cx evcal_desc'><span class='evoet_title evcal_desc2 evcal_event_title' itemprop='name'>Jusos Oberhausen: Stadtspaziergang f\u00fcr junge Leute mit OB Thorsten Berg<\/span><span class='event_location_attrs'  data-location_address=\"Schwartzstr. 72, 46045 Oberhausen\" data-location_type=\"lonlat\" data-location_name=\"Rathausvorplatz\" data-location_url=\"https:\/\/meier-gerdingh.de\/wp-spd-ob\/event-location\/rathausvorplatz\/\" data-location_status=\"true\" data-latlng=\"51.473808457430934,6.860084380238395\"><\/span><span class='evoet_subtitle evo_below_title'><\/span><span class='evoet_time_expand level_3'><em class='evcal_time evo_tz_time'><i class='fa fa-clock-o'><\/i>16:00 - 17:30 Uhr<\/em> <\/span><span class='evoet_location level_3'><em class=\"evcal_location\"  data-latlng=\"51.473808457430934,6.860084380238395\" data-add_str=\"\" data-n=\"Rathausvorplatz\"><i class=\"fa fa-location-pin\"><\/i><em class=\"event_location_name\">Rathausvorplatz<\/em><\/em><\/span><span class='evoet_eventtypes level_4 evcal_event_types ett2'><em><i>Veranstalter: <\/i><\/em><em data-filter='event_type' data-v='Jusos' data-id='928' class='evoetet_val evoet_dataval'>Jusos,<\/em><em data-filter='event_type' data-v='SPD-Unterbezirk Oberhausen' data-id='508' class='evoetet_val evoet_dataval'>SPD-Unterbezirk Oberhausen<\/em><\/span><\/span><span class='evoet_data' data-d=\"{&quot;loc.n&quot;:&quot;Rathausvorplatz&quot;,&quot;orgs&quot;:[],&quot;tags&quot;:[]}\" data-bgc=\"#e30615\" data-bggrad=\"\" ><\/span><\/a><\/p><div class=\"event_description evcal_eventcard evo_jusos evo_spd-unterbezirk-oberhausen \" style=\"display:none\"><div class='evocard_row bx2 bx'><div id='event_time' class='evocard_box time' data-c='' \n\t\t\t\t\tstyle=''><div class='evo_metarow_time evorow evcal_evdata_row evcal_evrow_sm '>\n\t\t<span class='evcal_evdata_icons'><i class='fa fa-clock-o'><\/i><\/span>\n\t\t<div class='evcal_evdata_cell'>\t\t\t\t\t\t\t\n\t\t\t<h3 class='evo_h3'><span class='evcal_evdata_icons'><i class='fa fa-clock-o'><\/i><\/span>Datum:<\/h3><p><span class='evo_eventcard_time_t'>10. September 2026 16:00 - 17:30 Uhr<\/span><\/p>\n\t\t<\/div>\n\t<\/div><\/div><div id='event_location' class='evocard_box location' data-c='' \n\t\t\t\t\tstyle=''><div class='evcal_evdata_row evo_metarow_time_location evorow '>\n\t\t\n\t\t\t<span class='evcal_evdata_icons'><i class='fa fa-map-marker'><\/i><\/span>\n\t\t\t<div class='evcal_evdata_cell' data-loc_tax_id='4600'><h3 class='evo_h3 evodfx'><span class='evcal_evdata_icons'><i class='fa fa-map-marker'><\/i><\/span>Ort:<\/h3><p class='evo_location_name'>Rathausvorplatz<\/p><p class='evo_location_address'>Schwartzstr. 72, 46045 Oberhausen<\/p><div class='padt10'><span class='evo_btn_arr evolb_trigger' data-lbvals=\"{&quot;lbc&quot;:&quot;evo_location_lb_4600&quot;,&quot;lbac&quot;:&quot;lb_max&quot;,&quot;t&quot;:&quot;Rathausvorplatz&quot;,&quot;ajax&quot;:&quot;yes&quot;,&quot;ajax_type&quot;:&quot;endpoint&quot;,&quot;ajax_action&quot;:&quot;eventon_get_tax_card_content&quot;,&quot;end&quot;:&quot;client&quot;,&quot;d&quot;:{&quot;lang&quot;:&quot;L1&quot;,&quot;term_id&quot;:4600,&quot;tax&quot;:&quot;event_location&quot;,&quot;load_lbcontent&quot;:true}}\" >Andere Ereignisse<i class='fa fa-chevron-right'><\/i><\/span><\/div><\/div>\n\t\t\n\t<\/div><\/div><\/div><div class='evocard_row'><div id='event_addtocal' class='evocard_box addtocal' data-c='' \n\t\t\t\t\tstyle=''><div class='evo_metarow_ICS evorow evcal_evdata_row'>\n\t\t\t\t\t\t\t\t\t<span class='evcal_evdata_icons'><i class='fa fa-calendar-o'><\/i><\/span>\n\t\t\t\t\t\t\t\t\t<div class='evcal_evdata_cell'>\n\t\t\t\t\t\t\t\t\t\t<p><a href='https:\/\/meier-gerdingh.de\/wp-spd-ob\/wp-admin\/admin-ajax.php?action=eventon_ics_download&event_id=13737&ri=0&nonce=385efb02ca' class='evo_ics_nCal' title='Zum Kalender hinzuf\u00fcgen'>Kalender<\/a><a href='\/\/www.google.com\/calendar\/event?action=TEMPLATE&amp;text=Jusos+Oberhausen%3A+Stadtspaziergang+f%C3%BCr+junge+Leute+mit+OB+Thorsten+Berg&amp;dates=20260910T160000Z\/20260910T173000Z&amp;ctz=UTC&amp;details=Jusos+Oberhausen%3A+Stadtspaziergang+f%C3%BCr+junge+Leute+mit+OB+Thorsten+Berg&amp;location=RathausvorplatzSchwartzstr.+72%2C+46045+Oberhausen' target='_blank' class='evo_ics_gCal' title='Zum Google-Kalender hinzuf\u00fcgen'>Google-Kalender<\/a><\/p>\t\n\t\t\t\t\t\t\t\t\t<\/div>\n\t\t\t\t\t\t\t\t<\/div><\/div><\/div><div class='evocard_row'><div id='event_gmap' class='evocard_box gmap' data-c='' \n\t\t\t\t\tstyle=''><div class='evo_metarow_gmap evcal_evdata_row evorow evcal_gmaps evc17890560006a9b5493b1ae313737_gmap place' id='evc17890560006a9b5493b1ae313737_gmap' style='max-width:none' data-address=\"Schwartzstr. 72, 46045 Oberhausen\" data-latlng=\"51.473808457430934,6.860084380238395\" data-location_type=\"place\" data-scroll=\"yes\" data-mty=\"roadmap\" data-zoom=\"16\" data-mapIcon=\"\" data-delay=\"400\" data-map_canvas_id=\"evc17890560006a9b5493b1ae313737_gmap\" >\n\t\t<span class='evo_map_load_out evoposr evodb evobr15'>\n\t\t<i class='fa fa-map-marker evoposa'><\/i><span class='evo_map_load evoposr evodb'>\t\t\t\t\t\n\t\t\t\t\t<i class='a'><\/i>\n\t\t\t\t\t<i class='b'><\/i>\n\t\t\t\t\t<i class='c'><\/i>\n\t\t\t\t\t<i class='d'><\/i>\n\t\t\t\t\t<i class='e'><\/i>\n\t\t\t\t\t<i class='f'><\/i>\n\t\t\t\t<\/span><\/span><\/div><\/div><\/div><div class='evocard_row'><div id='event_getdirection' class='evocard_box getdirection' data-c='' \n\t\t\t\t\tstyle=''><div class='evo_metarow_getDr evorow evcal_evdata_row evcal_evrow_sm getdirections'>\n\t\t<form action='https:\/\/maps.google.com\/maps' method='get' target='_blank'>\n\t\t\t<input type='hidden' name='daddr' value=\"Schwartzstr. 72, 46045 Oberhausen\"\/> \n\t\t\t<div class='evo_get_direction_content evo_fx_dr_r evogap10'>\n\t\t\t\t<span class='evogetdir_header evodfx evofx_dr_r evofx_ai_c marr10'>\n\t\t\t\t\t<i class='mainicon fa fa-road'><\/i> \n\t\t\t\t\t<h3 class='evo_h3' style='padding-bottom:5px;'>Routenplaner<\/h3>\n\t\t\t\t<\/span>\n\t\t\t\t<span class='evogetdir_field evodfx evofx_1_1 evo_fx_dr_c evow100p'>\t\t\t\t\t\n\t\t\t\t\t<input class='evoInput evotac' type='text' name='saddr' placeholder='Geben Sie Ihre Adresse ein' value='' style='margin:10px 0;'\/>\n\t\t\t\t<\/span>\n\t\t\t\t<button type='submit' class='evo_get_direction_button evo_btn_arr_circ dfx fx_ai_c' title='Hier klicken f\u00fcr Route'><i class='fa fa-chevron-right'><\/i> <\/button>\n\t\t\t<\/div>\n\t\t<\/form>\n\t<\/div><\/div><\/div><div class='evocard_row'><div id='event_evosocial' class='evocard_box evosocial' data-c='' \n\t\t\t\t\tstyle=''><div class='evo_metarow_socialmedia evcal_evdata_row '><div class='evo_sm FacebookShare'><a class=\" evo_ss\" target=\"_blank\" onclick=\"javascript:window.open(this.href, '', 'left=50,top=50,width=600,height=350,toolbar=0');return false;\"\r\n\t\t\t\t\t\thref=\"\/\/www.facebook.com\/sharer.php?u=https%3A%2F%2Fmeier-gerdingh.de%2Fwp-spd-ob%2Ftermine%2Fjusos-oberhausen-stadtspaziergang-fuer-junge-leute-mit-ob-thorsten-berg%2F\" title=\"Auf Facebook teilen\"><i class=\"fa fab fa-facebook\"><\/i><\/a><\/div><div class='evo_sm Twitter'><a class=\"tw evo_ss\" onclick=\"javascript:window.open(this.href, '', 'menubar=no,toolbar=no,resizable=yes,scrollbars=yes,height=300,width=600');return false;\" href=\"\/\/twitter.com\/intent\/tweet?text=Jusos Oberhausen: Stadtspaziergang f\u00fcr junge Leute mit OB Thorsten Berg&#32;-&#32;&url=https%3A%2F%2Fmeier-gerdingh.de%2Fwp-spd-ob%2Ftermine%2Fjusos-oberhausen-stadtspaziergang-fuer-junge-leute-mit-ob-thorsten-berg%2F\" title=\"Auf X teilen\" rel=\"nofollow\" target=\"_blank\" data-url=\"https%3A%2F%2Fmeier-gerdingh.de%2Fwp-spd-ob%2Ftermine%2Fjusos-oberhausen-stadtspaziergang-fuer-junge-leute-mit-ob-thorsten-berg%2F\"><i class=\"fa fab fa-x-twitter\"><\/i><\/a><\/div><div class='evo_sm LinkedIn'><a class=\"li evo_ss\" href=\"\/\/www.linkedin.com\/shareArticle?mini=true&url=https%3A%2F%2Fmeier-gerdingh.de%2Fwp-spd-ob%2Ftermine%2Fjusos-oberhausen-stadtspaziergang-fuer-junge-leute-mit-ob-thorsten-berg%2F&title=Jusos%20Oberhausen%3A%20Stadtspaziergang%20f%C3%BCr%20junge%20Leute%20mit%20OB%20Thorsten%20Berg&summary=--\" target=\"_blank\" title=\"Auf Linkedin teilen\"><i class=\"fa fab fa-linkedin\"><\/i><\/a><\/div><div class='evo_sm Whatsapp'><a class=\"wa evo_ss\" href=\"https:\/\/api.whatsapp.com\/send?text=https%3A%2F%2Fmeier-gerdingh.de%2Fwp-spd-ob%2Ftermine%2Fjusos-oberhausen-stadtspaziergang-fuer-junge-leute-mit-ob-thorsten-berg%2F\"\r\n\t\t\t\t        data-action=\"share\/whatsapp\/share\" target=\"_blank\" title=\"Auf WhatsApp teilen\"><i class=\"fa fab fa-whatsapp\"><\/i><\/a><\/div><div class='evo_sm EmailShare'><a class=\"em evo_ss\" href=\"mailto:?subject=Jusos%20Oberhausen%3A%20Stadtspaziergang%20f%C3%BCr%20junge%20Leute%20mit%20OB%20Thorsten%20Berg&body=Event Name: Jusos%20Oberhausen%3A%20Stadtspaziergang%20f%C3%BCr%20junge%20Leute%20mit%20OB%20Thorsten%20Berg%0AEvent Date: 10. September 2026 16:00 - 17:30%0ALink: https%3A%2F%2Fmeier-gerdingh.de%2Fwp-spd-ob%2Ftermine%2Fjusos-oberhausen-stadtspaziergang-fuer-junge-leute-mit-ob-thorsten-berg%2F%0A\" target=\"_blank\"><i class=\"fa fa-envelope\"><\/i><\/a><\/div><\/div><\/div><\/div><div class='evo_card_row_end evcal_close' title='Schlie\u00dfen'><\/div><\/div><div class='clear end'><\/div><\/div><\/div><\/div>\n","protected":false},"excerpt":{"rendered":"<p>Uns ist Nahbarkeit wichtig, und junge Menschen sollen die M\u00f6glichkeit haben, mit Thorsten Berg, unserem Oberb\u00fcrgermeister, ganz unkompliziert ins Gespr\u00e4ch zu kommen. Genau deshalb laden wir am Donnerstag, 10.09.2026, zu&hellip; <\/p>\n","protected":false},"author":1,"featured_media":0,"comment_status":"closed","ping_status":"closed","sticky":false,"template":"","format":"standard","meta":{"footnotes":""},"categories":[16,171],"tags":[396,4586,4903,4902,2323],"quellen":[362],"class_list":["post-13741","post","type-post","status-publish","format-standard","hentry","category-stadtentwicklung","category-veranstaltungen","tag-bertha-von-suttner-gymnasium","tag-hauptbahnhof-oberhausen","tag-lipperfeld","tag-stadtspaziergang","tag-thorsten-berg","quellen-jusos-oberhausen"],"_links":{"self":[{"href":"https:\/\/meier-gerdingh.de\/wp-spd-ob\/wp-json\/wp\/v2\/posts\/13741","targetHints":{"allow":["GET"]}}],"collection":[{"href":"https:\/\/meier-gerdingh.de\/wp-spd-ob\/wp-json\/wp\/v2\/posts"}],"about":[{"href":"https:\/\/meier-gerdingh.de\/wp-spd-ob\/wp-json\/wp\/v2\/types\/post"}],"author":[{"embeddable":true,"href":"https:\/\/meier-gerdingh.de\/wp-spd-ob\/wp-json\/wp\/v2\/users\/1"}],"replies":[{"embeddable":true,"href":"https:\/\/meier-gerdingh.de\/wp-spd-ob\/wp-json\/wp\/v2\/comments?post=13741"}],"version-history":[{"count":0,"href":"https:\/\/meier-gerdingh.de\/wp-spd-ob\/wp-json\/wp\/v2\/posts\/13741\/revisions"}],"wp:attachment":[{"href":"https:\/\/meier-gerdingh.de\/wp-spd-ob\/wp-json\/wp\/v2\/media?parent=13741"}],"wp:term":[{"taxonomy":"category","embeddable":true,"href":"https:\/\/meier-gerdingh.de\/wp-spd-ob\/wp-json\/wp\/v2\/categories?post=13741"},{"taxonomy":"post_tag","embeddable":true,"href":"https:\/\/meier-gerdingh.de\/wp-spd-ob\/wp-json\/wp\/v2\/tags?post=13741"},{"taxonomy":"quellen","embeddable":true,"href":"https:\/\/meier-gerdingh.de\/wp-spd-ob\/wp-json\/wp\/v2\/quellen?post=13741"}],"curies":[{"name":"wp","href":"https:\/\/api.w.org\/{rel}","templated":true}]}}