{"id":138,"date":"2000-05-16T16:00:00","date_gmt":"2000-05-16T14:00:00","guid":{"rendered":"http:\/\/www.meier-gerdingh.de\/spd-oberhausen\/wp\/?p=138"},"modified":"2017-05-01T12:53:48","modified_gmt":"2017-05-01T10:53:48","slug":"spd-fraktion-fordert-gleichbehandlung-aller-buergerinnen-und-buerger-der-strasse-am-teppershof","status":"publish","type":"post","link":"https:\/\/meier-gerdingh.de\/wp-spd-ob\/2000\/05\/16\/spd-fraktion-fordert-gleichbehandlung-aller-buergerinnen-und-buerger-der-strasse-am-teppershof\/","title":{"rendered":"SPD-Fraktion fordert Gleichbehandlung aller B\u00fcrgerinnen und B\u00fcrger der Stra\u00dfe &#8222;Am Teppershof&#8220;"},"content":{"rendered":"<div style=\"width: 150px\" class=\"wp-caption alignleft\"><a href=\"http:\/\/meier-gerdingh.de\/wp-spd-ob\/wp-content\/uploads\/grossenbrink_99.jpg\"><img decoding=\"async\" class=\"size-full\" src=\"http:\/\/meier-gerdingh.de\/wp-spd-ob\/wp-content\/uploads\/grossenbrink_99.jpg\" alt=\"Guntram Gro\u00dfenbrink\" width=\"140\" height=\"180\" \/><\/a><p class=\"wp-caption-text\">Guntram Gro\u00dfenbrink<\/p><\/div>\n<p>Diesen Antrag wird der Sprecher der SPD-Fraktion im Planungsausschuss, Guntram Gro\u00dfenbrink, aus aktuellem Anlass in die heutige Sitzung einbringen.<!--more--><\/p>\n<p>Zum Hintergrund:<\/p>\n<p>Einige Anlieger der Stra\u00dfe &#8222;Am Teppershof&#8220; hatten sich juristisch gegen einen finanziellen Beitrag f\u00fcr die Verbesserung ihrer Stra\u00dfe gewehrt, andere B\u00fcrgerinnen und B\u00fcrger sind der Beitragsaufforderung der Stadt hierzu klaglos nachgekommen. Eine aktuelle gerichtliche \u00dcberpr\u00fcfung hat jedoch zum Ergebnis, dass die geforderten Kostenbeitr\u00e4ge in diesem Umfang nicht durch die Stadt zu erheben sind.<\/p>\n<p>Guntram Gro\u00dfenbrink hierzu: &#8222;Diese Entscheidung kann nicht nur klagebereiten Anwohnern eine Verbesserung bringen. Nach unserer Auffassung sollen alle Anlieger der Stra\u00dfe &#8220;Am Teppershof&#8220; im vollen Umfang von dieser Entscheidung im Rahmen der Gleichbehandlung profitieren.&#8220;<\/p>\n<p>&#8222;Ein Antrag der SPD-Fraktion wird hierzu in die heutige Planungsausschusssitzung eingebracht, um die Verwaltung mit dem notwendigen Arbeitsauftrag auszustatten&#8220;, so Guntram Gro\u00dfenbrink abschlie\u00dfend.<\/p>\n","protected":false},"excerpt":{"rendered":"<p>Diesen Antrag wird der Sprecher der SPD-Fraktion im Planungsausschuss, Guntram Gro\u00dfenbrink, aus aktuellem Anlass in die heutige Sitzung einbringen.<\/p>\n","protected":false},"author":1,"featured_media":0,"comment_status":"closed","ping_status":"closed","sticky":false,"template":"","format":"standard","meta":{"footnotes":""},"categories":[1],"tags":[],"quellen":[],"class_list":["post-138","post","type-post","status-publish","format-standard","hentry","category-allgemein"],"_links":{"self":[{"href":"https:\/\/meier-gerdingh.de\/wp-spd-ob\/wp-json\/wp\/v2\/posts\/138","targetHints":{"allow":["GET"]}}],"collection":[{"href":"https:\/\/meier-gerdingh.de\/wp-spd-ob\/wp-json\/wp\/v2\/posts"}],"about":[{"href":"https:\/\/meier-gerdingh.de\/wp-spd-ob\/wp-json\/wp\/v2\/types\/post"}],"author":[{"embeddable":true,"href":"https:\/\/meier-gerdingh.de\/wp-spd-ob\/wp-json\/wp\/v2\/users\/1"}],"replies":[{"embeddable":true,"href":"https:\/\/meier-gerdingh.de\/wp-spd-ob\/wp-json\/wp\/v2\/comments?post=138"}],"version-history":[{"count":0,"href":"https:\/\/meier-gerdingh.de\/wp-spd-ob\/wp-json\/wp\/v2\/posts\/138\/revisions"}],"wp:attachment":[{"href":"https:\/\/meier-gerdingh.de\/wp-spd-ob\/wp-json\/wp\/v2\/media?parent=138"}],"wp:term":[{"taxonomy":"category","embeddable":true,"href":"https:\/\/meier-gerdingh.de\/wp-spd-ob\/wp-json\/wp\/v2\/categories?post=138"},{"taxonomy":"post_tag","embeddable":true,"href":"https:\/\/meier-gerdingh.de\/wp-spd-ob\/wp-json\/wp\/v2\/tags?post=138"},{"taxonomy":"quellen","embeddable":true,"href":"https:\/\/meier-gerdingh.de\/wp-spd-ob\/wp-json\/wp\/v2\/quellen?post=138"}],"curies":[{"name":"wp","href":"https:\/\/api.w.org\/{rel}","templated":true}]}}