{"id":139,"date":"2000-05-26T16:00:00","date_gmt":"2000-05-26T14:00:00","guid":{"rendered":"http:\/\/www.meier-gerdingh.de\/spd-oberhausen\/wp\/?p=139"},"modified":"2017-05-01T12:52:55","modified_gmt":"2017-05-01T10:52:55","slug":"spd-arbeitskreis-finanzen-begruesst-die-einfuehrung-des-gebaeude-und-immobilienmanagements","status":"publish","type":"post","link":"https:\/\/meier-gerdingh.de\/wp-spd-ob\/2000\/05\/26\/spd-arbeitskreis-finanzen-begruesst-die-einfuehrung-des-gebaeude-und-immobilienmanagements\/","title":{"rendered":"SPD-Arbeitskreis Finanzen begr\u00fc\u00dft die Einf\u00fchrung des Geb\u00e4ude- und Immobilienmanagements"},"content":{"rendered":"<div style=\"width: 150px\" class=\"wp-caption alignleft\"><a href=\"http:\/\/meier-gerdingh.de\/wp-spd-ob\/wp-content\/uploads\/wehling_99.jpg\"><img decoding=\"async\" class=\"size-full\" src=\"http:\/\/meier-gerdingh.de\/wp-spd-ob\/wp-content\/uploads\/wehling_99.jpg\" alt=\"Klaus Wehling\" width=\"140\" height=\"180\" \/><\/a><p class=\"wp-caption-text\">Klaus Wehling<\/p><\/div>\n<p>Mit Blick auf die weitreichende Dimension dieser im Rat der Stadt anstehenden Entscheidung hat die SPD-Fraktion beschlossen, alle Facetten und m\u00f6glichen Konsequenzen in den jeweiligen Facharbeitskreisen der Fraktion im Detail zu diskutieren. Dieser Verfahrensweg gew\u00e4hrleistet, dass in einer Sondersitzung der Gesamtfraktion eine fundierte Grundsatzentscheidung f\u00fcr den Rat der Stadt vorbereitet werden kann.<!--more--><\/p>\n<p>In seiner letzten Sitzung hat sich daher der Arbeitskreis Finanzen der SPD-Fraktion unter Leitung durch den B\u00fcrgermeister Klaus Wehling mit der umfangreichen und inhaltlich komplexen Vorlage der Verwaltung zur &#8222;Einf\u00fchrung eines Geb\u00e4ude- und Immobilienmanagements&#8220; besch\u00e4ftigt.<\/p>\n<p>B\u00fcrgermeister Klaus Wehling: &#8222;Diese Vorlage ist die entscheidende Weichenstellung f\u00fcr die Zukunft der Verwaltung unserer Stadt. Mit dieser Entscheidung ist verbunden, dass die bislang unter der \u00dcberschrift &#8222;Rathaus ohne \u00c4mter&#8220; zusammengefassten Aspekte zur Verbesserung der Dienstleitungsf\u00e4higkeit in vielen Bereichen mit Leben gef\u00fcllt und praktische Realit\u00e4t werden&#8220;.<\/p>\n<p>Aus der Bewertung des Arbeitskreises Finanzen ist eine konkrete Anregung mit Blick auf den zun\u00e4chst beabsichtigten Probebetrieb der OGM festzuhalten. Klaus Wehling hierzu: &#8222;Die Verwaltung soll aufgefordert werden, in den anstehenden Beratungsg\u00e4ngen in den Aussch\u00fcssen und im Rat ausf\u00fchrlich darzustellen, in welcher Organisationsform der Probebetrieb durchgef\u00fchrt werden soll und welche personellen und wirtschaftlichen Konsequenzen sich bereits durch die Entscheidung zum Probebetrieb ergeben.&#8220;<\/p>\n<p>Besonderen Wert legt der Arbeitskreis Finanzen der SPD-Fraktion darauf, dass mit dieser Projektumsetzung nicht nur langfristig Arbeitspl\u00e4tze gesichert werden, sondern dass die neue Organisationsform auch Anreize f\u00fcr die Besch\u00e4ftigten beinhaltet, die die Motivation zur Mitarbeit und Mitgestaltung steigern.<\/p>\n<p>Klaus Wehling abschlie\u00dfend: &#8222;Der Arbeitskreis hat als weiteren wesentlichen Schwerpunkt festgehalten, dass die Einf\u00fchrung des Immobilienmanagements nicht isoliert zu betrachten ist. Vielmehr k\u00f6nnen durch intelligente Verzahnungen im Konzern Stadtverwaltung, so z.B. im Rechnungswesen, weitere Arbeitspl\u00e4tze dauerhaft gesichert und bei diesem Beispiel &#8211; quasi als Nebenprodukt &#8211; einheitliche und erweiterte Controllingm\u00f6glichkeiten zur Kosten- und Leistungssteuerung f\u00fcr den Rat der Stadt und seine Gremien geschaffen werden.&#8220;<\/p>\n","protected":false},"excerpt":{"rendered":"<p>Mit Blick auf die weitreichende Dimension dieser im Rat der Stadt anstehenden Entscheidung hat die SPD-Fraktion beschlossen, alle Facetten und m\u00f6glichen Konsequenzen in den jeweiligen Facharbeitskreisen der Fraktion im Detail&hellip; <\/p>\n","protected":false},"author":1,"featured_media":0,"comment_status":"closed","ping_status":"closed","sticky":false,"template":"","format":"standard","meta":{"footnotes":""},"categories":[1],"tags":[],"quellen":[],"class_list":["post-139","post","type-post","status-publish","format-standard","hentry","category-allgemein"],"_links":{"self":[{"href":"https:\/\/meier-gerdingh.de\/wp-spd-ob\/wp-json\/wp\/v2\/posts\/139","targetHints":{"allow":["GET"]}}],"collection":[{"href":"https:\/\/meier-gerdingh.de\/wp-spd-ob\/wp-json\/wp\/v2\/posts"}],"about":[{"href":"https:\/\/meier-gerdingh.de\/wp-spd-ob\/wp-json\/wp\/v2\/types\/post"}],"author":[{"embeddable":true,"href":"https:\/\/meier-gerdingh.de\/wp-spd-ob\/wp-json\/wp\/v2\/users\/1"}],"replies":[{"embeddable":true,"href":"https:\/\/meier-gerdingh.de\/wp-spd-ob\/wp-json\/wp\/v2\/comments?post=139"}],"version-history":[{"count":0,"href":"https:\/\/meier-gerdingh.de\/wp-spd-ob\/wp-json\/wp\/v2\/posts\/139\/revisions"}],"wp:attachment":[{"href":"https:\/\/meier-gerdingh.de\/wp-spd-ob\/wp-json\/wp\/v2\/media?parent=139"}],"wp:term":[{"taxonomy":"category","embeddable":true,"href":"https:\/\/meier-gerdingh.de\/wp-spd-ob\/wp-json\/wp\/v2\/categories?post=139"},{"taxonomy":"post_tag","embeddable":true,"href":"https:\/\/meier-gerdingh.de\/wp-spd-ob\/wp-json\/wp\/v2\/tags?post=139"},{"taxonomy":"quellen","embeddable":true,"href":"https:\/\/meier-gerdingh.de\/wp-spd-ob\/wp-json\/wp\/v2\/quellen?post=139"}],"curies":[{"name":"wp","href":"https:\/\/api.w.org\/{rel}","templated":true}]}}