{"id":141,"date":"2000-06-20T16:00:00","date_gmt":"2000-06-20T14:00:00","guid":{"rendered":"http:\/\/www.meier-gerdingh.de\/spd-oberhausen\/wp\/?p=141"},"modified":"2017-05-01T12:52:19","modified_gmt":"2017-05-01T10:52:19","slug":"groschek-und-grosse-broemer-fuer-wichtige-landtagsausschuesse-benannt","status":"publish","type":"post","link":"https:\/\/meier-gerdingh.de\/wp-spd-ob\/2000\/06\/20\/groschek-und-grosse-broemer-fuer-wichtige-landtagsausschuesse-benannt\/","title":{"rendered":"Groschek und Gro\u00dfe Br\u00f6mer f\u00fcr wichtige Landtagsaussch\u00fcsse benannt"},"content":{"rendered":"<p><a href=\"http:\/\/meier-gerdingh.de\/wp-spd-ob\/wp-content\/uploads\/landtagganz1.jpg\"><img decoding=\"async\" class=\"size-full\" src=\"http:\/\/meier-gerdingh.de\/wp-spd-ob\/wp-content\/uploads\/landtagganz1.jpg\" alt=\"\" width=\"140\" height=\"187\" \/><\/a>Die neuen Oberhausener SPD-Landtagsabgeordneten Michael Groschek und Wolfgang Gro\u00dfe Br\u00f6mer sind von der SPD-Landtagsfraktion in politisch zentrale Aussch\u00fcsse berufen worden: Michael Groschek schaffte auf Anhieb den Sprung in den einflussreichen Ausschuss f\u00fcr Haushalt und Finanzen. Daneben ist er ordentliches Mitglied im Ausschuss f\u00fcr Haushaltskontrolle. Als stellvertretendes Mitglied benannte ihn die Landtagsfraktion f\u00fcr den Hauptausschuss sowie den Medienausschuss.<!--more--><\/p>\n<p>Als anerkannter Experte in Sachen Bildungspolitik freut sich Wolfgang Gro\u00dfe Br\u00f6mer auf die zuk\u00fcnftige Arbeit als ordentliches Mitglied im Landtagausschuss f\u00fcr Schule und Weiterbildung. Ebenfalls als ordentliches Mitglied wird Wolfgang Gro\u00dfe Br\u00f6mer dem Migrationsausschuss angeh\u00f6ren. Hier soll er nach dem Willen der SPD-Landtagsfraktion das Amt des stellvertretenden Ausschussvorsitzenden \u00fcbernehmen. Stellvertretendes Mitglied ist er im Haushaltausschuss und im Ausschuss f\u00fcr Arbeit, Gesundheit und Soziales.<\/p>\n","protected":false},"excerpt":{"rendered":"<p>Die neuen Oberhausener SPD-Landtagsabgeordneten Michael Groschek und Wolfgang Gro\u00dfe Br\u00f6mer sind von der SPD-Landtagsfraktion in politisch zentrale Aussch\u00fcsse berufen worden: Michael Groschek schaffte auf Anhieb den Sprung in den einflussreichen&hellip; <\/p>\n","protected":false},"author":1,"featured_media":0,"comment_status":"closed","ping_status":"closed","sticky":false,"template":"","format":"standard","meta":{"footnotes":""},"categories":[1],"tags":[],"quellen":[],"class_list":["post-141","post","type-post","status-publish","format-standard","hentry","category-allgemein"],"_links":{"self":[{"href":"https:\/\/meier-gerdingh.de\/wp-spd-ob\/wp-json\/wp\/v2\/posts\/141","targetHints":{"allow":["GET"]}}],"collection":[{"href":"https:\/\/meier-gerdingh.de\/wp-spd-ob\/wp-json\/wp\/v2\/posts"}],"about":[{"href":"https:\/\/meier-gerdingh.de\/wp-spd-ob\/wp-json\/wp\/v2\/types\/post"}],"author":[{"embeddable":true,"href":"https:\/\/meier-gerdingh.de\/wp-spd-ob\/wp-json\/wp\/v2\/users\/1"}],"replies":[{"embeddable":true,"href":"https:\/\/meier-gerdingh.de\/wp-spd-ob\/wp-json\/wp\/v2\/comments?post=141"}],"version-history":[{"count":0,"href":"https:\/\/meier-gerdingh.de\/wp-spd-ob\/wp-json\/wp\/v2\/posts\/141\/revisions"}],"wp:attachment":[{"href":"https:\/\/meier-gerdingh.de\/wp-spd-ob\/wp-json\/wp\/v2\/media?parent=141"}],"wp:term":[{"taxonomy":"category","embeddable":true,"href":"https:\/\/meier-gerdingh.de\/wp-spd-ob\/wp-json\/wp\/v2\/categories?post=141"},{"taxonomy":"post_tag","embeddable":true,"href":"https:\/\/meier-gerdingh.de\/wp-spd-ob\/wp-json\/wp\/v2\/tags?post=141"},{"taxonomy":"quellen","embeddable":true,"href":"https:\/\/meier-gerdingh.de\/wp-spd-ob\/wp-json\/wp\/v2\/quellen?post=141"}],"curies":[{"name":"wp","href":"https:\/\/api.w.org\/{rel}","templated":true}]}}