{"id":144,"date":"2000-08-15T16:00:00","date_gmt":"2000-08-15T14:00:00","guid":{"rendered":"http:\/\/www.meier-gerdingh.de\/spd-oberhausen\/wp\/?p=144"},"modified":"2017-05-01T12:50:28","modified_gmt":"2017-05-01T10:50:28","slug":"gesicht-zeigen-gegen-rechts","status":"publish","type":"post","link":"https:\/\/meier-gerdingh.de\/wp-spd-ob\/2000\/08\/15\/gesicht-zeigen-gegen-rechts\/","title":{"rendered":"Gesicht zeigen gegen Rechts"},"content":{"rendered":"<div style=\"width: 80px\" class=\"wp-caption alignleft\"><a href=\"http:\/\/meier-gerdingh.de\/wp-spd-ob\/wp-content\/uploads\/gesicht_zeigen.gif\"><img decoding=\"async\" class=\"size-full\" src=\"http:\/\/meier-gerdingh.de\/wp-spd-ob\/wp-content\/uploads\/gesicht_zeigen.gif\" alt=\"Logo Gesicht zeigen gegen Rechts\" width=\"70\" height=\"105\" \/><\/a><p class=\"wp-caption-text\">Logo Gesicht zeigen gegen Rechts<\/p><\/div>\n<p>In der gestrigen Sitzung der Fraktion bildete aus aktuellem Anlass eine Diskussion \u00fcber die Aktion gegen rechte Gewalt &#8222;Gesicht zeigen!&#8220; einen inhaltlichen Schwerpunkt. Einigkeit bestand in der Bewertung, dass mit einem Verbot der Partei NPD zwar Organisationsstrukturen zerschlagen werden k\u00f6nnten, das gesamtgesellschaftliche Problem jedoch nur mit wirksamen Konzepten zur politischen Aufkl\u00e4rungsarbeit anzugehen ist.<!--more--><\/p>\n<p>Als erste Konsequenz hat die SPD-Fraktion hierzu festgehalten, dass in den sogenannten &#8222;freiwilligen Aufgabengebieten&#8220; Jugend- und Sozialarbeit kein Versuchsfeld gesehen wird, in dem weitere Haushaltseinsparungen durch Aufgaben\u00fcberpr\u00fcfung zu erzielen sind.<\/p>\n<p>Konkret wird die SPD-Fraktion f\u00fcr die bevorstehende Sitzung des Rates der Stadt im \u00c4ltestenrat den Fraktionen und Gruppierungen eine gemeinsame Initiative zur Beteiligung an der Aktion &#8222;Gesicht zeigen&#8220; vorschlagen. Hierzu ist angedacht, mit einer entsprechend \u00f6ffentlich dargestellten Aktion des Rates der Stadt die Oberhausener Bev\u00f6lkerung aufzurufen, durch \u00dcbersendung von Passfoto und Unterschrift Gesicht zu zeigen.<\/p>\n<p>Diese Aktion k\u00f6nnte, so die Vorstellung der Sozialdemokraten, bei der st\u00e4dtischen Gedenkhalle geb\u00fcndelt und dokumentiert werden.<\/p>\n","protected":false},"excerpt":{"rendered":"<p>In der gestrigen Sitzung der Fraktion bildete aus aktuellem Anlass eine Diskussion \u00fcber die Aktion gegen rechte Gewalt &#8222;Gesicht zeigen!&#8220; einen inhaltlichen Schwerpunkt. Einigkeit bestand in der Bewertung, dass mit&hellip; <\/p>\n","protected":false},"author":1,"featured_media":0,"comment_status":"closed","ping_status":"closed","sticky":false,"template":"","format":"standard","meta":{"footnotes":""},"categories":[1],"tags":[],"quellen":[],"class_list":["post-144","post","type-post","status-publish","format-standard","hentry","category-allgemein"],"_links":{"self":[{"href":"https:\/\/meier-gerdingh.de\/wp-spd-ob\/wp-json\/wp\/v2\/posts\/144","targetHints":{"allow":["GET"]}}],"collection":[{"href":"https:\/\/meier-gerdingh.de\/wp-spd-ob\/wp-json\/wp\/v2\/posts"}],"about":[{"href":"https:\/\/meier-gerdingh.de\/wp-spd-ob\/wp-json\/wp\/v2\/types\/post"}],"author":[{"embeddable":true,"href":"https:\/\/meier-gerdingh.de\/wp-spd-ob\/wp-json\/wp\/v2\/users\/1"}],"replies":[{"embeddable":true,"href":"https:\/\/meier-gerdingh.de\/wp-spd-ob\/wp-json\/wp\/v2\/comments?post=144"}],"version-history":[{"count":0,"href":"https:\/\/meier-gerdingh.de\/wp-spd-ob\/wp-json\/wp\/v2\/posts\/144\/revisions"}],"wp:attachment":[{"href":"https:\/\/meier-gerdingh.de\/wp-spd-ob\/wp-json\/wp\/v2\/media?parent=144"}],"wp:term":[{"taxonomy":"category","embeddable":true,"href":"https:\/\/meier-gerdingh.de\/wp-spd-ob\/wp-json\/wp\/v2\/categories?post=144"},{"taxonomy":"post_tag","embeddable":true,"href":"https:\/\/meier-gerdingh.de\/wp-spd-ob\/wp-json\/wp\/v2\/tags?post=144"},{"taxonomy":"quellen","embeddable":true,"href":"https:\/\/meier-gerdingh.de\/wp-spd-ob\/wp-json\/wp\/v2\/quellen?post=144"}],"curies":[{"name":"wp","href":"https:\/\/api.w.org\/{rel}","templated":true}]}}