{"id":146,"date":"2000-08-24T16:00:00","date_gmt":"2000-08-24T14:00:00","guid":{"rendered":"http:\/\/www.meier-gerdingh.de\/spd-oberhausen\/wp\/?p=146"},"modified":"2000-08-24T16:00:00","modified_gmt":"2000-08-24T14:00:00","slug":"verhandlungen-oetv-und-stadt-sollen-bewertet-werden","status":"publish","type":"post","link":"https:\/\/meier-gerdingh.de\/wp-spd-ob\/2000\/08\/24\/verhandlungen-oetv-und-stadt-sollen-bewertet-werden\/","title":{"rendered":"Verhandlungen \u00d6TV und Stadt sollen bewertet werden"},"content":{"rendered":"<p><div style=\"width: 70px\" class=\"wp-caption alignleft\"><a href=\"http:\/\/meier-gerdingh.de\/wp-spd-ob\/wp-content\/uploads\/oetv.gif\"><img decoding=\"async\" src=\"http:\/\/meier-gerdingh.de\/wp-spd-ob\/wp-content\/uploads\/oetv.gif\"  width=\"60\" height=\"40\" alt=\"Logo \u00d6TV\" class=\"size-full\" \/><\/a><p class=\"wp-caption-text\">Logo \u00d6TV<\/p><\/div>Der Sachstand der Verhandlungen zwischen der Gewerkschaft \u00d6TV und der Stadt Oberhausen zu grundlegenden Fragen bei der Neuordnung der Verwaltung soll in einer aktuellen Stunde in der bevorstehenden Ratssitzung diskutiert werden.<!--more--><\/p>\n<p>Fraktionschef Michael Groschek hierzu: &#8222;Unser Weg, die Neukonzipierung des Oberhausener Geb\u00e4udemanagements nur auf Grundlage eines engen Schulterschlusses mit der Gewerkschaft \u00d6TV gehen zu wollen, soll durch die Aktuelle Stunde in der Ratssitzung am Montag bewertet werden. F\u00fcr uns Sozialdemokraten gilt: Alle sozialen Standards der zur Zeit Besch\u00e4ftigten gelten auch in der neuen Organisationsform weiter.&#8220;<\/p>\n<p>Dass hierzu ein Modell entwickelt worden ist, das eine Mitgliedschaft im kommunalen Arbeitgeberverband nicht ausschlie\u00dft und neuen Besch\u00e4ftigten eine tarifvertragliche Grundlage bietet, ist nach erster Bewertung der Oberhausener Sozialdemokraten ein gutes Ergebnis der offenen und konsensorientierten Verhandlungsrunden.<\/p>\n","protected":false},"excerpt":{"rendered":"<p>Der Sachstand der Verhandlungen zwischen der Gewerkschaft \u00d6TV und der Stadt Oberhausen zu grundlegenden Fragen bei der Neuordnung der Verwaltung soll in einer aktuellen Stunde in der bevorstehenden Ratssitzung diskutiert&hellip; <\/p>\n","protected":false},"author":1,"featured_media":0,"comment_status":"closed","ping_status":"closed","sticky":false,"template":"","format":"standard","meta":{"footnotes":""},"categories":[1],"tags":[],"quellen":[],"class_list":["post-146","post","type-post","status-publish","format-standard","hentry","category-allgemein"],"_links":{"self":[{"href":"https:\/\/meier-gerdingh.de\/wp-spd-ob\/wp-json\/wp\/v2\/posts\/146","targetHints":{"allow":["GET"]}}],"collection":[{"href":"https:\/\/meier-gerdingh.de\/wp-spd-ob\/wp-json\/wp\/v2\/posts"}],"about":[{"href":"https:\/\/meier-gerdingh.de\/wp-spd-ob\/wp-json\/wp\/v2\/types\/post"}],"author":[{"embeddable":true,"href":"https:\/\/meier-gerdingh.de\/wp-spd-ob\/wp-json\/wp\/v2\/users\/1"}],"replies":[{"embeddable":true,"href":"https:\/\/meier-gerdingh.de\/wp-spd-ob\/wp-json\/wp\/v2\/comments?post=146"}],"version-history":[{"count":0,"href":"https:\/\/meier-gerdingh.de\/wp-spd-ob\/wp-json\/wp\/v2\/posts\/146\/revisions"}],"wp:attachment":[{"href":"https:\/\/meier-gerdingh.de\/wp-spd-ob\/wp-json\/wp\/v2\/media?parent=146"}],"wp:term":[{"taxonomy":"category","embeddable":true,"href":"https:\/\/meier-gerdingh.de\/wp-spd-ob\/wp-json\/wp\/v2\/categories?post=146"},{"taxonomy":"post_tag","embeddable":true,"href":"https:\/\/meier-gerdingh.de\/wp-spd-ob\/wp-json\/wp\/v2\/tags?post=146"},{"taxonomy":"quellen","embeddable":true,"href":"https:\/\/meier-gerdingh.de\/wp-spd-ob\/wp-json\/wp\/v2\/quellen?post=146"}],"curies":[{"name":"wp","href":"https:\/\/api.w.org\/{rel}","templated":true}]}}