{"id":149,"date":"2000-09-07T16:00:00","date_gmt":"2000-09-07T14:00:00","guid":{"rendered":"http:\/\/www.meier-gerdingh.de\/spd-oberhausen\/wp\/?p=149"},"modified":"2000-09-07T16:00:00","modified_gmt":"2000-09-07T14:00:00","slug":"frieda-konkurs-bedeutet-nicht-das-ende-fuer-frauenqualifizierung-in-oberhausen","status":"publish","type":"post","link":"https:\/\/meier-gerdingh.de\/wp-spd-ob\/2000\/09\/07\/frieda-konkurs-bedeutet-nicht-das-ende-fuer-frauenqualifizierung-in-oberhausen\/","title":{"rendered":"Frieda-Konkurs bedeutet nicht das Ende f\u00fcr Frauenqualifizierung in Oberhausen"},"content":{"rendered":"<p><div style=\"width: 150px\" class=\"wp-caption alignleft\"><a href=\"http:\/\/meier-gerdingh.de\/wp-spd-ob\/wp-content\/uploads\/groschek.jpg\"><img decoding=\"async\" src=\"http:\/\/meier-gerdingh.de\/wp-spd-ob\/wp-content\/uploads\/groschek.jpg\"  width=\"140\" height=\"180\" alt=\"Michael Groschek\" class=\"size-full\" \/><\/a><p class=\"wp-caption-text\">Michael Groschek<\/p><\/div>Nachdem der zust\u00e4ndige Beigeordnete der Verwaltung, Udo Spiecker, bereits in der letzten Ratssitzung aktuell von Schwierigkeiten bei der Frieda gGmbH berichtet hatte, hat sich der Vorstand der SPD-Fraktion in seiner Sitzung am vergangenen Montag schwerpunktm\u00e4\u00dfig mit m\u00f6glichen Konsequenzen besch\u00e4ftigt und folgende Eckpunkte einvernehmlich beschlossen:<!--more--><\/p>\n<p>Das sozialdemokratisch gewollte Anliegen, eine Qualifizierungsl\u00fccke f\u00fcr ansonsten erwerbslose Frauen schlie\u00dfen zu wollen, ist auch nach dem Scheitern des Modells Frieda nach wie vor gemeinsame Position.<\/p>\n<p>Zur Fortf\u00fchrung dieser sozialpolitisch sinnvollen Qualifizierungsma\u00dfnahmen sind in enger Kooperation mit der Arbeitsverwaltung alternative Organisationsmodelle zu entwickeln, die einem Neubeginn eine betriebswirtschaftlich fundierte Basis bieten. Hierzu m\u00fcssen Gespr\u00e4che mit kommunalen Einrichtungen (BFO, FUNT) und mit der am Ort etablierten Tr\u00e4gerlandschaft gef\u00fchrt werden.<\/p>\n<p>Bei allen Modellen muss eine Nutzung des Geb\u00e4udes nach den F\u00f6rderbestimmungen gew\u00e4hrleistet bleiben.<\/p>\n<p>Zu gew\u00e4hrleisten ist, dass alle Teilnehmerinnen der aktuell laufenden Ma\u00dfnahmen den gew\u00fcnschten Abschluss erreichen k\u00f6nnen.<\/p>\n<p>Die durch Frieda bislang geleistete Kindergartenverpflegung ist unter allen Umst\u00e4nden zu gew\u00e4hrleisten.<\/p>\n<p>Fraktionschef Groschek: &#8222;Zu den nunmehr eingeleiteten, rechtlich erforderlichen Schritten sind zun\u00e4chst die Konsequenzen aus den ersten Analysen des einzusetzenden Insolvenzverwalters f\u00fcr die bestehende Gesellschaftskonstruktion abzuwarten. Das Scheitern der jetzigen Struktur in diesem Feld der Frauenf\u00f6rderung muss als Chance zu einem konzeptionellen Neustart genutzt werden, der eine betriebswirtschaftlich fundierte und solide gerechnete Grundlage im Mittelpunkt hat.&#8220;<\/p>\n<p>In der Sitzung am kommenden Montag wird sich die Gesamtfraktion mit der Empfehlung besch\u00e4ftigen und, soweit neue Erkenntnisse vorliegen, diese bewerten.<\/p>\n","protected":false},"excerpt":{"rendered":"<p>Nachdem der zust\u00e4ndige Beigeordnete der Verwaltung, Udo Spiecker, bereits in der letzten Ratssitzung aktuell von Schwierigkeiten bei der Frieda gGmbH berichtet hatte, hat sich der Vorstand der SPD-Fraktion in seiner&hellip; <\/p>\n","protected":false},"author":1,"featured_media":0,"comment_status":"closed","ping_status":"closed","sticky":false,"template":"","format":"standard","meta":{"footnotes":""},"categories":[1],"tags":[],"quellen":[],"class_list":["post-149","post","type-post","status-publish","format-standard","hentry","category-allgemein"],"_links":{"self":[{"href":"https:\/\/meier-gerdingh.de\/wp-spd-ob\/wp-json\/wp\/v2\/posts\/149","targetHints":{"allow":["GET"]}}],"collection":[{"href":"https:\/\/meier-gerdingh.de\/wp-spd-ob\/wp-json\/wp\/v2\/posts"}],"about":[{"href":"https:\/\/meier-gerdingh.de\/wp-spd-ob\/wp-json\/wp\/v2\/types\/post"}],"author":[{"embeddable":true,"href":"https:\/\/meier-gerdingh.de\/wp-spd-ob\/wp-json\/wp\/v2\/users\/1"}],"replies":[{"embeddable":true,"href":"https:\/\/meier-gerdingh.de\/wp-spd-ob\/wp-json\/wp\/v2\/comments?post=149"}],"version-history":[{"count":0,"href":"https:\/\/meier-gerdingh.de\/wp-spd-ob\/wp-json\/wp\/v2\/posts\/149\/revisions"}],"wp:attachment":[{"href":"https:\/\/meier-gerdingh.de\/wp-spd-ob\/wp-json\/wp\/v2\/media?parent=149"}],"wp:term":[{"taxonomy":"category","embeddable":true,"href":"https:\/\/meier-gerdingh.de\/wp-spd-ob\/wp-json\/wp\/v2\/categories?post=149"},{"taxonomy":"post_tag","embeddable":true,"href":"https:\/\/meier-gerdingh.de\/wp-spd-ob\/wp-json\/wp\/v2\/tags?post=149"},{"taxonomy":"quellen","embeddable":true,"href":"https:\/\/meier-gerdingh.de\/wp-spd-ob\/wp-json\/wp\/v2\/quellen?post=149"}],"curies":[{"name":"wp","href":"https:\/\/api.w.org\/{rel}","templated":true}]}}