{"id":150,"date":"2000-09-13T16:00:00","date_gmt":"2000-09-13T14:00:00","guid":{"rendered":"http:\/\/www.meier-gerdingh.de\/spd-oberhausen\/wp\/?p=150"},"modified":"2000-09-13T16:00:00","modified_gmt":"2000-09-13T14:00:00","slug":"oberhausen-gemeinsam-gegen-rechts","status":"publish","type":"post","link":"https:\/\/meier-gerdingh.de\/wp-spd-ob\/2000\/09\/13\/oberhausen-gemeinsam-gegen-rechts\/","title":{"rendered":"Oberhausen gemeinsam gegen Rechts"},"content":{"rendered":"<p><div style=\"width: 80px\" class=\"wp-caption alignleft\"><a href=\"http:\/\/meier-gerdingh.de\/wp-spd-ob\/wp-content\/uploads\/gesicht_zeigen.gif\"><img decoding=\"async\" src=\"http:\/\/meier-gerdingh.de\/wp-spd-ob\/wp-content\/uploads\/gesicht_zeigen.gif\"  width=\"70\" height=\"105\" alt=\"Logo Gesicht zeigen gegen Rechts\" class=\"size-full\" \/><\/a><p class=\"wp-caption-text\">Logo Gesicht zeigen gegen Rechts<\/p><\/div>Ausdr\u00fccklich begr\u00fc\u00dft hat die SPD-Ratsfraktion die Initiative der Oberhausener Kirchen, zu einem &#8222;runden Tisch gegen Rechtsradikalismus&#8220; einzuladen. Um das in der Einladung der evangelischen und katholischen Kirche formulierte Ziel, ein &#8222;breites B\u00fcndnis f\u00fcr Demokratie, Toleranz und gegen Rechtsradikalismus&#8220; zu unterst\u00fctzen, schl\u00e4gt die SPD vor, die vom Land angek\u00fcndigten Mittel f\u00fcr den Kampf gegen Rechts \u00fcber diesen Runden Tisch zu verteilen.<!--more--><\/p>\n<p>Auf Initiative der SPD-Landtagsfraktion wird das Land NordrheinWestfalen 1,00 DM pro Einwohner f\u00fcr Projekte zur Bek\u00e4mpfung des Rechtsradikalismus zur Verf\u00fcgung stellen, erl\u00e4uterte der SPD-Ratsfraktionsvorsitzende Michael Groschek, MdL. &#8222;Wir wollen, dass mit diesen Mitteln das b\u00fcrgerschaftliche Engagement f\u00fcr Toleranz und gegen Gewalt gest\u00e4rkt wird.&#8220;<\/p>\n<p>Der runde Tisch, zu dem alle Gruppen eingeladen sind, die die genannten Ziele unterst\u00fctzen, so u.a. der Ausl\u00e4nderbeirat, die Gewerkschaften und die j\u00fcdische Gemeinde, sei geeignet, die Aktivit\u00e4ten der Oberhausener B\u00fcrgerinnen und B\u00fcrger zu b\u00fcndeln. &#8222;Wir sehen hier die M\u00f6glichkeit, in Oberhausen gemeinsam ein Zeichen gegen Rechts zu setzen&#8220;, unterstreicht der SPD- Landtagsabgeordnete Wolfgang Gro\u00dfe Br\u00f6mer.<\/p>\n<p>Nach dem Willen des Landes sollen mit den Geldern Ma\u00dfnahmen zur Sammlung von Informationen \u00fcber rechte Gewalt, Projekte zur F\u00f6rderung von Toleranz und Ma\u00dfnahmen zur St\u00e4rkung der Zivilcourage gef\u00f6rdert werden. Um dies zu gew\u00e4hrleisten, sei der runde Tisch der richtige Ort. Deshalb hat die SPD-Fraktion Oberb\u00fcrgermeister Burkhard Drescher gebeten, diesen Vorschlag mit allen Ratsfraktionen und Gruppen zu besprechen, damit er bei der Konstituierung des Runden Tisches am 19.\u00a0September behandelt werden kann.<\/p>\n","protected":false},"excerpt":{"rendered":"<p>Ausdr\u00fccklich begr\u00fc\u00dft hat die SPD-Ratsfraktion die Initiative der Oberhausener Kirchen, zu einem &#8222;runden Tisch gegen Rechtsradikalismus&#8220; einzuladen. Um das in der Einladung der evangelischen und katholischen Kirche formulierte Ziel, ein&hellip; <\/p>\n","protected":false},"author":1,"featured_media":0,"comment_status":"closed","ping_status":"closed","sticky":false,"template":"","format":"standard","meta":{"footnotes":""},"categories":[1],"tags":[],"quellen":[],"class_list":["post-150","post","type-post","status-publish","format-standard","hentry","category-allgemein"],"_links":{"self":[{"href":"https:\/\/meier-gerdingh.de\/wp-spd-ob\/wp-json\/wp\/v2\/posts\/150","targetHints":{"allow":["GET"]}}],"collection":[{"href":"https:\/\/meier-gerdingh.de\/wp-spd-ob\/wp-json\/wp\/v2\/posts"}],"about":[{"href":"https:\/\/meier-gerdingh.de\/wp-spd-ob\/wp-json\/wp\/v2\/types\/post"}],"author":[{"embeddable":true,"href":"https:\/\/meier-gerdingh.de\/wp-spd-ob\/wp-json\/wp\/v2\/users\/1"}],"replies":[{"embeddable":true,"href":"https:\/\/meier-gerdingh.de\/wp-spd-ob\/wp-json\/wp\/v2\/comments?post=150"}],"version-history":[{"count":0,"href":"https:\/\/meier-gerdingh.de\/wp-spd-ob\/wp-json\/wp\/v2\/posts\/150\/revisions"}],"wp:attachment":[{"href":"https:\/\/meier-gerdingh.de\/wp-spd-ob\/wp-json\/wp\/v2\/media?parent=150"}],"wp:term":[{"taxonomy":"category","embeddable":true,"href":"https:\/\/meier-gerdingh.de\/wp-spd-ob\/wp-json\/wp\/v2\/categories?post=150"},{"taxonomy":"post_tag","embeddable":true,"href":"https:\/\/meier-gerdingh.de\/wp-spd-ob\/wp-json\/wp\/v2\/tags?post=150"},{"taxonomy":"quellen","embeddable":true,"href":"https:\/\/meier-gerdingh.de\/wp-spd-ob\/wp-json\/wp\/v2\/quellen?post=150"}],"curies":[{"name":"wp","href":"https:\/\/api.w.org\/{rel}","templated":true}]}}