{"id":153,"date":"2000-11-02T17:00:00","date_gmt":"2000-11-02T15:00:00","guid":{"rendered":"http:\/\/www.meier-gerdingh.de\/spd-oberhausen\/wp\/?p=153"},"modified":"2017-05-02T16:51:15","modified_gmt":"2017-05-02T14:51:15","slug":"land-foerdert-kinder-aus-migrantenfamilien","status":"publish","type":"post","link":"https:\/\/meier-gerdingh.de\/wp-spd-ob\/2000\/11\/02\/land-foerdert-kinder-aus-migrantenfamilien\/","title":{"rendered":"Land f\u00f6rdert Kinder aus Migrantenfamilien"},"content":{"rendered":"<p><a href=\"http:\/\/meier-gerdingh.de\/wp-spd-ob\/wp-content\/uploads\/groschek.jpg\"><img decoding=\"async\" class=\"size-full alignleft\" src=\"http:\/\/meier-gerdingh.de\/wp-spd-ob\/wp-content\/uploads\/groschek.jpg\" alt=\"\" width=\"140\" height=\"180\" \/><\/a>Der Haushaltsausschuss des NRW-Landtags hat gestern gr\u00fcnes Licht f\u00fcr eine verst\u00e4rkte F\u00f6rderung von Kindern aus Migrantenfamilien gegeben. Dies teilt der Oberhausener Landtagsabgeordnete Michael Groschek mit. Ziel der Initiative: M\u00f6glichst alle Kinder sollen sp\u00e4testens zum Ende des ersten Schuljahres die deutsche Sprache soweit beherrschen, dass sie mit Erfolg am Unterricht teilnehmen k\u00f6nnen. Daf\u00fcr ist es erforderlich, bereits vor der Einschulung und w\u00e4hrend der Einschulungsphase mit dem Unterricht in deutscher Sprache zu beginnen.<!--more--><\/p>\n<p>Auf Antrag von SPD und Gr\u00fcnen werden die nordrhein-westf\u00e4lischen Grundschulen deshalb zus\u00e4tzlich 1,2 Millionen Mark zur vorschulischen und schulischen Sprachf\u00f6rderung von Migrantenkindern erhalten.<\/p>\n<p>Groschek: &#8222;W\u00e4hrend die Merz-Meyer-Merkel-CDU das schwierige Thema Integration missbraucht, um ihr parteipolitisches S\u00fcppchen zu kochen, geben wir in NRW ganz praktische und konkrete Eingliederungshilfen. Denn wer ausl\u00e4ndischen Kindern eine echte Br\u00fccke in die deutsche Gesellschaft bauen will, muss zuallererst vorhandene Sprachbarrieren abbauen.&#8220;<\/p>\n","protected":false},"excerpt":{"rendered":"<p>Der Haushaltsausschuss des NRW-Landtags hat gestern gr\u00fcnes Licht f\u00fcr eine verst\u00e4rkte F\u00f6rderung von Kindern aus Migrantenfamilien gegeben. Dies teilt der Oberhausener Landtagsabgeordnete Michael Groschek mit. Ziel der Initiative: M\u00f6glichst alle&hellip; <\/p>\n","protected":false},"author":1,"featured_media":0,"comment_status":"closed","ping_status":"closed","sticky":false,"template":"","format":"standard","meta":{"footnotes":""},"categories":[1],"tags":[],"quellen":[],"class_list":["post-153","post","type-post","status-publish","format-standard","hentry","category-allgemein"],"_links":{"self":[{"href":"https:\/\/meier-gerdingh.de\/wp-spd-ob\/wp-json\/wp\/v2\/posts\/153","targetHints":{"allow":["GET"]}}],"collection":[{"href":"https:\/\/meier-gerdingh.de\/wp-spd-ob\/wp-json\/wp\/v2\/posts"}],"about":[{"href":"https:\/\/meier-gerdingh.de\/wp-spd-ob\/wp-json\/wp\/v2\/types\/post"}],"author":[{"embeddable":true,"href":"https:\/\/meier-gerdingh.de\/wp-spd-ob\/wp-json\/wp\/v2\/users\/1"}],"replies":[{"embeddable":true,"href":"https:\/\/meier-gerdingh.de\/wp-spd-ob\/wp-json\/wp\/v2\/comments?post=153"}],"version-history":[{"count":0,"href":"https:\/\/meier-gerdingh.de\/wp-spd-ob\/wp-json\/wp\/v2\/posts\/153\/revisions"}],"wp:attachment":[{"href":"https:\/\/meier-gerdingh.de\/wp-spd-ob\/wp-json\/wp\/v2\/media?parent=153"}],"wp:term":[{"taxonomy":"category","embeddable":true,"href":"https:\/\/meier-gerdingh.de\/wp-spd-ob\/wp-json\/wp\/v2\/categories?post=153"},{"taxonomy":"post_tag","embeddable":true,"href":"https:\/\/meier-gerdingh.de\/wp-spd-ob\/wp-json\/wp\/v2\/tags?post=153"},{"taxonomy":"quellen","embeddable":true,"href":"https:\/\/meier-gerdingh.de\/wp-spd-ob\/wp-json\/wp\/v2\/quellen?post=153"}],"curies":[{"name":"wp","href":"https:\/\/api.w.org\/{rel}","templated":true}]}}