{"id":155,"date":"2000-11-10T17:00:00","date_gmt":"2000-11-10T15:00:00","guid":{"rendered":"http:\/\/www.meier-gerdingh.de\/spd-oberhausen\/wp\/?p=155"},"modified":"2017-05-02T17:19:06","modified_gmt":"2017-05-02T15:19:06","slug":"oberhausen-ist-spitzenreiter-bei-der-beschaeftigung-von-frauen","status":"publish","type":"post","link":"https:\/\/meier-gerdingh.de\/wp-spd-ob\/2000\/11\/10\/oberhausen-ist-spitzenreiter-bei-der-beschaeftigung-von-frauen\/","title":{"rendered":"&#8222;Oberhausen ist Spitzenreiter bei der Besch\u00e4ftigung von Frauen&#8220;"},"content":{"rendered":"<div style=\"width: 150px\" class=\"wp-caption alignleft\"><a href=\"http:\/\/meier-gerdingh.de\/wp-spd-ob\/wp-content\/uploads\/janssena.jpg\"><img decoding=\"async\" class=\"size-full\" src=\"http:\/\/meier-gerdingh.de\/wp-spd-ob\/wp-content\/uploads\/janssena.jpg\" alt=\"Anne Jan\u00dfen - Stellvertretende SPD-Fraktionsvorsitzende\" width=\"140\" height=\"181\" \/><\/a><p class=\"wp-caption-text\">Anne Jan\u00dfen &#8211; Stellvertretende SPD-Fraktionsvorsitzende<\/p><\/div>\n<p>Die Initiativen zur Frauenf\u00f6rderung in unserer Stadt sieht die stellvertretende Vorsitzende der SPD-Fraktion, Anne Jan\u00dfen, mit diesem Zitat aus dem aktuell vorgelegten &#8222;Frauenatlas Ruhrgebiet&#8220; best\u00e4tigt. Denn im regionalen Vergleich belegt Oberhausen die Spitzenposition bei der Besch\u00e4ftigung von Frauen. W\u00e4hrend im Ruhrgebiet der Frauenanteil an den sozialversicherungspflichtigen Besch\u00e4ftigten durchschnittlich 41\u00a0% betr\u00e4gt, liegt diese Quote in Oberhausen bei 44\u00a0%.<!--more--><\/p>\n<p>Dies ist nach erster Auswertung ein weiterer Beleg daf\u00fcr, dass in Oberhausen eine richtige Weichenstellung in der Frauenpolitik erfolgt ist, so Anne Jan\u00dfen.<\/p>\n<p>Perspektivisch wird die SPD-Fraktion initiieren, dass die anstehende Beratung des Frauenf\u00f6rderplanes auf breitere Basis gestellt werden soll. Nach Vorstellung der Sozialdemokraten soll eine noch zu bildende, interfraktionelle Kommission zur Vorberatung des Frauenf\u00f6rderplanes eingerichtet werden.<\/p>\n","protected":false},"excerpt":{"rendered":"<p>Die Initiativen zur Frauenf\u00f6rderung in unserer Stadt sieht die stellvertretende Vorsitzende der SPD-Fraktion, Anne Jan\u00dfen, mit diesem Zitat aus dem aktuell vorgelegten &#8222;Frauenatlas Ruhrgebiet&#8220; best\u00e4tigt. Denn im regionalen Vergleich belegt&hellip; <\/p>\n","protected":false},"author":1,"featured_media":0,"comment_status":"closed","ping_status":"closed","sticky":false,"template":"","format":"standard","meta":{"footnotes":""},"categories":[1],"tags":[],"quellen":[],"class_list":["post-155","post","type-post","status-publish","format-standard","hentry","category-allgemein"],"_links":{"self":[{"href":"https:\/\/meier-gerdingh.de\/wp-spd-ob\/wp-json\/wp\/v2\/posts\/155","targetHints":{"allow":["GET"]}}],"collection":[{"href":"https:\/\/meier-gerdingh.de\/wp-spd-ob\/wp-json\/wp\/v2\/posts"}],"about":[{"href":"https:\/\/meier-gerdingh.de\/wp-spd-ob\/wp-json\/wp\/v2\/types\/post"}],"author":[{"embeddable":true,"href":"https:\/\/meier-gerdingh.de\/wp-spd-ob\/wp-json\/wp\/v2\/users\/1"}],"replies":[{"embeddable":true,"href":"https:\/\/meier-gerdingh.de\/wp-spd-ob\/wp-json\/wp\/v2\/comments?post=155"}],"version-history":[{"count":0,"href":"https:\/\/meier-gerdingh.de\/wp-spd-ob\/wp-json\/wp\/v2\/posts\/155\/revisions"}],"wp:attachment":[{"href":"https:\/\/meier-gerdingh.de\/wp-spd-ob\/wp-json\/wp\/v2\/media?parent=155"}],"wp:term":[{"taxonomy":"category","embeddable":true,"href":"https:\/\/meier-gerdingh.de\/wp-spd-ob\/wp-json\/wp\/v2\/categories?post=155"},{"taxonomy":"post_tag","embeddable":true,"href":"https:\/\/meier-gerdingh.de\/wp-spd-ob\/wp-json\/wp\/v2\/tags?post=155"},{"taxonomy":"quellen","embeddable":true,"href":"https:\/\/meier-gerdingh.de\/wp-spd-ob\/wp-json\/wp\/v2\/quellen?post=155"}],"curies":[{"name":"wp","href":"https:\/\/api.w.org\/{rel}","templated":true}]}}