{"id":157,"date":"2000-11-22T17:00:00","date_gmt":"2000-11-22T15:00:00","guid":{"rendered":"http:\/\/www.meier-gerdingh.de\/spd-oberhausen\/wp\/?p=157"},"modified":"2017-05-02T17:20:51","modified_gmt":"2017-05-02T15:20:51","slug":"spd-fraktion-forciert-umbau-der-kernverwaltung","status":"publish","type":"post","link":"https:\/\/meier-gerdingh.de\/wp-spd-ob\/2000\/11\/22\/spd-fraktion-forciert-umbau-der-kernverwaltung\/","title":{"rendered":"SPD-Fraktion forciert Umbau der Kernverwaltung"},"content":{"rendered":"<div style=\"width: 150px\" class=\"wp-caption alignleft\"><a href=\"http:\/\/meier-gerdingh.de\/wp-spd-ob\/wp-content\/uploads\/rathaus.jpg\"><img decoding=\"async\" class=\"size-full\" src=\"http:\/\/meier-gerdingh.de\/wp-spd-ob\/wp-content\/uploads\/rathaus.jpg\" alt=\"Rathaus Oberhausen\" width=\"140\" height=\"189\" \/><\/a><p class=\"wp-caption-text\">Rathaus Oberhausen<\/p><\/div>\n<p>Eine interfraktionelle Projektgruppe soll die anstehende Reorganisation der Kernverwaltung politisch begleiten. Mit diesem Antrag der SPD-Fraktion wird sich der Rat der Stadt auf seiner Sitzung am 11.\u00a0Dezember befassen.<!--more--><\/p>\n<p>Der SPD-Antrag im Wortlaut:<\/p>\n<p>&#8222;Gr\u00f6\u00dfere Effizienz der Aufgabenerledigung und ein hohes Ma\u00df an Kundenzufriedenheit belegen den nachhaltigen Erfolg der Verwaltungsmodernisierung in unserer Stadt. Mit der Einrichtung des st\u00e4dtischen Geb\u00e4ude-Managements und der Neuorganisation des Kulturbereichs hat Oberhausen in j\u00fcngster Zeit weitere wichtige Schritte auf dem Weg zum &#8222;Konzern Stadt&#8220; zur\u00fcckgelegt.<\/p>\n<p>Um die erreichte Qualit\u00e4t der st\u00e4dtischen Dienstleistungsangebote f\u00fcr die B\u00fcrgerinnen und B\u00fcrger auch in Zukunft zu sichern, fordert der Rat der Stadt Oberhausen die Verwaltung auf, ein umfassendes Konzept zur Reorganisation der Kernverwaltung zu erarbeiten.<\/p>\n<p>&#8222;Rationalisierung&#8220;, &#8222;Regionalisierung&#8220; und &#8222;Technisierung&#8220; beschreiben dabei schlagwortartig die zentralen Anforderungen, die an eine moderne Stadtverwaltung zu Beginn des 21. Jahrhunderts zu stellen sind:<\/p>\n<p>Roter Faden bei der Reorganisation muss es sein, Rationalisierungs- und Einsparpotentiale voll auszusch\u00f6pfen. Nur so l\u00e4sst sich der erreichte Standard der kommunalen Serviceleistungen auch unter schwierigen finanziellen Rahmenbedingungen erhalten.<\/p>\n<p>Unabh\u00e4ngig von der aktuellen Diskussion um die &#8222;Ruhrstadt&#8220; bekundet die Stadt Oberhausen ihre Bereitschaft zu einer verst\u00e4rkten regionalen Kooperation und Zusammenarbeit auch im Bereich klassischer Verwaltungsdienstleistungen.<\/p>\n<p>Eine konsequente Nutzung der neuen Kommunikationstechnologien ist ein unverzichtbarer Baustein der Verwaltungsmodernisierung. Sowohl verwaltungsintern als auch im Gesch\u00e4ftsverkehr mit B\u00fcrgern und Unternehmen erm\u00f6glicht das &#8222;Virtuelle Rathaus&#8220; eine Optimierung von Verwaltungsabl\u00e4ufen und Arbeitsprozessen, die mittelfristig auch zu Kostenreduktionen in betr\u00e4chtlichem Umfang beitragen kann.<\/p>\n<p>Um die politische Steuerung und Kontrolle des Reformprozesses institutionell abzusichern, bildet der Rat der Stadt Oberhausen aus seiner Mitte eine zeitlich befristete Projektgruppe &#8222;Reform der Kernverwaltung&#8220;. Der \u00c4ltestenrat wird gebeten, Zusammensetzung und Arbeitsweise dieser Projektgruppe n\u00e4her zu konkretisieren und dem Rat einen entsprechenden Beschlussvorschlag zu unterbreiten.<\/p>\n<p>Dar\u00fcber hinaus versichert der Rat, dass alle erforderlichen Reformschritte auch in Zukunft sozialvertr\u00e4glich und in enger Abstimmung mit dem Personalrat als Interessenvertretung der Mitarbeiterinnen und Mitarbeiter entwickelt und durchgef\u00fchrt werden.&#8220;<\/p>\n","protected":false},"excerpt":{"rendered":"<p>Eine interfraktionelle Projektgruppe soll die anstehende Reorganisation der Kernverwaltung politisch begleiten. Mit diesem Antrag der SPD-Fraktion wird sich der Rat der Stadt auf seiner Sitzung am 11.\u00a0Dezember befassen.<\/p>\n","protected":false},"author":1,"featured_media":0,"comment_status":"closed","ping_status":"closed","sticky":false,"template":"","format":"standard","meta":{"footnotes":""},"categories":[1],"tags":[],"quellen":[],"class_list":["post-157","post","type-post","status-publish","format-standard","hentry","category-allgemein"],"_links":{"self":[{"href":"https:\/\/meier-gerdingh.de\/wp-spd-ob\/wp-json\/wp\/v2\/posts\/157","targetHints":{"allow":["GET"]}}],"collection":[{"href":"https:\/\/meier-gerdingh.de\/wp-spd-ob\/wp-json\/wp\/v2\/posts"}],"about":[{"href":"https:\/\/meier-gerdingh.de\/wp-spd-ob\/wp-json\/wp\/v2\/types\/post"}],"author":[{"embeddable":true,"href":"https:\/\/meier-gerdingh.de\/wp-spd-ob\/wp-json\/wp\/v2\/users\/1"}],"replies":[{"embeddable":true,"href":"https:\/\/meier-gerdingh.de\/wp-spd-ob\/wp-json\/wp\/v2\/comments?post=157"}],"version-history":[{"count":0,"href":"https:\/\/meier-gerdingh.de\/wp-spd-ob\/wp-json\/wp\/v2\/posts\/157\/revisions"}],"wp:attachment":[{"href":"https:\/\/meier-gerdingh.de\/wp-spd-ob\/wp-json\/wp\/v2\/media?parent=157"}],"wp:term":[{"taxonomy":"category","embeddable":true,"href":"https:\/\/meier-gerdingh.de\/wp-spd-ob\/wp-json\/wp\/v2\/categories?post=157"},{"taxonomy":"post_tag","embeddable":true,"href":"https:\/\/meier-gerdingh.de\/wp-spd-ob\/wp-json\/wp\/v2\/tags?post=157"},{"taxonomy":"quellen","embeddable":true,"href":"https:\/\/meier-gerdingh.de\/wp-spd-ob\/wp-json\/wp\/v2\/quellen?post=157"}],"curies":[{"name":"wp","href":"https:\/\/api.w.org\/{rel}","templated":true}]}}