{"id":162,"date":"2000-12-19T17:00:00","date_gmt":"2000-12-19T15:00:00","guid":{"rendered":"http:\/\/www.meier-gerdingh.de\/spd-oberhausen\/wp\/?p=162"},"modified":"2017-05-02T17:22:48","modified_gmt":"2017-05-02T15:22:48","slug":"politischer-kraftakt-bei-der-gmva-sichert-beschaeftigung-und-gebuehrenstabilitaet","status":"publish","type":"post","link":"https:\/\/meier-gerdingh.de\/wp-spd-ob\/2000\/12\/19\/politischer-kraftakt-bei-der-gmva-sichert-beschaeftigung-und-gebuehrenstabilitaet\/","title":{"rendered":"Politischer Kraftakt bei der GMVA sichert Besch\u00e4ftigung und Geb\u00fchrenstabilit\u00e4t"},"content":{"rendered":"<div style=\"width: 150px\" class=\"wp-caption alignleft\"><a href=\"http:\/\/meier-gerdingh.de\/wp-spd-ob\/wp-content\/uploads\/groschek.jpg\"><img decoding=\"async\" class=\"size-full\" src=\"http:\/\/meier-gerdingh.de\/wp-spd-ob\/wp-content\/uploads\/groschek.jpg\" alt=\"Michael Groschek: Chef der SPD-Fraktion\" width=\"140\" height=\"180\" \/><\/a><p class=\"wp-caption-text\">Michael Groschek: Chef der SPD-Fraktion<\/p><\/div>\n<p>Gute Nachrichten f\u00fcr die Oberhausener Geb\u00fchrenzahler: Mit den Stimmen von SPD und CDU hat nun auch der Duisburger Stadtrat dem geplanten Ma\u00dfnahmenpaket bei der M\u00fcllverbrennungsanlage zugestimmt. Einen analogen Beschluss hatte der Rat der Stadt Oberhausen bereits in der letzten Woche gefasst. Damit ist das drohende &#8222;Horror-Szenario&#8220; f\u00fcr die Oberhausener Geb\u00fchrenzahler abgewendet: Statt der bef\u00fcrchteten Geb\u00fchrensteigerung um beinahe 30 Prozent zur Abdeckung der Betriebsdefizite bei der M\u00fcllverbrennungsanlage, kann der Preisanstieg durch diesen politischen Kraftakt im n\u00e4chsten Jahr auf 12 Prozent begrenzt werden.<!--more--><\/p>\n<p>In den folgenden zehn Jahren sorgen fest berechenbare Entsorgungskosten f\u00fcr eine stabile und moderate Geb\u00fchrenperspektive, wie es sie in dieser langfristigen Verl\u00e4sslichkeit noch nicht gegeben hat.<\/p>\n<p>SPD-Fraktionschef Michael Groschek betont in diesem Zusammenhang, dass die St\u00e4dte Duisburg und Oberhausen auch in Zukunft ma\u00dfgeblichen Einfluss auf die Gestaltung der Abfallpolitik behielten. Und auch die Besch\u00e4ftigten der GMVA br\u00e4uchten keine Zukunftsangst zu haben: Das jetzt geschn\u00fcrte Paket schlie\u00dfe nicht nur betriebsbedingte K\u00fcndigungen aus, sondern garantiere die volle soziale Besitzstandswahrung f\u00fcr die betroffenen Arbeitnehmerinnen und Arbeitnehmer.<\/p>\n<p>&#8222;Unterm Strich&#8220;, so Groschek abschlie\u00dfend, &#8222;haben wir damit die Geb\u00fchrenspirale bei den Abfallkosten gestoppt. Die B\u00fcrgerinnen und B\u00fcrger k\u00f6nnen sich darauf verlassen: Die Abfallwirtschaft in Oberhausen bleibt bezahlbar und \u00f6kologisch verantwortbar.&#8220;<\/p>\n","protected":false},"excerpt":{"rendered":"<p>Gute Nachrichten f\u00fcr die Oberhausener Geb\u00fchrenzahler: Mit den Stimmen von SPD und CDU hat nun auch der Duisburger Stadtrat dem geplanten Ma\u00dfnahmenpaket bei der M\u00fcllverbrennungsanlage zugestimmt. Einen analogen Beschluss hatte&hellip; <\/p>\n","protected":false},"author":1,"featured_media":0,"comment_status":"closed","ping_status":"closed","sticky":false,"template":"","format":"standard","meta":{"footnotes":""},"categories":[1],"tags":[],"quellen":[],"class_list":["post-162","post","type-post","status-publish","format-standard","hentry","category-allgemein"],"_links":{"self":[{"href":"https:\/\/meier-gerdingh.de\/wp-spd-ob\/wp-json\/wp\/v2\/posts\/162","targetHints":{"allow":["GET"]}}],"collection":[{"href":"https:\/\/meier-gerdingh.de\/wp-spd-ob\/wp-json\/wp\/v2\/posts"}],"about":[{"href":"https:\/\/meier-gerdingh.de\/wp-spd-ob\/wp-json\/wp\/v2\/types\/post"}],"author":[{"embeddable":true,"href":"https:\/\/meier-gerdingh.de\/wp-spd-ob\/wp-json\/wp\/v2\/users\/1"}],"replies":[{"embeddable":true,"href":"https:\/\/meier-gerdingh.de\/wp-spd-ob\/wp-json\/wp\/v2\/comments?post=162"}],"version-history":[{"count":0,"href":"https:\/\/meier-gerdingh.de\/wp-spd-ob\/wp-json\/wp\/v2\/posts\/162\/revisions"}],"wp:attachment":[{"href":"https:\/\/meier-gerdingh.de\/wp-spd-ob\/wp-json\/wp\/v2\/media?parent=162"}],"wp:term":[{"taxonomy":"category","embeddable":true,"href":"https:\/\/meier-gerdingh.de\/wp-spd-ob\/wp-json\/wp\/v2\/categories?post=162"},{"taxonomy":"post_tag","embeddable":true,"href":"https:\/\/meier-gerdingh.de\/wp-spd-ob\/wp-json\/wp\/v2\/tags?post=162"},{"taxonomy":"quellen","embeddable":true,"href":"https:\/\/meier-gerdingh.de\/wp-spd-ob\/wp-json\/wp\/v2\/quellen?post=162"}],"curies":[{"name":"wp","href":"https:\/\/api.w.org\/{rel}","templated":true}]}}