{"id":163,"date":"2000-12-24T17:00:00","date_gmt":"2000-12-24T15:00:00","guid":{"rendered":"http:\/\/www.meier-gerdingh.de\/spd-oberhausen\/wp\/?p=163"},"modified":"2017-05-02T17:23:27","modified_gmt":"2017-05-02T15:23:27","slug":"liebe-mitbuergerinnen-liebe-mitbuerger-2","status":"publish","type":"post","link":"https:\/\/meier-gerdingh.de\/wp-spd-ob\/2000\/12\/24\/liebe-mitbuergerinnen-liebe-mitbuerger-2\/","title":{"rendered":"Liebe Mitb\u00fcrgerinnen, liebe Mitb\u00fcrger,"},"content":{"rendered":"<div style=\"width: 150px\" class=\"wp-caption alignleft\"><a href=\"http:\/\/meier-gerdingh.de\/wp-spd-ob\/wp-content\/uploads\/gasometer_00.jpg\"><img decoding=\"async\" class=\"size-full alignleft\" src=\"http:\/\/meier-gerdingh.de\/wp-spd-ob\/wp-content\/uploads\/gasometer_00.jpg\" alt=\"Weihnachts- und Neujahrsgru\u00df\" width=\"140\" height=\"175\" \/><\/a><p class=\"wp-caption-text\">Weihnachts- und Neujahrsgru\u00df<\/p><\/div>\n<p>ein ereignisreiches Jahr neigt sich seinem Ende entgegen. Ein Jahr, in dem Sie uns das Vertrauen daf\u00fcr ausgesprochen haben, die erfolgreiche Politik im Lande Nordrhein-Westfalen fortsetzen zu k\u00f6nnen. F\u00fcr Ihr \u00fcberzeugendes Votum m\u00f6chten wir uns auch auf diesem Wege herzlich bedanken.<!--more--><\/p>\n<p>Der Einstieg ins neue Jahrtausend wurde f\u00fcr die Oberhausener Sozialdemokratie durch einen schweren Verlust gepr\u00e4gt. Mit Heinz Schleu\u00dfer haben wir einen Mitmenschen verloren, der als eine der Galionsfiguren der SPD stets seine Wurzeln, stets die Interessen seiner Heimatstadt Oberhausen im Mittelpunkt seines politischen Schaffens behalten hat. Sein Engagement l\u00e4sst sich an vielen Stellen im Stadtgebiet belegen, seinem Lebenswerk geb\u00fchrt Dank und Anerkennung.<\/p>\n<p>Der Blick zur\u00fcck auf das vergangene Jahr ist von einer weiteren, einer bitteren Erkenntnis gepr\u00e4gt. Rechtsradikalismus und rechtsradikale Gewalt ist zu einem Thema in Deutschland geworden, in unserer Heimatstadt wurde eine Unterkunft ausl\u00e4ndischer Mitb\u00fcrgerinnen und Mitb\u00fcrger Ziel eines Brandanschlages. Wir Sozialdemokraten stehen daf\u00fcr ein, dass politisch motivierte Straftaten, dass rechte Gewalt und rechtes Gedankengut keinen Platz in unserer Gesellschaft und in unserer Stadt finden. Wir Sozialdemokraten zeigen hier Gesicht: Gesicht f\u00fcr Zivilcourage, Gesicht gegen politische Gewalt.<\/p>\n<p>F\u00fcr das bevorstehende Jahr, dass den offiziellen Charakter des &#8222;Jahr des Ehrenamtes&#8220; hat, werden wir Sozialdemokraten gemeinsam mit Ihnen neue Wege des Miteinanders gestalten. Viele Mitb\u00fcrgerinnen und Mitb\u00fcrger leisten dankenswerter Weise vorbildliche, leisten wertvolle Arbeit mit ihrem ehrenamtlichen Engagement in Vereinen, Verb\u00e4nden und Institutionen. Unser Ziel ist, diesen Einsatzwillen und dieses Engagement f\u00fcr weitere, neue Felder im t\u00e4glichen Miteinander aufzugreifen und diese Felder f\u00fcr vorhandene Verantwortungsbereitschaft zu \u00f6ffnen.<\/p>\n<p>Bei der weiteren Entwicklung unserer Stadt werden wir einen Schwerpunkt auf die Fl\u00e4che des ehemaligen Elektrostahlwerkes an der Osterfelder Stra\u00dfe legen. Unser Ziel ist, mit Unterst\u00fctzung von EU, Bund und Land dort 10.000 neue Arbeitspl\u00e4tze bis zum Jahr 2010 zu schaffen. Dass der Weg des Strukturwandels, den Sie mit uns gemeinsam tragen, erfolgreich ist, l\u00e4sst sich an einer konkreten Schlagzeile der letzten Tage belegen: Oberhausen ist NRW-weit Spitzenreiter bei der Besch\u00e4ftigung von Jugendlichen und in diesem Bereich ist hier die landesweit niedrigste Erwerbslosenquote zu verzeichnen.<\/p>\n<p>Dies ist ein weiterer, dies ist ein wichtiger Erfolg der Beleg daf\u00fcr ist, dass bei allen Bem\u00fchungen im Strukturwandel die Schaffung von Arbeitspl\u00e4tzen im Mittelpunkt steht. Lassen Sie uns gemeinsam weiterarbeiten, damit in unserer Stadt niemand die Perspektive &#8222;nach der Schulbank auf die Parkbank&#8220; hat.<\/p>\n<p>Ihnen, Ihrer Familie und Angeh\u00f6rigen w\u00fcnschen wir ein gutes neues Jahr 2001.<\/p>\n<p>Mit herzlichem Gl\u00fcck auf!<\/p>\n<p><b>Michael Groschek, MdL<br \/>\n&#8211; Fraktionsvorsitzender &#8211;<\/p>\n<p><\/b><\/p>\n<p>Hartmut Schmidt<br \/>\n&#8211; Parteivorsitzender &#8211;<\/p>\n","protected":false},"excerpt":{"rendered":"<p>ein ereignisreiches Jahr neigt sich seinem Ende entgegen. Ein Jahr, in dem Sie uns das Vertrauen daf\u00fcr ausgesprochen haben, die erfolgreiche Politik im Lande Nordrhein-Westfalen fortsetzen zu k\u00f6nnen. F\u00fcr Ihr&hellip; <\/p>\n","protected":false},"author":1,"featured_media":0,"comment_status":"closed","ping_status":"closed","sticky":false,"template":"","format":"standard","meta":{"footnotes":""},"categories":[1],"tags":[],"quellen":[],"class_list":["post-163","post","type-post","status-publish","format-standard","hentry","category-allgemein"],"_links":{"self":[{"href":"https:\/\/meier-gerdingh.de\/wp-spd-ob\/wp-json\/wp\/v2\/posts\/163","targetHints":{"allow":["GET"]}}],"collection":[{"href":"https:\/\/meier-gerdingh.de\/wp-spd-ob\/wp-json\/wp\/v2\/posts"}],"about":[{"href":"https:\/\/meier-gerdingh.de\/wp-spd-ob\/wp-json\/wp\/v2\/types\/post"}],"author":[{"embeddable":true,"href":"https:\/\/meier-gerdingh.de\/wp-spd-ob\/wp-json\/wp\/v2\/users\/1"}],"replies":[{"embeddable":true,"href":"https:\/\/meier-gerdingh.de\/wp-spd-ob\/wp-json\/wp\/v2\/comments?post=163"}],"version-history":[{"count":0,"href":"https:\/\/meier-gerdingh.de\/wp-spd-ob\/wp-json\/wp\/v2\/posts\/163\/revisions"}],"wp:attachment":[{"href":"https:\/\/meier-gerdingh.de\/wp-spd-ob\/wp-json\/wp\/v2\/media?parent=163"}],"wp:term":[{"taxonomy":"category","embeddable":true,"href":"https:\/\/meier-gerdingh.de\/wp-spd-ob\/wp-json\/wp\/v2\/categories?post=163"},{"taxonomy":"post_tag","embeddable":true,"href":"https:\/\/meier-gerdingh.de\/wp-spd-ob\/wp-json\/wp\/v2\/tags?post=163"},{"taxonomy":"quellen","embeddable":true,"href":"https:\/\/meier-gerdingh.de\/wp-spd-ob\/wp-json\/wp\/v2\/quellen?post=163"}],"curies":[{"name":"wp","href":"https:\/\/api.w.org\/{rel}","templated":true}]}}