{"id":1709,"date":"2014-03-20T10:31:43","date_gmt":"2014-03-20T08:31:43","guid":{"rendered":"http:\/\/www.meier-gerdingh.de\/spd-oberhausen\/wp\/?p=1709"},"modified":"2017-01-03T17:03:16","modified_gmt":"2017-01-03T16:03:16","slug":"25-zusaetzliche-stellen-sollen-ab-august-die-arbeit-sichern","status":"publish","type":"post","link":"https:\/\/meier-gerdingh.de\/wp-spd-ob\/2014\/03\/20\/25-zusaetzliche-stellen-sollen-ab-august-die-arbeit-sichern\/","title":{"rendered":"2,5 zus\u00e4tzliche Stellen sollen ab August die Arbeit sichern"},"content":{"rendered":"<div id=\"attachment_1707\" style=\"width: 150px\" class=\"wp-caption alignleft\"><a href=\"http:\/\/meier-gerdingh.de\/wp-spd-ob\/wp-content\/uploads\/zimkeit_stefan_12.jpg\"><img aria-describedby=\"caption-attachment-1707\" decoding=\"async\" class=\"size-full wp-image-1707\" src=\"http:\/\/meier-gerdingh.de\/wp-spd-ob\/wp-content\/uploads\/zimkeit_stefan_12.jpg\" alt=\"Stefan Zimkeit, schulpolitischer Sprecher der SPD-Ratsfraktion und Mitglied des Landtags von Nordrhein-Westfalen\" width=\"140\" height=\"169\" \/><\/a><p id=\"caption-attachment-1707\" class=\"wp-caption-text\">Stefan Zimkeit, schulpolitischer Sprecher der SPD-Ratsfraktion und Mitglied des Landtags von Nordrhein-Westfalen<\/p><\/div>\n<p>Oberhausens SPD m\u00f6chte erreichen, dass ab August 2,5 zus\u00e4tzliche Stellen f\u00fcr die Schulsozialarbeit eingerichtet werden. &#8222;Daf\u00fcr verwenden wir die Restmittel aus dem Bundesprogramm, das von 2011 bis 2013 lief&#8220;, erl\u00e4utert Stefan Zimkeit, schulpolitischer Sprecher der SPD-Ratsfraktion, einen Antrag der Koalition, der zur n\u00e4chsten Sitzung des Schulausschuss am 2. April beraten werden soll. &#8222;Bislang wurde die Weiterfinanzierung von 7,5 Stellen durch den Rat beschlossen. Diese Zahl wollen wir ab dem kommenden Schuljahr noch einmal aufstocken.&#8220;<!--more--><\/p>\n<p>Zusammen mit den st\u00e4dtischen und den durch das Land finanzierten Stellen, sei damit ein erheblicher Teil der Oberhausener Schulen mit Sozialarbeitern versorgt. Allein im Grundschulbereich k\u00f6nne dann an der H\u00e4lfte aller Standorte die Schulsozialarbeit weiterhin sichergestellt werden.<\/p>\n<p>&#8222;Die Verwaltung ist beauftragt, die Schulsozialarbeit in Oberhausen inhaltlich neu auszurichten und besonders an problematischen Standorten zu erhalten&#8220;, erkl\u00e4rt SPD-Fraktionschef Wolfgang Gro\u00dfe Br\u00f6mer. Ziel der Neukonzeption sei es, neben einer inhaltlichen Weiterentwicklung auch eine st\u00e4rkere Vernetzung mit der Jugendhilfe zu gew\u00e4hrleisten. &#8222;Hierf\u00fcr wollen wir \u2013 trotz der fehlenden Bundesmittel \u2013 mindestens zehn Stellen zur Verf\u00fcgung stellen.&#8220;<\/p>\n<p>&#8222;Wir wollen, dass die vorhandenen Restmittel auf vier Jahre aufgeteilt werden, um die Schulsozialarbeit zun\u00e4chst bis 2017 abzusichern&#8220;, so Zimkeit weiter. &#8222;Dann sind Bundestagswahlen und die Karten werden neu gemischt!&#8220;<\/p>\n<p>Stefan Zimkeit ist entt\u00e4uscht, dass sich der Bund aus der Finanzierung der Schulsozialarbeit zur\u00fcckzieht. &#8222;Dieses dreij\u00e4hrige Programm wurde damals auf Druck der SPD-regierten L\u00e4nder im Bundesrat durchgesetzt.&#8220; Zimkeit hatte gehofft, dass die SPD in der Gro\u00dfen Koalition eine Weiterfinanzierung gegen die CDU, die sich hier nach wie vor sperrt, durchsetzen w\u00fcrde.<\/p>\n<p>&#8222;Die Bilanz nach drei Jahren zeigt, wie wichtig die Unterst\u00fctzung des Bundes bei der Sozialarbeit an den Schulen ist. Deshalb wird sich NRW im Bundesrat weiter f\u00fcr eine Bundesfinanzierung einsetzen.&#8220;<\/p>\n","protected":false},"excerpt":{"rendered":"<p>Oberhausens SPD m\u00f6chte erreichen, dass ab August 2,5 zus\u00e4tzliche Stellen f\u00fcr die Schulsozialarbeit eingerichtet werden. &#8222;Daf\u00fcr verwenden wir die Restmittel aus dem Bundesprogramm, das von 2011 bis 2013 lief&#8220;, erl\u00e4utert&hellip; <\/p>\n","protected":false},"author":1,"featured_media":0,"comment_status":"closed","ping_status":"closed","sticky":false,"template":"","format":"standard","meta":{"footnotes":""},"categories":[2],"tags":[448,123],"quellen":[326],"class_list":["post-1709","post","type-post","status-publish","format-standard","hentry","category-schule","tag-schule","tag-schulsozialarbeit","quellen-spd-fraktion-oberhausen"],"_links":{"self":[{"href":"https:\/\/meier-gerdingh.de\/wp-spd-ob\/wp-json\/wp\/v2\/posts\/1709","targetHints":{"allow":["GET"]}}],"collection":[{"href":"https:\/\/meier-gerdingh.de\/wp-spd-ob\/wp-json\/wp\/v2\/posts"}],"about":[{"href":"https:\/\/meier-gerdingh.de\/wp-spd-ob\/wp-json\/wp\/v2\/types\/post"}],"author":[{"embeddable":true,"href":"https:\/\/meier-gerdingh.de\/wp-spd-ob\/wp-json\/wp\/v2\/users\/1"}],"replies":[{"embeddable":true,"href":"https:\/\/meier-gerdingh.de\/wp-spd-ob\/wp-json\/wp\/v2\/comments?post=1709"}],"version-history":[{"count":0,"href":"https:\/\/meier-gerdingh.de\/wp-spd-ob\/wp-json\/wp\/v2\/posts\/1709\/revisions"}],"wp:attachment":[{"href":"https:\/\/meier-gerdingh.de\/wp-spd-ob\/wp-json\/wp\/v2\/media?parent=1709"}],"wp:term":[{"taxonomy":"category","embeddable":true,"href":"https:\/\/meier-gerdingh.de\/wp-spd-ob\/wp-json\/wp\/v2\/categories?post=1709"},{"taxonomy":"post_tag","embeddable":true,"href":"https:\/\/meier-gerdingh.de\/wp-spd-ob\/wp-json\/wp\/v2\/tags?post=1709"},{"taxonomy":"quellen","embeddable":true,"href":"https:\/\/meier-gerdingh.de\/wp-spd-ob\/wp-json\/wp\/v2\/quellen?post=1709"}],"curies":[{"name":"wp","href":"https:\/\/api.w.org\/{rel}","templated":true}]}}