{"id":1710,"date":"2014-03-21T10:34:40","date_gmt":"2014-03-21T08:34:40","guid":{"rendered":"http:\/\/www.meier-gerdingh.de\/spd-oberhausen\/wp\/?p=1710"},"modified":"2017-01-03T17:02:57","modified_gmt":"2017-01-03T16:02:57","slug":"bernd-reinemann-bleibt-vorsitzender","status":"publish","type":"post","link":"https:\/\/meier-gerdingh.de\/wp-spd-ob\/2014\/03\/21\/bernd-reinemann-bleibt-vorsitzender\/","title":{"rendered":"Bernd Reinemann bleibt Vorsitzender"},"content":{"rendered":"<div id=\"attachment_1586\" style=\"width: 150px\" class=\"wp-caption alignleft\"><a href=\"http:\/\/meier-gerdingh.de\/wp-spd-ob\/wp-content\/uploads\/reinemann_bernd.jpg\"><img aria-describedby=\"caption-attachment-1586\" decoding=\"async\" class=\"size-full wp-image-1586\" src=\"http:\/\/meier-gerdingh.de\/wp-spd-ob\/wp-content\/uploads\/reinemann_bernd.jpg\" alt=\"Bernd Reinemann bleibt Vorsitzender der Senioren im Oberhausener Norden\" width=\"140\" height=\"191\" \/><\/a><p id=\"caption-attachment-1586\" class=\"wp-caption-text\">Bernd Reinemann bleibt Vorsitzender der Senioren im Oberhausener Norden<\/p><\/div>\n<p>Die SPD-Senioren in Sterkrade-Nord werden weiterhin von Bernd Reinemann angef\u00fchrt.<br \/>\nDas ist das Ergebnis der turnusm\u00e4\u00dfig erfolgten Neuwahlen des Vorstandes der Arbeitsgemeinschaft SPD 60 plus. In seinem Rechenschaftsbericht konnte Reinemann auf eine gute Bilanz verweisen: Politische Veranstaltungen, ein Ausflugsprogramm mit spannenden Zielen und mannigfache Unterst\u00fctzung der Mutterpartei bei ihren Wahlkampfaktivit\u00e4ten. Das soll auch in Zukunft so fortgesetzt werden.<!--more--><\/p>\n<p>Auch die weiteren Vorstandsmitglieder wurden mit \u00fcberzeugenden Mehrheiten wieder gew\u00e4hlt: Karin Tysiak als stellv. Vorsitzende, G\u00fcnther Essen und Werner Janzen als Schriftf\u00fchrer und Willi Becks, Wilfried Brennemann, Christa Essen-Saathoff sowie Christel und Rudi Hegenberg als Beisitzer.<\/p>\n<p>Besonderer Gast der Jahreshauptversammlung war B\u00fcrgermeisterin Elia Albrecht-Mainz, die unter dem Thema &#8222;Oberhausen 2014&#8220; den neuen Strukturwandel Oberhausens erl\u00e4uterte, der die Verbesserung der Lebensqualit\u00e4t in den Stadtteilen Alt-Oberhausen, Sterkrade und Osterfeld betrifft. Zu den von ihr dargestellten 26 Einzelma\u00dfnahmen und Projekten gab es viele Wortmeldungen und Anregungen aus dem Kreis der Senioren.<\/p>\n","protected":false},"excerpt":{"rendered":"<p>Die SPD-Senioren in Sterkrade-Nord werden weiterhin von Bernd Reinemann angef\u00fchrt. Das ist das Ergebnis der turnusm\u00e4\u00dfig erfolgten Neuwahlen des Vorstandes der Arbeitsgemeinschaft SPD 60 plus. In seinem Rechenschaftsbericht konnte Reinemann&hellip; <\/p>\n","protected":false},"author":1,"featured_media":0,"comment_status":"closed","ping_status":"closed","sticky":false,"template":"","format":"standard","meta":{"footnotes":""},"categories":[173],"tags":[122,81],"quellen":[342],"class_list":["post-1710","post","type-post","status-publish","format-standard","hentry","category-parteileben","tag-ag-60-plus-sterkrade-nord","tag-senioren","quellen-ag-60-plus-sterkrade-nord"],"_links":{"self":[{"href":"https:\/\/meier-gerdingh.de\/wp-spd-ob\/wp-json\/wp\/v2\/posts\/1710","targetHints":{"allow":["GET"]}}],"collection":[{"href":"https:\/\/meier-gerdingh.de\/wp-spd-ob\/wp-json\/wp\/v2\/posts"}],"about":[{"href":"https:\/\/meier-gerdingh.de\/wp-spd-ob\/wp-json\/wp\/v2\/types\/post"}],"author":[{"embeddable":true,"href":"https:\/\/meier-gerdingh.de\/wp-spd-ob\/wp-json\/wp\/v2\/users\/1"}],"replies":[{"embeddable":true,"href":"https:\/\/meier-gerdingh.de\/wp-spd-ob\/wp-json\/wp\/v2\/comments?post=1710"}],"version-history":[{"count":0,"href":"https:\/\/meier-gerdingh.de\/wp-spd-ob\/wp-json\/wp\/v2\/posts\/1710\/revisions"}],"wp:attachment":[{"href":"https:\/\/meier-gerdingh.de\/wp-spd-ob\/wp-json\/wp\/v2\/media?parent=1710"}],"wp:term":[{"taxonomy":"category","embeddable":true,"href":"https:\/\/meier-gerdingh.de\/wp-spd-ob\/wp-json\/wp\/v2\/categories?post=1710"},{"taxonomy":"post_tag","embeddable":true,"href":"https:\/\/meier-gerdingh.de\/wp-spd-ob\/wp-json\/wp\/v2\/tags?post=1710"},{"taxonomy":"quellen","embeddable":true,"href":"https:\/\/meier-gerdingh.de\/wp-spd-ob\/wp-json\/wp\/v2\/quellen?post=1710"}],"curies":[{"name":"wp","href":"https:\/\/api.w.org\/{rel}","templated":true}]}}