{"id":1712,"date":"2014-03-31T10:45:27","date_gmt":"2014-03-31T08:45:27","guid":{"rendered":"http:\/\/www.meier-gerdingh.de\/spd-oberhausen\/wp\/?p=1712"},"modified":"2017-01-03T17:02:17","modified_gmt":"2017-01-03T16:02:17","slug":"spd-stadtverordneter-flore-setzt-sich-fuer-mehr-sauberkeit-ein","status":"publish","type":"post","link":"https:\/\/meier-gerdingh.de\/wp-spd-ob\/2014\/03\/31\/spd-stadtverordneter-flore-setzt-sich-fuer-mehr-sauberkeit-ein\/","title":{"rendered":"SPD-Stadtverordneter Flore setzt sich f\u00fcr mehr Sauberkeit ein"},"content":{"rendered":"<div id=\"attachment_1358\" style=\"width: 150px\" class=\"wp-caption alignleft\"><a href=\"http:\/\/meier-gerdingh.de\/wp-spd-ob\/wp-content\/uploads\/flore_manfred_09.jpg\"><img aria-describedby=\"caption-attachment-1358\" decoding=\"async\" class=\"size-full wp-image-1358\" src=\"http:\/\/meier-gerdingh.de\/wp-spd-ob\/wp-content\/uploads\/flore_manfred_09.jpg\" alt=\"Manfred Flore ist direkt gew\u00e4hltes Mitglied des Rates der Stadt f\u00fcr den Wahlbezirk Schwarze Heide\" width=\"140\" height=\"169\" \/><\/a><p id=\"caption-attachment-1358\" class=\"wp-caption-text\">Manfred Flore ist direkt gew\u00e4hltes Mitglied des Rates der Stadt f\u00fcr den Wahlbezirk Schwarze Heide<\/p><\/div>\n<p>Der SPD-Stadtverordnete Manfred Flore setzt sich f\u00fcr mehr Sauberkeit im Oberhausener Stadtgebiet ein. Im Rahmen einer Kleinen Anfrage an den Oberb\u00fcrgermeister erkundigt er sich, inwieweit die Verwaltung M\u00f6glichkeiten sieht, zus\u00e4tzliche Ma\u00dfnahmen gegen die Verschmutzung durch Hundekot zu ergreifen.<!--more--><\/p>\n<p>&#8222;Die allermeisten Hundebesitzer nehmen ihre Pflicht zur Entfernung des Hundekots verantwortungsvoll wahr, nur in Einzelf\u00e4llen geschieht dies nicht&#8220;, schreibt Flore in seiner Anfrage. Von den Eindr\u00fccken einer St\u00e4dtereise berichtet er: &#8222;Ein aus meiner Sicht besonders gelungenes Schild habe ich in der Stadt Wien auf zahlreichen Rasenfl\u00e4chen gesehen. Dort wird auf humorvolle, aber eindringliche Art an die Hundehalter appelliert, die Hinterlassenschaft ihres Hundes zu entfernen.&#8220;<\/p>\n<p>Der SPD-Politiker aus dem Wahlkreis Schwarze Heide setzt auf das Sauberkeitsempfinden und die Einsicht aller Hundebesitzer. In ihrem Kommunalwahlprogramm fordert die SPD zudem eine \u00dcberpr\u00fcfung, ob zus\u00e4tzliche T\u00fctenspender zur Beseitigung von Hundekot aufgestellt werden k\u00f6nnen.<\/p>\n<p>Mit einem Augenzwinkern bemerkt Flore, dass inzwischen auch die gr\u00f6\u00dfte Oppositionspartei in Oberhausen auf das Thema seiner Kleinen Anfrage aufgesprungen sei. Allerdings wieder einmal ohne L\u00f6sung, Finanzierung oder Konzept. Schade eigentlich!<\/p>\n","protected":false},"excerpt":{"rendered":"<p>Der SPD-Stadtverordnete Manfred Flore setzt sich f\u00fcr mehr Sauberkeit im Oberhausener Stadtgebiet ein. Im Rahmen einer Kleinen Anfrage an den Oberb\u00fcrgermeister erkundigt er sich, inwieweit die Verwaltung M\u00f6glichkeiten sieht, zus\u00e4tzliche&hellip; <\/p>\n","protected":false},"author":1,"featured_media":0,"comment_status":"closed","ping_status":"closed","sticky":false,"template":"","format":"standard","meta":{"footnotes":""},"categories":[29],"tags":[44,114],"quellen":[326],"class_list":["post-1712","post","type-post","status-publish","format-standard","hentry","category-umwelt","tag-hunde","tag-sauberkeit","quellen-spd-fraktion-oberhausen"],"_links":{"self":[{"href":"https:\/\/meier-gerdingh.de\/wp-spd-ob\/wp-json\/wp\/v2\/posts\/1712","targetHints":{"allow":["GET"]}}],"collection":[{"href":"https:\/\/meier-gerdingh.de\/wp-spd-ob\/wp-json\/wp\/v2\/posts"}],"about":[{"href":"https:\/\/meier-gerdingh.de\/wp-spd-ob\/wp-json\/wp\/v2\/types\/post"}],"author":[{"embeddable":true,"href":"https:\/\/meier-gerdingh.de\/wp-spd-ob\/wp-json\/wp\/v2\/users\/1"}],"replies":[{"embeddable":true,"href":"https:\/\/meier-gerdingh.de\/wp-spd-ob\/wp-json\/wp\/v2\/comments?post=1712"}],"version-history":[{"count":0,"href":"https:\/\/meier-gerdingh.de\/wp-spd-ob\/wp-json\/wp\/v2\/posts\/1712\/revisions"}],"wp:attachment":[{"href":"https:\/\/meier-gerdingh.de\/wp-spd-ob\/wp-json\/wp\/v2\/media?parent=1712"}],"wp:term":[{"taxonomy":"category","embeddable":true,"href":"https:\/\/meier-gerdingh.de\/wp-spd-ob\/wp-json\/wp\/v2\/categories?post=1712"},{"taxonomy":"post_tag","embeddable":true,"href":"https:\/\/meier-gerdingh.de\/wp-spd-ob\/wp-json\/wp\/v2\/tags?post=1712"},{"taxonomy":"quellen","embeddable":true,"href":"https:\/\/meier-gerdingh.de\/wp-spd-ob\/wp-json\/wp\/v2\/quellen?post=1712"}],"curies":[{"name":"wp","href":"https:\/\/api.w.org\/{rel}","templated":true}]}}