{"id":1716,"date":"2014-04-17T10:56:26","date_gmt":"2014-04-17T08:56:26","guid":{"rendered":"http:\/\/www.meier-gerdingh.de\/spd-oberhausen\/wp\/?p=1716"},"modified":"2017-01-03T17:00:41","modified_gmt":"2017-01-03T16:00:41","slug":"emscher-umbau-in-oberhausen","status":"publish","type":"post","link":"https:\/\/meier-gerdingh.de\/wp-spd-ob\/2014\/04\/17\/emscher-umbau-in-oberhausen\/","title":{"rendered":"Emscher-Umbau in Oberhausen"},"content":{"rendered":"<div id=\"attachment_1344\" style=\"width: 250px\" class=\"wp-caption alignleft\"><a href=\"http:\/\/meier-gerdingh.de\/wp-spd-ob\/wp-content\/uploads\/emscher_2014.jpg\"><img aria-describedby=\"caption-attachment-1344\" decoding=\"async\" class=\"size-full wp-image-1344\" src=\"http:\/\/meier-gerdingh.de\/wp-spd-ob\/wp-content\/uploads\/emscher_2014.jpg\" alt=\"Ein Jahrhundertprojekt: Die Renaturierung der Emscher\" width=\"240\" height=\"160\" \/><\/a><p id=\"caption-attachment-1344\" class=\"wp-caption-text\">Ein Jahrhundertprojekt: Die Renaturierung der Emscher<\/p><\/div>\n<p><b>Donnerstag, 24. April 2014, 16 Uhr, Besuch des Jugendtreffs Holten<\/b><\/p>\n<p>Ein eindrucksvolles Projekt im Rahmen des Emscher-Umbaus ist die Verlegung des Jugendtreffs Holten, der neue R\u00e4umlichkeiten f\u00fcr die Jugendlichen sowie Au\u00dfenanlagen mit Skater-Bahn und Spielplatz vorsieht. Zahlreiche Anregungen der Anwohner, Jugendlichen und deren Eltern sind bei den Planungen ber\u00fccksichtigt worden. Das Projekt im Umfang von knapp 2 Mio. Euro wird von der Emschergenossenschaft und vom Land Nordrhein-Westfalen unterst\u00fctzt.<!--more--><\/p>\n<p>Der Leiter des Jugendzentrums, Dirk Wisnewski, und sein ehrenamtliches Team, werden uns zun\u00e4chst den neuen Jugendtreff zeigen, der kurz vor der Fertigstellung steht.<\/p>\n<p>Dr. Jochen Stemplewski, Vorstandsvorsitzender der Emschergenossenschaft, informiert uns anschlie\u00dfend \u00fcber die vielf\u00e4ltigen Projekte des Emscher-Umbaus, die von ihrer Dimension her als ein &#8222;Jahrhundertprojekt&#8220; bezeichnet werden k\u00f6nnen. Zahlreiche Ma\u00dfnahmen werden in den n\u00e4chsten Jahren durchgef\u00fchrt mit dem Ziel, die Emscher zu renaturieren und f\u00fcr die Menschen wieder erlebbar zu machen.<\/p>\n<p>Die Leitung des Termins \u00fcbernehmen der amtierende Bezirksb\u00fcrgermeister Dieter Jan\u00dfen und SPD-Bezirksb\u00fcrgermeisterkandidat Ulrich Real, Sprecher der SPD-Fraktion im Jugendhilfeausschuss.<\/p>\n","protected":false},"excerpt":{"rendered":"<p>Donnerstag, 24. April 2014, 16 Uhr, Besuch des Jugendtreffs Holten Ein eindrucksvolles Projekt im Rahmen des Emscher-Umbaus ist die Verlegung des Jugendtreffs Holten, der neue R\u00e4umlichkeiten f\u00fcr die Jugendlichen sowie&hellip; <\/p>\n","protected":false},"author":1,"featured_media":0,"comment_status":"closed","ping_status":"closed","sticky":false,"template":"","format":"standard","meta":{"footnotes":""},"categories":[171],"tags":[103,104,102,101],"quellen":[326],"class_list":["post-1716","post","type-post","status-publish","format-standard","hentry","category-veranstaltungen","tag-emschergenossenschaft","tag-emscherumbau","tag-jugendtreff-holten","tag-spd-osterschule","quellen-spd-fraktion-oberhausen"],"_links":{"self":[{"href":"https:\/\/meier-gerdingh.de\/wp-spd-ob\/wp-json\/wp\/v2\/posts\/1716","targetHints":{"allow":["GET"]}}],"collection":[{"href":"https:\/\/meier-gerdingh.de\/wp-spd-ob\/wp-json\/wp\/v2\/posts"}],"about":[{"href":"https:\/\/meier-gerdingh.de\/wp-spd-ob\/wp-json\/wp\/v2\/types\/post"}],"author":[{"embeddable":true,"href":"https:\/\/meier-gerdingh.de\/wp-spd-ob\/wp-json\/wp\/v2\/users\/1"}],"replies":[{"embeddable":true,"href":"https:\/\/meier-gerdingh.de\/wp-spd-ob\/wp-json\/wp\/v2\/comments?post=1716"}],"version-history":[{"count":0,"href":"https:\/\/meier-gerdingh.de\/wp-spd-ob\/wp-json\/wp\/v2\/posts\/1716\/revisions"}],"wp:attachment":[{"href":"https:\/\/meier-gerdingh.de\/wp-spd-ob\/wp-json\/wp\/v2\/media?parent=1716"}],"wp:term":[{"taxonomy":"category","embeddable":true,"href":"https:\/\/meier-gerdingh.de\/wp-spd-ob\/wp-json\/wp\/v2\/categories?post=1716"},{"taxonomy":"post_tag","embeddable":true,"href":"https:\/\/meier-gerdingh.de\/wp-spd-ob\/wp-json\/wp\/v2\/tags?post=1716"},{"taxonomy":"quellen","embeddable":true,"href":"https:\/\/meier-gerdingh.de\/wp-spd-ob\/wp-json\/wp\/v2\/quellen?post=1716"}],"curies":[{"name":"wp","href":"https:\/\/api.w.org\/{rel}","templated":true}]}}