{"id":1722,"date":"2014-04-09T11:41:06","date_gmt":"2014-04-09T09:41:06","guid":{"rendered":"http:\/\/www.meier-gerdingh.de\/spd-oberhausen\/wp\/?p=1722"},"modified":"2017-01-03T17:01:14","modified_gmt":"2017-01-03T16:01:14","slug":"studie-bestaetigt-rot-gruene-wohnungsbaupolitik","status":"publish","type":"post","link":"https:\/\/meier-gerdingh.de\/wp-spd-ob\/2014\/04\/09\/studie-bestaetigt-rot-gruene-wohnungsbaupolitik\/","title":{"rendered":"Studie best\u00e4tigt Rot-Gr\u00fcne Wohnungsbaupolitik"},"content":{"rendered":"<div id=\"attachment_1720\" style=\"width: 150px\" class=\"wp-caption alignleft\"><a href=\"http:\/\/meier-gerdingh.de\/wp-spd-ob\/wp-content\/uploads\/emmerich_karl_heinz_14.jpg\"><img aria-describedby=\"caption-attachment-1720\" decoding=\"async\" class=\"size-full wp-image-1720\" src=\"http:\/\/meier-gerdingh.de\/wp-spd-ob\/wp-content\/uploads\/emmerich_karl_heinz_14.jpg\" alt=\"Karl-Heinz Emmerich ist planungspolitischer Sprecher und stellvertretender Vorsitzender der SPD-Ratsfraktion\" width=\"140\" height=\"169\" \/><\/a><p id=\"caption-attachment-1720\" class=\"wp-caption-text\">Karl-Heinz Emmerich ist planungspolitischer Sprecher und stellvertretender Vorsitzender der SPD-Ratsfraktion<\/p><\/div>\n<p>Die j\u00fcngst ver\u00f6ffentlichte Studie des Hannoveraner Institut Pestel belegt wissenschaftlich, was SPD und Gr\u00fcne f\u00fcr den Oberhausener Wohnungsmarkt l\u00e4ngst erkannt haben. Es gibt einen wachsenden Bedarf an seniorengerechten Wohnungen f\u00fcr eine \u00e4lter werdende Gesellschaft. Laut der Studie liegt dieser in Oberhausen in den n\u00e4chsten Jahren bei rund 7.000 Wohnungen. &#8222;Wir haben den Bedarf an altengerechten Wohnungen fr\u00fch erkannt und an vielen Stellen in der Stadt bereits gehandelt&#8220;, erl\u00e4utert Karl-Heinz Emmerich, planungspolitischer Sprecher der SPD-Ratsfraktion.<!--more--><\/p>\n<p>&#8222;Seniorinnen und Senioren wollen so lang es geht in den eigenen vier W\u00e4nden wohnen bleiben und hierf\u00fcr m\u00fcssen die baulichen Voraussetzungen geschaffen werden. Dies halten wir auch sozialpolitisch f\u00fcr sinnvoll. Im \u00fcbrigen ist barrierefreier Wohnraum nicht nur f\u00fcr \u00e4ltere Menschen interessant.&#8220; Er verweist beispielhaft auf das &#8222;Pacelli-Quartier&#8220; in der Innenstadt oder das Projekt &#8222;Wohnen im Alsfeld&#8220; an der Luxstra\u00dfe, wo zahlreiche altengerechte Wohneinheiten neu entstanden sind.<\/p>\n<p>Mit der Verlagerung der Sterkrader Bibliothek und der Schaffung von barrierefreiem Wohnraum am bisherigen Standort sowie dem angedachten Abriss des Kaiser-und-Gans-Geb\u00e4udes durch die OGM w\u00fcrde dar\u00fcber hinaus bald in Sterkrade neuer Raum f\u00fcr seniorengerechtes Wohnen geschaffen.<\/p>\n<p>&#8222;Die Stadt Oberhausen aktualisiert regelm\u00e4\u00dfig eigene Wohnbedarfsprognosen in Zusammenarbeit mit Akteuren der Wohnungswirtschaft in Oberhausen. Wir werden weiterhin die Rahmenbedingungen schaffen, um auf unterschiedliche Wohnbed\u00fcrfnisse reagieren zu k\u00f6nnen&#8220;, so Emmerich abschlie\u00dfend. &#8222;Barrierefreier Wohnraum wird dabei in den n\u00e4chsten Jahren ein Schwerpunkt unserer Bauleitplanung sein.&#8220;<\/p>\n","protected":false},"excerpt":{"rendered":"<p>Die j\u00fcngst ver\u00f6ffentlichte Studie des Hannoveraner Institut Pestel belegt wissenschaftlich, was SPD und Gr\u00fcne f\u00fcr den Oberhausener Wohnungsmarkt l\u00e4ngst erkannt haben. Es gibt einen wachsenden Bedarf an seniorengerechten Wohnungen f\u00fcr&hellip; <\/p>\n","protected":false},"author":1,"featured_media":0,"comment_status":"closed","ping_status":"closed","sticky":false,"template":"","format":"standard","meta":{"footnotes":""},"categories":[27],"tags":[116,117,113,67,111,109,450,112,108,110],"quellen":[326],"class_list":["post-1722","post","type-post","status-publish","format-standard","hentry","category-planen-bauen-wohnen-verkehr","tag-bibliothek","tag-bibliothek-sterkrade","tag-kaiser-und-gans-gebaeude","tag-ogm","tag-pacelli-quartier","tag-seniorengerechtes-wohnen","tag-stadtentwicklung","tag-wohnen-im-alsfeld","tag-wohnungsbau","tag-wohnungsmarkt","quellen-spd-fraktion-oberhausen"],"_links":{"self":[{"href":"https:\/\/meier-gerdingh.de\/wp-spd-ob\/wp-json\/wp\/v2\/posts\/1722","targetHints":{"allow":["GET"]}}],"collection":[{"href":"https:\/\/meier-gerdingh.de\/wp-spd-ob\/wp-json\/wp\/v2\/posts"}],"about":[{"href":"https:\/\/meier-gerdingh.de\/wp-spd-ob\/wp-json\/wp\/v2\/types\/post"}],"author":[{"embeddable":true,"href":"https:\/\/meier-gerdingh.de\/wp-spd-ob\/wp-json\/wp\/v2\/users\/1"}],"replies":[{"embeddable":true,"href":"https:\/\/meier-gerdingh.de\/wp-spd-ob\/wp-json\/wp\/v2\/comments?post=1722"}],"version-history":[{"count":0,"href":"https:\/\/meier-gerdingh.de\/wp-spd-ob\/wp-json\/wp\/v2\/posts\/1722\/revisions"}],"wp:attachment":[{"href":"https:\/\/meier-gerdingh.de\/wp-spd-ob\/wp-json\/wp\/v2\/media?parent=1722"}],"wp:term":[{"taxonomy":"category","embeddable":true,"href":"https:\/\/meier-gerdingh.de\/wp-spd-ob\/wp-json\/wp\/v2\/categories?post=1722"},{"taxonomy":"post_tag","embeddable":true,"href":"https:\/\/meier-gerdingh.de\/wp-spd-ob\/wp-json\/wp\/v2\/tags?post=1722"},{"taxonomy":"quellen","embeddable":true,"href":"https:\/\/meier-gerdingh.de\/wp-spd-ob\/wp-json\/wp\/v2\/quellen?post=1722"}],"curies":[{"name":"wp","href":"https:\/\/api.w.org\/{rel}","templated":true}]}}