{"id":1723,"date":"2014-04-09T11:42:41","date_gmt":"2014-04-09T09:42:41","guid":{"rendered":"http:\/\/www.meier-gerdingh.de\/spd-oberhausen\/wp\/?p=1723"},"modified":"2017-01-03T17:00:56","modified_gmt":"2017-01-03T16:00:56","slug":"der-weg-ist-frei","status":"publish","type":"post","link":"https:\/\/meier-gerdingh.de\/wp-spd-ob\/2014\/04\/09\/der-weg-ist-frei\/","title":{"rendered":"Der Weg ist frei"},"content":{"rendered":"<div id=\"attachment_1410\" style=\"width: 150px\" class=\"wp-caption alignleft\"><a href=\"http:\/\/meier-gerdingh.de\/wp-spd-ob\/wp-content\/uploads\/grosse_broemer_wolfgang_14.jpg\"><img aria-describedby=\"caption-attachment-1410\" decoding=\"async\" class=\"size-full wp-image-1410\" src=\"http:\/\/meier-gerdingh.de\/wp-spd-ob\/wp-content\/uploads\/grosse_broemer_wolfgang_14.jpg\" alt=\"Wolfgang Gro\u00dfe Br\u00f6mer ist Vorsitzender der SPD-Ratsfraktion und Mitglied des Landtags von Nordrhein-Westfalen\" width=\"140\" height=\"169\" \/><\/a><p id=\"caption-attachment-1410\" class=\"wp-caption-text\">Wolfgang Gro\u00dfe Br\u00f6mer ist Vorsitzender der SPD-Ratsfraktion und Mitglied des Landtags von Nordrhein-Westfalen<\/p><\/div>\n<p>Die SPD-Landtagsabgeordneten Wolfgang Gro\u00dfe Br\u00f6mer und Stefan Zimkeit zeigen sich erleichtert, dass sich das Land und die kommunalen Spitzenverb\u00e4nde endlich \u00fcber die Kosten der schulischen Inklusion geeinigt haben. &#8222;Damit ist der Weg f\u00fcr den Rechtsanspruch auf gemeinsamen Unterricht f\u00fcr behinderte und nicht-behinderte Kinder geebnet&#8220;, sagt NRWs Schulausschussvorsitzender Gro\u00dfe Br\u00f6mer.<!--more--><\/p>\n<p>&#8222;Damit haben wir eine gute L\u00f6sung im Sinne der Kinder gefunden&#8220;, erg\u00e4nzt SPD-Finanzexperte Zimkeit, &#8222;und kommen bei der Umsetzung des UN-Behindertenrechtskonvention einen wichtigen Schritt weiter.&#8220;<\/p>\n<p>Mindestens 175 Millionen Euro stelle NRW den Kommunen zus\u00e4tzlich zur Verf\u00fcgung, um die Inklusion zu finanzieren, erl\u00e4utert Stefan Zimkeit. &#8222;Das sind 60 Millionen mehr, als ein gemeinsam beauftragtes Gutachten ermittelt hat.&#8220; Das sei gut investiertes Geld, das allen Sch\u00fclerinnen und Sch\u00fclern zugutekommt, die am gemeinsamen Unterricht teilnehmen.<\/p>\n<p>Wolfgang Gro\u00dfe Br\u00f6mer h\u00e4lt es f\u00fcr richtig, dass Oberhausen gemeinsam mit den anderen St\u00e4dten den Verhandlungsweg gew\u00e4hlt hat, um sich mit dem Land auf die Finanzierung zu einigen.<\/p>\n<p>&#8222;Dass Oberhausens CDU direkt mit einer Klage drohe wollte, war \u00fcberfl\u00fcssig.&#8220; Es sei ein Erfolg, dass Kommunen und Land verstanden h\u00e4tten, dass die Inklusion eine gemeinsame Aufgabe und Herausforderung ist.<\/p>\n<p>Gro\u00dfe Br\u00f6mer und Zimkeit k\u00fcndigen an, dass NRW eine Bundesratsinitiative auf den Weg bringen werde, damit St\u00e4dte einen Pool von Integrationshelfern bilden k\u00f6nnen. &#8222;Bislang sind diese Helfer an ein einzelnes Kind gebunden, um dieses beim Schulbesuch zu unterst\u00fctzen. F\u00fcr die Unterrichtsqualit\u00e4t w\u00e4ren flexiblere L\u00f6sungen sinnvoll.&#8220;<\/p>\n<p>Familien mit behinderten Kindern, die die erste oder f\u00fcnfte Klasse besuchen, haben ab August ein Recht darauf, dass ihnen nicht nur eine F\u00f6rderschule, sondern auch ein Platz im gemeinsamen Unterricht angeboten wird. Dieser Anspruch wird anschlie\u00dfend schrittweise auf die nachfolgenden Jahrgangsstufen ausgeweitet.<\/p>\n","protected":false},"excerpt":{"rendered":"<p>Die SPD-Landtagsabgeordneten Wolfgang Gro\u00dfe Br\u00f6mer und Stefan Zimkeit zeigen sich erleichtert, dass sich das Land und die kommunalen Spitzenverb\u00e4nde endlich \u00fcber die Kosten der schulischen Inklusion geeinigt haben. &#8222;Damit ist&hellip; <\/p>\n","protected":false},"author":1,"featured_media":0,"comment_status":"closed","ping_status":"closed","sticky":false,"template":"","format":"standard","meta":{"footnotes":""},"categories":[2],"tags":[107,3,448],"quellen":[331,329],"class_list":["post-1723","post","type-post","status-publish","format-standard","hentry","category-schule","tag-gemeinsames-lernen","tag-inklusion","tag-schule","quellen-mdl-stefan-zimkeit","quellen-mdl-wolfgang-grosse-broemer"],"_links":{"self":[{"href":"https:\/\/meier-gerdingh.de\/wp-spd-ob\/wp-json\/wp\/v2\/posts\/1723","targetHints":{"allow":["GET"]}}],"collection":[{"href":"https:\/\/meier-gerdingh.de\/wp-spd-ob\/wp-json\/wp\/v2\/posts"}],"about":[{"href":"https:\/\/meier-gerdingh.de\/wp-spd-ob\/wp-json\/wp\/v2\/types\/post"}],"author":[{"embeddable":true,"href":"https:\/\/meier-gerdingh.de\/wp-spd-ob\/wp-json\/wp\/v2\/users\/1"}],"replies":[{"embeddable":true,"href":"https:\/\/meier-gerdingh.de\/wp-spd-ob\/wp-json\/wp\/v2\/comments?post=1723"}],"version-history":[{"count":0,"href":"https:\/\/meier-gerdingh.de\/wp-spd-ob\/wp-json\/wp\/v2\/posts\/1723\/revisions"}],"wp:attachment":[{"href":"https:\/\/meier-gerdingh.de\/wp-spd-ob\/wp-json\/wp\/v2\/media?parent=1723"}],"wp:term":[{"taxonomy":"category","embeddable":true,"href":"https:\/\/meier-gerdingh.de\/wp-spd-ob\/wp-json\/wp\/v2\/categories?post=1723"},{"taxonomy":"post_tag","embeddable":true,"href":"https:\/\/meier-gerdingh.de\/wp-spd-ob\/wp-json\/wp\/v2\/tags?post=1723"},{"taxonomy":"quellen","embeddable":true,"href":"https:\/\/meier-gerdingh.de\/wp-spd-ob\/wp-json\/wp\/v2\/quellen?post=1723"}],"curies":[{"name":"wp","href":"https:\/\/api.w.org\/{rel}","templated":true}]}}