{"id":1726,"date":"2014-05-07T10:16:08","date_gmt":"2014-05-07T08:16:08","guid":{"rendered":"http:\/\/www.meier-gerdingh.de\/spd-oberhausen\/wp\/?p=1726"},"modified":"2017-01-03T16:45:30","modified_gmt":"2017-01-03T15:45:30","slug":"grosse-broemer-und-zimkeit-laden-ein-zum-6-jugend-landtag","status":"publish","type":"post","link":"https:\/\/meier-gerdingh.de\/wp-spd-ob\/2014\/05\/07\/grosse-broemer-und-zimkeit-laden-ein-zum-6-jugend-landtag\/","title":{"rendered":"Gro\u00dfe Br\u00f6mer und Zimkeit laden ein zum 6.&nbsp;Jugend-Landtag"},"content":{"rendered":"<div id=\"attachment_1453\" style=\"width: 190px\" class=\"wp-caption alignleft\"><a href=\"http:\/\/meier-gerdingh.de\/wp-spd-ob\/wp-content\/uploads\/jugendlandtag.jpg\"><img aria-describedby=\"caption-attachment-1453\" decoding=\"async\" class=\"size-full wp-image-1453\" src=\"http:\/\/meier-gerdingh.de\/wp-spd-ob\/wp-content\/uploads\/jugendlandtag.jpg\" alt=\"Plenarsitzung des Jugendlandtags\" width=\"180\" height=\"120\" \/><\/a><p id=\"caption-attachment-1453\" class=\"wp-caption-text\">Plenarsitzung des Jugendlandtags<\/p><\/div>\n<p>Wolfgang Gro\u00dfe Br\u00f6mer und Stefan Zimkeit laden Jugendliche im Alter zwischen 16 bis 20 Jahren dazu ein, die Pl\u00e4tze der Abgeordneten im Plenarsaal und in den Sitzungss\u00e4len einzunehmen, wenn vom 04. &#8211; 06. September 2014 in D\u00fcsseldorf bereits zum sechsten Mal der Jugend-Landtag Nordrhein-Westfalen stattfindet. Der Jugend-Landtag ist eine dreit\u00e4gige Veranstaltung mit \u00dcbernachtung. S\u00e4mtliche Kosten werden vom Landtag \u00fcbernommen. Diskutiert werden in den Sitzungen mehrere aktuelle Themen, die parlamentarischen Abl\u00e4ufe sollen realit\u00e4tsnah simuliert werden. Die Beschl\u00fcsse der &#8222;Jugend-Landtagsabgeordneten&#8220; werden anschlie\u00dfend den Abgeordneten des Parlaments zur Kenntnis gegeben.<!--more--><\/p>\n<p>Bewerben k\u00f6nnen sich Sch\u00fclerinnen und Sch\u00fcler, Auszubildende, Studierende oder junge Berufst\u00e4tige. Jeder Abgeordnete hat die M\u00f6glichkeit, einen jungen Menschen aus seinem Wahlkreis einzuladen.<\/p>\n<p>Ausreichend f\u00fcr die Bewerbung ist eine <b>E-Mail bis zum 5. Juni 2014<\/b> mit Adresse und Altersangabe sowie einem kurzen Satz, warum man beim Jugend-Landtag mitmachen m\u00f6chte an:<\/p>\n<p><b><a class=\"normal\" href=\"mailto:marvin.rosenberger@landtag.nrw.de\">marvin.rosenberger@landtag.nrw.de<\/a><\/b><\/p>\n<p>Weitere Informationen zum Jugend-Landtag sind erh\u00e4ltlich beim:<\/p>\n<p>Sachbereich &#8222;Jugend und Parlament&#8220; des Landtags NRW,<br \/>\nFrau Dorothea Dietsch<br \/>\nTelefon: 0211-884-2450<br \/>\nE-Mail: <b><a href=\"mailto:dietsch@landtag.nrw.de\">dietsch@landtag.nrw.de<\/a><\/b>.<\/p>\n<p>Impressionen und Berichte von den bisherigen Jugend-Landtagen finden sich auf der Internetseite <b><a class=\"normal\" title=\"Externer Link | \u00d6ffnet neues Fenster oder neuen Tab\" href=\"http:\/\/www.jugend-landtag.de\" target=\"_blank\">www.jugend-landtag.de<\/a><\/b>.<\/p>\n","protected":false},"excerpt":{"rendered":"<p>Wolfgang Gro\u00dfe Br\u00f6mer und Stefan Zimkeit laden Jugendliche im Alter zwischen 16 bis 20 Jahren dazu ein, die Pl\u00e4tze der Abgeordneten im Plenarsaal und in den Sitzungss\u00e4len einzunehmen, wenn vom&hellip; <\/p>\n","protected":false},"author":1,"featured_media":0,"comment_status":"closed","ping_status":"closed","sticky":false,"template":"","format":"standard","meta":{"footnotes":""},"categories":[171],"tags":[97],"quellen":[331,329],"class_list":["post-1726","post","type-post","status-publish","format-standard","hentry","category-veranstaltungen","tag-jugend-landtag","quellen-mdl-stefan-zimkeit","quellen-mdl-wolfgang-grosse-broemer"],"_links":{"self":[{"href":"https:\/\/meier-gerdingh.de\/wp-spd-ob\/wp-json\/wp\/v2\/posts\/1726","targetHints":{"allow":["GET"]}}],"collection":[{"href":"https:\/\/meier-gerdingh.de\/wp-spd-ob\/wp-json\/wp\/v2\/posts"}],"about":[{"href":"https:\/\/meier-gerdingh.de\/wp-spd-ob\/wp-json\/wp\/v2\/types\/post"}],"author":[{"embeddable":true,"href":"https:\/\/meier-gerdingh.de\/wp-spd-ob\/wp-json\/wp\/v2\/users\/1"}],"replies":[{"embeddable":true,"href":"https:\/\/meier-gerdingh.de\/wp-spd-ob\/wp-json\/wp\/v2\/comments?post=1726"}],"version-history":[{"count":0,"href":"https:\/\/meier-gerdingh.de\/wp-spd-ob\/wp-json\/wp\/v2\/posts\/1726\/revisions"}],"wp:attachment":[{"href":"https:\/\/meier-gerdingh.de\/wp-spd-ob\/wp-json\/wp\/v2\/media?parent=1726"}],"wp:term":[{"taxonomy":"category","embeddable":true,"href":"https:\/\/meier-gerdingh.de\/wp-spd-ob\/wp-json\/wp\/v2\/categories?post=1726"},{"taxonomy":"post_tag","embeddable":true,"href":"https:\/\/meier-gerdingh.de\/wp-spd-ob\/wp-json\/wp\/v2\/tags?post=1726"},{"taxonomy":"quellen","embeddable":true,"href":"https:\/\/meier-gerdingh.de\/wp-spd-ob\/wp-json\/wp\/v2\/quellen?post=1726"}],"curies":[{"name":"wp","href":"https:\/\/api.w.org\/{rel}","templated":true}]}}