{"id":1729,"date":"2014-05-13T10:30:26","date_gmt":"2014-05-13T08:30:26","guid":{"rendered":"http:\/\/www.meier-gerdingh.de\/spd-oberhausen\/wp\/?p=1729"},"modified":"2017-01-03T16:44:39","modified_gmt":"2017-01-03T15:44:39","slug":"scheffler-freut-sich-ueber-verlaengerte-parkzeit-an-der-dudelerstrasse","status":"publish","type":"post","link":"https:\/\/meier-gerdingh.de\/wp-spd-ob\/2014\/05\/13\/scheffler-freut-sich-ueber-verlaengerte-parkzeit-an-der-dudelerstrasse\/","title":{"rendered":"Scheffler freut sich \u00fcber verl\u00e4ngerte Parkzeit an der Dudelerstra\u00dfe"},"content":{"rendered":"<div id=\"attachment_1597\" style=\"width: 150px\" class=\"wp-caption alignleft\"><a href=\"http:\/\/meier-gerdingh.de\/wp-spd-ob\/wp-content\/uploads\/scheffler_stefan_09.jpg\"><img aria-describedby=\"caption-attachment-1597\" decoding=\"async\" class=\"size-full wp-image-1597\" src=\"http:\/\/meier-gerdingh.de\/wp-spd-ob\/wp-content\/uploads\/scheffler_stefan_09.jpg\" alt=\"Stefan Scheffler ist Mitglied des Rates f\u00fcr Schmachtendorf\" width=\"140\" height=\"169\" \/><\/a><p id=\"caption-attachment-1597\" class=\"wp-caption-text\">Stefan Scheffler ist Mitglied des Rates f\u00fcr Schmachtendorf<\/p><\/div>\n<p>Der Schmachtendorfer Stadtverordnete Stefan Scheffler (SPD) freut sich \u00fcber die Parkzeitverl\u00e4ngerung an der Dudelerstra\u00dfe. In einer Anfrage an den Oberb\u00fcrgermeister wollte er wissen, warum das kostenfreie Parken mit Parkscheibe an der Dudelerstra\u00dfe von zwei auf eine Stunde Parkzeit begrenzt sei.<!--more--><\/p>\n<p>&#8222;An der Dudelerstra\u00dfe in Oberhausen-Schmachtendorf sind f\u00fcr B\u00fcrgerinnen und B\u00fcrger Angebote des t\u00e4glichen Bedarfs zu erhalten. Au\u00dferdem sind hier weitere Dienstleister angesiedelt, wie zum Beispiel Arztpraxen und Apotheken. Die Stra\u00dfe wird von zahlreichen Passanten frequentiert, die zum Teil mit dem Auto anreisen und auf einen Parkplatz angewiesen sind&#8220;, so Scheffler.<\/p>\n<p>Die Verwaltung pr\u00fcfte den Sachverhalt und \u00e4nderte die kostenlose Parkzeiten von 1 Stunde auf nunmehr 2 Stunden. &#8222;Hier hat sich das Nachhaken gelohnt!&#8220;, freut sich Scheffler. &#8222;Das kostenfreie Parken mit Parkscheibe f\u00fcr zwei Stunden wird sich besonders bei Arztbesuchen bew\u00e4hren. Die B\u00fcrgerinnen und B\u00fcrgern k\u00f6nnen jetzt etwas entspannter Arzttermine wahrnehmen oder ihre Besorgungen erledigen.&#8220;<\/p>\n","protected":false},"excerpt":{"rendered":"<p>Der Schmachtendorfer Stadtverordnete Stefan Scheffler (SPD) freut sich \u00fcber die Parkzeitverl\u00e4ngerung an der Dudelerstra\u00dfe. In einer Anfrage an den Oberb\u00fcrgermeister wollte er wissen, warum das kostenfreie Parken mit Parkscheibe an&hellip; <\/p>\n","protected":false},"author":1,"featured_media":0,"comment_status":"closed","ping_status":"closed","sticky":false,"template":"","format":"standard","meta":{"footnotes":""},"categories":[27,167],"tags":[92,91],"quellen":[326],"class_list":["post-1729","post","type-post","status-publish","format-standard","hentry","category-planen-bauen-wohnen-verkehr","category-stadtteile","tag-parken","tag-schmachtendorf","quellen-spd-fraktion-oberhausen"],"_links":{"self":[{"href":"https:\/\/meier-gerdingh.de\/wp-spd-ob\/wp-json\/wp\/v2\/posts\/1729","targetHints":{"allow":["GET"]}}],"collection":[{"href":"https:\/\/meier-gerdingh.de\/wp-spd-ob\/wp-json\/wp\/v2\/posts"}],"about":[{"href":"https:\/\/meier-gerdingh.de\/wp-spd-ob\/wp-json\/wp\/v2\/types\/post"}],"author":[{"embeddable":true,"href":"https:\/\/meier-gerdingh.de\/wp-spd-ob\/wp-json\/wp\/v2\/users\/1"}],"replies":[{"embeddable":true,"href":"https:\/\/meier-gerdingh.de\/wp-spd-ob\/wp-json\/wp\/v2\/comments?post=1729"}],"version-history":[{"count":0,"href":"https:\/\/meier-gerdingh.de\/wp-spd-ob\/wp-json\/wp\/v2\/posts\/1729\/revisions"}],"wp:attachment":[{"href":"https:\/\/meier-gerdingh.de\/wp-spd-ob\/wp-json\/wp\/v2\/media?parent=1729"}],"wp:term":[{"taxonomy":"category","embeddable":true,"href":"https:\/\/meier-gerdingh.de\/wp-spd-ob\/wp-json\/wp\/v2\/categories?post=1729"},{"taxonomy":"post_tag","embeddable":true,"href":"https:\/\/meier-gerdingh.de\/wp-spd-ob\/wp-json\/wp\/v2\/tags?post=1729"},{"taxonomy":"quellen","embeddable":true,"href":"https:\/\/meier-gerdingh.de\/wp-spd-ob\/wp-json\/wp\/v2\/quellen?post=1729"}],"curies":[{"name":"wp","href":"https:\/\/api.w.org\/{rel}","templated":true}]}}