{"id":1730,"date":"2014-05-14T10:32:55","date_gmt":"2014-05-14T08:32:55","guid":{"rendered":"http:\/\/www.meier-gerdingh.de\/spd-oberhausen\/wp\/?p=1730"},"modified":"2017-01-03T16:44:21","modified_gmt":"2017-01-03T15:44:21","slug":"neu-konstituierung-des-rates-am-16-juni","status":"publish","type":"post","link":"https:\/\/meier-gerdingh.de\/wp-spd-ob\/2014\/05\/14\/neu-konstituierung-des-rates-am-16-juni\/","title":{"rendered":"Neu-Konstituierung des Rates am 16.&nbsp;Juni"},"content":{"rendered":"<div id=\"attachment_1581\" style=\"width: 150px\" class=\"wp-caption alignleft\"><a href=\"http:\/\/meier-gerdingh.de\/wp-spd-ob\/wp-content\/uploads\/rathaus.jpg\"><img aria-describedby=\"caption-attachment-1581\" decoding=\"async\" class=\"size-full wp-image-1581\" src=\"http:\/\/meier-gerdingh.de\/wp-spd-ob\/wp-content\/uploads\/rathaus.jpg\" alt=\"Das Rathaus in Alt-Oberhausen: Hier kommt der Rat der Stadt Oberhausen zu seinen Sitzungen zusammen.\" width=\"140\" height=\"189\" \/><\/a><p id=\"caption-attachment-1581\" class=\"wp-caption-text\">Das Rathaus in Alt-Oberhausen: Hier kommt der Rat der Stadt Oberhausen zu seinen Sitzungen zusammen.<\/p><\/div>\n<p>Am 7. April fand die letzte Sitzung des Rates der Stadt Oberhausen der Legislaturperiode 2009 bis 2014 statt. Neben dem Rat pausieren auch die zugeh\u00f6rigen Gremien bis zur Kommunalwahl am 25. Mai. Nach der Kommunalwahl werden sich dann am 16. Juni 2014 der Rat der Stadt Oberhausen und nachfolgend seine Aussch\u00fcsse neu konstituieren.<!--more--><\/p>\n<p>Bereits einen Tag nach der Wahl wird die neue SPD-Fraktion f\u00fcr die Wahlperiode bis 2020 zusammentreffen und ihre Arbeit f\u00fcr die Stadt Oberhausen aufnehmen. Die Termine der konstituierenden Sitzungen der Aussch\u00fcsse des Rates finden Sie hier.<\/p>\n","protected":false},"excerpt":{"rendered":"<p>Am 7. April fand die letzte Sitzung des Rates der Stadt Oberhausen der Legislaturperiode 2009 bis 2014 statt. Neben dem Rat pausieren auch die zugeh\u00f6rigen Gremien bis zur Kommunalwahl am&hellip; <\/p>\n","protected":false},"author":1,"featured_media":0,"comment_status":"closed","ping_status":"closed","sticky":false,"template":"","format":"standard","meta":{"footnotes":""},"categories":[178],"tags":[52,90],"quellen":[326],"class_list":["post-1730","post","type-post","status-publish","format-standard","hentry","category-wahlen","tag-kommunalwahl-2014","tag-konstituierung-rat","quellen-spd-fraktion-oberhausen"],"_links":{"self":[{"href":"https:\/\/meier-gerdingh.de\/wp-spd-ob\/wp-json\/wp\/v2\/posts\/1730","targetHints":{"allow":["GET"]}}],"collection":[{"href":"https:\/\/meier-gerdingh.de\/wp-spd-ob\/wp-json\/wp\/v2\/posts"}],"about":[{"href":"https:\/\/meier-gerdingh.de\/wp-spd-ob\/wp-json\/wp\/v2\/types\/post"}],"author":[{"embeddable":true,"href":"https:\/\/meier-gerdingh.de\/wp-spd-ob\/wp-json\/wp\/v2\/users\/1"}],"replies":[{"embeddable":true,"href":"https:\/\/meier-gerdingh.de\/wp-spd-ob\/wp-json\/wp\/v2\/comments?post=1730"}],"version-history":[{"count":0,"href":"https:\/\/meier-gerdingh.de\/wp-spd-ob\/wp-json\/wp\/v2\/posts\/1730\/revisions"}],"wp:attachment":[{"href":"https:\/\/meier-gerdingh.de\/wp-spd-ob\/wp-json\/wp\/v2\/media?parent=1730"}],"wp:term":[{"taxonomy":"category","embeddable":true,"href":"https:\/\/meier-gerdingh.de\/wp-spd-ob\/wp-json\/wp\/v2\/categories?post=1730"},{"taxonomy":"post_tag","embeddable":true,"href":"https:\/\/meier-gerdingh.de\/wp-spd-ob\/wp-json\/wp\/v2\/tags?post=1730"},{"taxonomy":"quellen","embeddable":true,"href":"https:\/\/meier-gerdingh.de\/wp-spd-ob\/wp-json\/wp\/v2\/quellen?post=1730"}],"curies":[{"name":"wp","href":"https:\/\/api.w.org\/{rel}","templated":true}]}}