{"id":1732,"date":"2014-09-16T10:46:45","date_gmt":"2014-09-16T08:46:45","guid":{"rendered":"http:\/\/www.meier-gerdingh.de\/spd-oberhausen\/wp\/?p=1732"},"modified":"2017-01-03T16:36:08","modified_gmt":"2017-01-03T15:36:08","slug":"oberhausen-ist-spitzenreiter-beim-frauenanteil-in-kommunalen-aufsichtsraeten","status":"publish","type":"post","link":"https:\/\/meier-gerdingh.de\/wp-spd-ob\/2014\/09\/16\/oberhausen-ist-spitzenreiter-beim-frauenanteil-in-kommunalen-aufsichtsraeten\/","title":{"rendered":"Oberhausen ist Spitzenreiter beim Frauenanteil in kommunalen Aufsichtsr\u00e4ten"},"content":{"rendered":"<div id=\"attachment_1450\" style=\"width: 150px\" class=\"wp-caption alignleft\"><a href=\"http:\/\/meier-gerdingh.de\/wp-spd-ob\/wp-content\/uploads\/jordan_ecker_ute.jpg\"><img aria-describedby=\"caption-attachment-1450\" decoding=\"async\" class=\"size-full wp-image-1450\" src=\"http:\/\/meier-gerdingh.de\/wp-spd-ob\/wp-content\/uploads\/jordan_ecker_ute.jpg\" alt=\"Ute Jordan-Ecker, Vorsitzende der Oberhausener ASF\" width=\"140\" height=\"186\" \/><\/a><p id=\"caption-attachment-1450\" class=\"wp-caption-text\">Ute Jordan-Ecker, Vorsitzende der Oberhausener ASF<\/p><\/div>\n<p>Ute Jordan-Ecker, Vorsitzender der Arbeitsgemeinschaft sozialdemokratischer Frauen (ASF) der SPD Oberhausen, zeigt sich erfreut \u00fcber die Ergebnisse der Studie der Leipziger Uni (WAZ-Bericht vom 16. Mai 2014). &#8222;Dass wir mit 31,7 Prozent Frauen in Aufsichtsgremien kommunaler Unternehmen an Platz 1 der 15 gr\u00f6\u00dften St\u00e4dte in NRW liegen, zeigt, dass wir auf einem guten Weg sind.&#8220;<!--more--><\/p>\n<p>Der Durchschnittswert aller 15 St\u00e4dte liegt bei 22,9 Prozent, NRW-weit sogar nur bei 22. &#8222;Wenn wir als SPD Quoten in der Privatwirtschaft fordern, dann m\u00fcssen wir uns auch in den kommunalen Institutionen danach richten.&#8220; Zwar ist auch in Oberhausen noch &#8222;Luft nach oben&#8220;, aber diese Spitzenplatzierung zeigt, dass die Politik in Oberhausen bisher vern\u00fcnftig gehandelt hat.<\/p>\n","protected":false},"excerpt":{"rendered":"<p>Ute Jordan-Ecker, Vorsitzender der Arbeitsgemeinschaft sozialdemokratischer Frauen (ASF) der SPD Oberhausen, zeigt sich erfreut \u00fcber die Ergebnisse der Studie der Leipziger Uni (WAZ-Bericht vom 16. Mai 2014). &#8222;Dass wir mit&hellip; <\/p>\n","protected":false},"author":1,"featured_media":0,"comment_status":"closed","ping_status":"closed","sticky":false,"template":"","format":"standard","meta":{"footnotes":""},"categories":[95],"tags":[19,24,23],"quellen":[341],"class_list":["post-1732","post","type-post","status-publish","format-standard","hentry","category-gleichstellung","tag-asf","tag-frauen-in-fuehrungspositionen","tag-kommunale-unternehmen","quellen-asf-oberhausen"],"_links":{"self":[{"href":"https:\/\/meier-gerdingh.de\/wp-spd-ob\/wp-json\/wp\/v2\/posts\/1732","targetHints":{"allow":["GET"]}}],"collection":[{"href":"https:\/\/meier-gerdingh.de\/wp-spd-ob\/wp-json\/wp\/v2\/posts"}],"about":[{"href":"https:\/\/meier-gerdingh.de\/wp-spd-ob\/wp-json\/wp\/v2\/types\/post"}],"author":[{"embeddable":true,"href":"https:\/\/meier-gerdingh.de\/wp-spd-ob\/wp-json\/wp\/v2\/users\/1"}],"replies":[{"embeddable":true,"href":"https:\/\/meier-gerdingh.de\/wp-spd-ob\/wp-json\/wp\/v2\/comments?post=1732"}],"version-history":[{"count":0,"href":"https:\/\/meier-gerdingh.de\/wp-spd-ob\/wp-json\/wp\/v2\/posts\/1732\/revisions"}],"wp:attachment":[{"href":"https:\/\/meier-gerdingh.de\/wp-spd-ob\/wp-json\/wp\/v2\/media?parent=1732"}],"wp:term":[{"taxonomy":"category","embeddable":true,"href":"https:\/\/meier-gerdingh.de\/wp-spd-ob\/wp-json\/wp\/v2\/categories?post=1732"},{"taxonomy":"post_tag","embeddable":true,"href":"https:\/\/meier-gerdingh.de\/wp-spd-ob\/wp-json\/wp\/v2\/tags?post=1732"},{"taxonomy":"quellen","embeddable":true,"href":"https:\/\/meier-gerdingh.de\/wp-spd-ob\/wp-json\/wp\/v2\/quellen?post=1732"}],"curies":[{"name":"wp","href":"https:\/\/api.w.org\/{rel}","templated":true}]}}