{"id":1736,"date":"2014-05-22T10:54:33","date_gmt":"2014-05-22T08:54:33","guid":{"rendered":"http:\/\/www.meier-gerdingh.de\/spd-oberhausen\/wp\/?p=1736"},"modified":"2017-01-03T16:43:11","modified_gmt":"2017-01-03T15:43:11","slug":"neubauprojekt-steht-kurz-vor-abschluss","status":"publish","type":"post","link":"https:\/\/meier-gerdingh.de\/wp-spd-ob\/2014\/05\/22\/neubauprojekt-steht-kurz-vor-abschluss\/","title":{"rendered":"Neubauprojekt steht kurz vor Abschluss"},"content":{"rendered":"<div id=\"attachment_1539\" style=\"width: 210px\" class=\"wp-caption alignleft\"><a href=\"http:\/\/meier-gerdingh.de\/wp-spd-ob\/wp-content\/uploads\/neubauprojekt_elly_heuss_knapp.jpg\"><img aria-describedby=\"caption-attachment-1539\" decoding=\"async\" class=\"size-full wp-image-1539\" src=\"http:\/\/meier-gerdingh.de\/wp-spd-ob\/wp-content\/uploads\/neubauprojekt_elly_heuss_knapp.jpg\" alt=\"\u00dcberzeugten sich an Ort und Stelle vom Baufortschritt: B\u00fcrgermeisterin Elia Albrecht-Mainz und die Vorsitzende des ASO-Aufsichtsrates Kirsten Oberste-Kleinbeck\" width=\"200\" height=\"130\" \/><\/a><p id=\"caption-attachment-1539\" class=\"wp-caption-text\">\u00dcberzeugten sich an Ort und Stelle vom Baufortschritt: B\u00fcrgermeisterin Elia Albrecht-Mainz und die Vorsitzende des ASO-Aufsichtsrates Kirsten Oberste-Kleinbeck<\/p><\/div>\n<p>Rechtzeitig zum 20-j\u00e4hrigen Bestehen der Betreuungsgemeinschaft der Elly-Heuss-Knapp-Stiftung geht der Neubau der 58 Wohnungen seiner Fertigstellung entgegen. Die Wohnungen sind zwischen 47 und 77 qm gro\u00df, verf\u00fcgen \u00fcber Loggia, Balkon oder Dachterrasse und sind selbstverst\u00e4ndlich barrierefrei. Im Juni k\u00f6nnen die Wohnungen bezogen werden, wovon sich B\u00fcrgermeisterin Elia Albrecht-Mainz und die ASO-Aufsichtsratsvorsitzende Kirsten Oberste-Kleinbeck vor Ort \u00fcberzeugen konnten.<!--more--><\/p>\n<p>Nach anderthalbj\u00e4hriger Bauzeit wird die gro\u00dfe st\u00e4dtische Einrichtung nicht nur durch die beiden neuen Geb\u00e4ude bereichert, sondern auch durch die neu gestaltete Gr\u00fcnanlage und den Veranstaltungssaal. Dieser wird f\u00fcr Feiern und den t\u00e4glichen Mittagstisch nicht allein den k\u00fcnftigen Bewohnern, sondern der gesamten Nachbarschaft zur Verf\u00fcgung stehen.<\/p>\n<p>Insgesamt werden von der ASO gGmbH 8,5 Mio. Euro investiert. Das Land f\u00f6rdert das vorbildliche Projekt mit ca. 4,5 Mio. Euro und begr\u00fc\u00dft die Absicht des Unternehmens, sich mit seiner vielf\u00e4ltigen Dienstleistungspalette noch weiter dem gesamten Quartier zu \u00f6ffnen.<\/p>\n","protected":false},"excerpt":{"rendered":"<p>Rechtzeitig zum 20-j\u00e4hrigen Bestehen der Betreuungsgemeinschaft der Elly-Heuss-Knapp-Stiftung geht der Neubau der 58 Wohnungen seiner Fertigstellung entgegen. Die Wohnungen sind zwischen 47 und 77 qm gro\u00df, verf\u00fcgen \u00fcber Loggia, Balkon&hellip; <\/p>\n","protected":false},"author":1,"featured_media":0,"comment_status":"closed","ping_status":"closed","sticky":false,"template":"","format":"standard","meta":{"footnotes":""},"categories":[27],"tags":[83,82,81,46],"quellen":[326],"class_list":["post-1736","post","type-post","status-publish","format-standard","hentry","category-planen-bauen-wohnen-verkehr","tag-aso-ggmbh","tag-elly-heuss-knapp-stiftung","tag-senioren","tag-sterkrade","quellen-spd-fraktion-oberhausen"],"_links":{"self":[{"href":"https:\/\/meier-gerdingh.de\/wp-spd-ob\/wp-json\/wp\/v2\/posts\/1736","targetHints":{"allow":["GET"]}}],"collection":[{"href":"https:\/\/meier-gerdingh.de\/wp-spd-ob\/wp-json\/wp\/v2\/posts"}],"about":[{"href":"https:\/\/meier-gerdingh.de\/wp-spd-ob\/wp-json\/wp\/v2\/types\/post"}],"author":[{"embeddable":true,"href":"https:\/\/meier-gerdingh.de\/wp-spd-ob\/wp-json\/wp\/v2\/users\/1"}],"replies":[{"embeddable":true,"href":"https:\/\/meier-gerdingh.de\/wp-spd-ob\/wp-json\/wp\/v2\/comments?post=1736"}],"version-history":[{"count":0,"href":"https:\/\/meier-gerdingh.de\/wp-spd-ob\/wp-json\/wp\/v2\/posts\/1736\/revisions"}],"wp:attachment":[{"href":"https:\/\/meier-gerdingh.de\/wp-spd-ob\/wp-json\/wp\/v2\/media?parent=1736"}],"wp:term":[{"taxonomy":"category","embeddable":true,"href":"https:\/\/meier-gerdingh.de\/wp-spd-ob\/wp-json\/wp\/v2\/categories?post=1736"},{"taxonomy":"post_tag","embeddable":true,"href":"https:\/\/meier-gerdingh.de\/wp-spd-ob\/wp-json\/wp\/v2\/tags?post=1736"},{"taxonomy":"quellen","embeddable":true,"href":"https:\/\/meier-gerdingh.de\/wp-spd-ob\/wp-json\/wp\/v2\/quellen?post=1736"}],"curies":[{"name":"wp","href":"https:\/\/api.w.org\/{rel}","templated":true}]}}