{"id":1737,"date":"2014-05-27T10:56:27","date_gmt":"2014-05-27T08:56:27","guid":{"rendered":"http:\/\/www.meier-gerdingh.de\/spd-oberhausen\/wp\/?p=1737"},"modified":"2017-01-03T16:42:52","modified_gmt":"2017-01-03T15:42:52","slug":"aufarbeitung-der-kommunalwahlergebnisse","status":"publish","type":"post","link":"https:\/\/meier-gerdingh.de\/wp-spd-ob\/2014\/05\/27\/aufarbeitung-der-kommunalwahlergebnisse\/","title":{"rendered":"Aufarbeitung der Kommunalwahlergebnisse"},"content":{"rendered":"<div class=\"wp-caption alignleft\" style=\"width: 174px;\"><a href=\"http:\/\/meier-gerdingh.de\/wp-spd-ob\/wp-content\/uploads\/logo_spd_oberhausen.png\"><img decoding=\"async\" class=\"alignleft size-full wp-image-1519\" src=\"http:\/\/meier-gerdingh.de\/wp-spd-ob\/wp-content\/uploads\/logo_spd_oberhausen.png\" alt=\"logo_spd_oberhausen\" width=\"174\" height=\"174\" srcset=\"https:\/\/meier-gerdingh.de\/wp-spd-ob\/wp-content\/uploads\/logo_spd_oberhausen.png 174w, https:\/\/meier-gerdingh.de\/wp-spd-ob\/wp-content\/uploads\/logo_spd_oberhausen-150x150.png 150w\" sizes=\"(max-width: 174px) 100vw, 174px\" \/><\/a><\/div>\n<p>Einen Tag nach der Wahl mit einem entt\u00e4uschenden Resultat f\u00fcr die SPD Oberhausen hat die Aufarbeitung der Wahlergebnisse auf kommunaler Ebene begonnen. In einer ehrlichen und offenen Analyse sollen die Fehler und der zu bilanzierende Vertrauensverlust bei den W\u00e4hlerinnen und W\u00e4hlern gr\u00fcndlich thematisiert werden. Im Partei- und Fraktionsvorstand sowie der Fraktion wurde dazu am Montag der Auftakt gemacht. Klar ist, dass die erheblichen Stimmverluste gemeinsam zu verantworten sind. Insbesondere der engagierte Wahlkampf der Kandidatinnen und Kandidaten und ihrer Ortsvereine wurde ausdr\u00fccklich gelobt. Dank gilt auch den W\u00e4hlerinnen und W\u00e4hlern, die die SPD trotz der Verluste zur mit Abstand st\u00e4rksten Kraft in der Oberhausener Politik gemacht haben.<!--more--><\/p>\n<p>Parteivorsitzender Mike Groschek sagte gegen\u00fcber der WAZ: &#8222;Das war eine Denkzettel-Wahl, die unsere Politik in Oberhausen betrifft. Es ist der Eindruck entstanden, wir legten Arroganz an den Tag und strengten uns nicht genug an. Wir haben uns viel Misstrauen eingehandelt. Viele W\u00e4hler wollten aber keinen Wechsel zur CDU, sondern eine andere SPD. Das zeigt das BOB-Ergebnis. Wir m\u00fcssen K\u00e4rrnerarbeit leisten, um das Vertrauen zur\u00fcckzuholen.&#8220;<\/p>\n<p>Fraktionsvorsitzender Wolfgang Gro\u00dfe Br\u00f6mer: &#8222;Wir haben zudem nicht deutlich machen k\u00f6nnen, dass wir erst sparen mussten, um einen externen Sparkommissar zu verhindern und uns Handlungsspielr\u00e4ume zu schaffen. Und danach konnten wir erst mutig Projekte ansto\u00dfen \u2013 das war letztendlich zu sp\u00e4t, aber nicht anders machbar.&#8220;<\/p>\n<p><b>Neuwahl des gesch\u00e4ftsf\u00fchrenden Fraktionsvorstands<\/b><\/p>\n<p>Um im Tagesgesch\u00e4ft verl\u00e4sslich und handlungsf\u00e4hig zu sein, wurde am Montagabend die Fraktionsspitze neu gew\u00e4hlt. Alle haben ihren Platz zur Verf\u00fcgung gestellt, aber die Gremien beschlossen einm\u00fctig, in der schwierigen Nachwahlphase auf erfahrene Personen zu setzen. Gemeinsam wird man zusammenstehen, sich der Verantwortung stellen und die Kommunalwahlergebnisse analysieren.<\/p>\n<p>Fraktionsvorsitzender Wolfgang Gro\u00dfe Br\u00f6mer und Stellvertreter Karl-Heinz Emmerich wurden mit gro\u00dfer Mehrheit im Amt best\u00e4tigt, neue stellvertretende Fraktionsvorsitzende ist die erfahrene Sozialpolitikerin Kirsten Oberste-Kleinbeck.<\/p>\n","protected":false},"excerpt":{"rendered":"<p>Einen Tag nach der Wahl mit einem entt\u00e4uschenden Resultat f\u00fcr die SPD Oberhausen hat die Aufarbeitung der Wahlergebnisse auf kommunaler Ebene begonnen. In einer ehrlichen und offenen Analyse sollen die&hellip; <\/p>\n","protected":false},"author":1,"featured_media":0,"comment_status":"closed","ping_status":"closed","sticky":false,"template":"","format":"standard","meta":{"footnotes":""},"categories":[178],"tags":[52,78],"quellen":[326,327],"class_list":["post-1737","post","type-post","status-publish","format-standard","hentry","category-wahlen","tag-kommunalwahl-2014","tag-konstituierung-spd-fraktion","quellen-spd-fraktion-oberhausen","quellen-spd-unterbezirk-oberhausen"],"_links":{"self":[{"href":"https:\/\/meier-gerdingh.de\/wp-spd-ob\/wp-json\/wp\/v2\/posts\/1737","targetHints":{"allow":["GET"]}}],"collection":[{"href":"https:\/\/meier-gerdingh.de\/wp-spd-ob\/wp-json\/wp\/v2\/posts"}],"about":[{"href":"https:\/\/meier-gerdingh.de\/wp-spd-ob\/wp-json\/wp\/v2\/types\/post"}],"author":[{"embeddable":true,"href":"https:\/\/meier-gerdingh.de\/wp-spd-ob\/wp-json\/wp\/v2\/users\/1"}],"replies":[{"embeddable":true,"href":"https:\/\/meier-gerdingh.de\/wp-spd-ob\/wp-json\/wp\/v2\/comments?post=1737"}],"version-history":[{"count":0,"href":"https:\/\/meier-gerdingh.de\/wp-spd-ob\/wp-json\/wp\/v2\/posts\/1737\/revisions"}],"wp:attachment":[{"href":"https:\/\/meier-gerdingh.de\/wp-spd-ob\/wp-json\/wp\/v2\/media?parent=1737"}],"wp:term":[{"taxonomy":"category","embeddable":true,"href":"https:\/\/meier-gerdingh.de\/wp-spd-ob\/wp-json\/wp\/v2\/categories?post=1737"},{"taxonomy":"post_tag","embeddable":true,"href":"https:\/\/meier-gerdingh.de\/wp-spd-ob\/wp-json\/wp\/v2\/tags?post=1737"},{"taxonomy":"quellen","embeddable":true,"href":"https:\/\/meier-gerdingh.de\/wp-spd-ob\/wp-json\/wp\/v2\/quellen?post=1737"}],"curies":[{"name":"wp","href":"https:\/\/api.w.org\/{rel}","templated":true}]}}