{"id":1738,"date":"2014-06-03T10:57:42","date_gmt":"2014-06-03T08:57:42","guid":{"rendered":"http:\/\/www.meier-gerdingh.de\/spd-oberhausen\/wp\/?p=1738"},"modified":"2017-01-03T16:42:33","modified_gmt":"2017-01-03T15:42:33","slug":"fraktionsvorstand-komplett","status":"publish","type":"post","link":"https:\/\/meier-gerdingh.de\/wp-spd-ob\/2014\/06\/03\/fraktionsvorstand-komplett\/","title":{"rendered":"Fraktionsvorstand komplett"},"content":{"rendered":"<div id=\"attachment_1388\" style=\"width: 210px\" class=\"wp-caption alignleft\"><a href=\"http:\/\/meier-gerdingh.de\/wp-spd-ob\/wp-content\/uploads\/gf_fv_14.jpg\"><img aria-describedby=\"caption-attachment-1388\" decoding=\"async\" class=\"size-full wp-image-1388\" src=\"http:\/\/meier-gerdingh.de\/wp-spd-ob\/wp-content\/uploads\/gf_fv_14.jpg\" alt=\"Die neue gesch\u00e4ftsf\u00fchrende Fraktionsspitze: Wolfgang Gro\u00dfe Br\u00f6mer bleibt Vorsitzender, Kirsten Oberste-Kleinbeck und Karl-Heinz Emmerich sind stellvertretende Vorsitzende\" width=\"200\" height=\"84\" \/><\/a><p id=\"caption-attachment-1388\" class=\"wp-caption-text\">Die neue gesch\u00e4ftsf\u00fchrende Fraktionsspitze: Wolfgang Gro\u00dfe Br\u00f6mer bleibt Vorsitzender, Kirsten Oberste-Kleinbeck und Karl-Heinz Emmerich sind stellvertretende Vorsitzende<\/p><\/div>\n<p>Bei der fortgesetzten Konstituierung der neuen SPD-Ratsfraktion sind am Montagabend sechs Beisitzer zum Fraktionsvorstand und zwei Revisoren gew\u00e4hlt worden. &#8222;Unsere 23 Fraktionsmitglieder haben sich bei ihrer Wahl f\u00fcr eine gute Mischung aus j\u00fcngeren und \u00e4lteren, aus erfahrenen und neuen Ratspolitikern entschieden. Der k\u00fcnftige Fraktionsvorstand bildet ein starkes Team und ausgewogenes Spiegelbild unserer Gesamtfraktion&#8220;, so Fraktionsvorsitzender Wolfgang Gro\u00dfe Br\u00f6mer.<!--more--><\/p>\n<p>Bereits am 26. Mai war der gesch\u00e4ftsf\u00fchrende Fraktionsvorstand, bestehend aus Wolfgang Gro\u00dfe Br\u00f6mer (Vorsitz) und den Stellvertretern Kirsten Oberste-Kleinbeck und Karl-Heinz Emmerich, gew\u00e4hlt worden.<\/p>\n<p>Am 2. Juni folgte die Abstimmung \u00fcber die sechs Beisitzer und zwei Revisoren: Die beiden neuen Stadtverordneten Stephan Bramorski und Thomas Krey sind ebenso als Beisitzer im Vorstand dabei, wie die erfahrenen Ratsmitglieder Beatriks Brands, Dorothee Radtke und Horst Wolter.<\/p>\n","protected":false},"excerpt":{"rendered":"<p>Bei der fortgesetzten Konstituierung der neuen SPD-Ratsfraktion sind am Montagabend sechs Beisitzer zum Fraktionsvorstand und zwei Revisoren gew\u00e4hlt worden. &#8222;Unsere 23 Fraktionsmitglieder haben sich bei ihrer Wahl f\u00fcr eine gute&hellip; <\/p>\n","protected":false},"author":1,"featured_media":0,"comment_status":"closed","ping_status":"closed","sticky":false,"template":"","format":"standard","meta":{"footnotes":""},"categories":[178],"tags":[78,79],"quellen":[326],"class_list":["post-1738","post","type-post","status-publish","format-standard","hentry","category-wahlen","tag-konstituierung-spd-fraktion","tag-vorstandswahlen-spd-fraktion","quellen-spd-fraktion-oberhausen"],"_links":{"self":[{"href":"https:\/\/meier-gerdingh.de\/wp-spd-ob\/wp-json\/wp\/v2\/posts\/1738","targetHints":{"allow":["GET"]}}],"collection":[{"href":"https:\/\/meier-gerdingh.de\/wp-spd-ob\/wp-json\/wp\/v2\/posts"}],"about":[{"href":"https:\/\/meier-gerdingh.de\/wp-spd-ob\/wp-json\/wp\/v2\/types\/post"}],"author":[{"embeddable":true,"href":"https:\/\/meier-gerdingh.de\/wp-spd-ob\/wp-json\/wp\/v2\/users\/1"}],"replies":[{"embeddable":true,"href":"https:\/\/meier-gerdingh.de\/wp-spd-ob\/wp-json\/wp\/v2\/comments?post=1738"}],"version-history":[{"count":0,"href":"https:\/\/meier-gerdingh.de\/wp-spd-ob\/wp-json\/wp\/v2\/posts\/1738\/revisions"}],"wp:attachment":[{"href":"https:\/\/meier-gerdingh.de\/wp-spd-ob\/wp-json\/wp\/v2\/media?parent=1738"}],"wp:term":[{"taxonomy":"category","embeddable":true,"href":"https:\/\/meier-gerdingh.de\/wp-spd-ob\/wp-json\/wp\/v2\/categories?post=1738"},{"taxonomy":"post_tag","embeddable":true,"href":"https:\/\/meier-gerdingh.de\/wp-spd-ob\/wp-json\/wp\/v2\/tags?post=1738"},{"taxonomy":"quellen","embeddable":true,"href":"https:\/\/meier-gerdingh.de\/wp-spd-ob\/wp-json\/wp\/v2\/quellen?post=1738"}],"curies":[{"name":"wp","href":"https:\/\/api.w.org\/{rel}","templated":true}]}}