{"id":1740,"date":"2014-06-23T11:01:22","date_gmt":"2014-06-23T09:01:22","guid":{"rendered":"http:\/\/www.meier-gerdingh.de\/spd-oberhausen\/wp\/?p=1740"},"modified":"2017-01-03T16:41:52","modified_gmt":"2017-01-03T15:41:52","slug":"spd-gruene-und-fdp-erarbeiten-entwurf-fuer-einen-koalitionsvertrag","status":"publish","type":"post","link":"https:\/\/meier-gerdingh.de\/wp-spd-ob\/2014\/06\/23\/spd-gruene-und-fdp-erarbeiten-entwurf-fuer-einen-koalitionsvertrag\/","title":{"rendered":"SPD, Gr\u00fcne und FDP erarbeiten Entwurf f\u00fcr einen Koalitionsvertrag"},"content":{"rendered":"<div id=\"attachment_1470\" style=\"width: 190px\" class=\"wp-caption alignleft\"><a href=\"http:\/\/meier-gerdingh.de\/wp-spd-ob\/wp-content\/uploads\/koalitionsvertrag_2014.jpg\"><img aria-describedby=\"caption-attachment-1470\" decoding=\"async\" class=\"size-full wp-image-1470\" src=\"http:\/\/meier-gerdingh.de\/wp-spd-ob\/wp-content\/uploads\/koalitionsvertrag_2014.jpg\" alt=\"Der Entwurf des Koalitionsvertrags steht, jetzt muss er von der Basis abgesegnet werden\" width=\"180\" height=\"166\" \/><\/a><p id=\"caption-attachment-1470\" class=\"wp-caption-text\">Der Entwurf des Koalitionsvertrags steht, jetzt muss er von der Basis abgesegnet werden<\/p><\/div>\n<p>In konstruktiver, an der L\u00f6sung von Sachproblemen orientierter Atmosph\u00e4re haben sich die Verhandlungskommissionen von SPD, Gr\u00fcnen und FDP auf ein f\u00fcr die n\u00e4chsten sechs Jahre angelegtes Arbeitsprogramm geeinigt. Nach zwei Sondierungsrunden, in denen weitgehende \u00dcbereinstimmung bei den Leitlinien einer k\u00fcnftigen gemeinsamen Politik festgestellt wurde, erarbeiteten sechs Arbeitsgruppen die konkreten Vorhaben auf der Grundlage der Vorstellungen der einzelnen Parteien. Diese wurden zweimal in die gro\u00dfe Verhandlungsrunde r\u00fcckgekoppelt, in der auch zu strittigen Fragen z\u00fcgig L\u00f6sungen gefunden wurden.<!--more--><\/p>\n<p>&#8222;Die intensive Arbeit fand in einer angenehmen, sach- und probleml\u00f6sungsorienterten Atmosph\u00e4re statt, in der der Wille zur Verst\u00e4ndigung und eines Austauschs von Argumenten auf gleicher Augenh\u00f6he von Anfang an deutlich zu sp\u00fcren war&#8220;, so die Verhandlungsf\u00fchrer\/-innen Wolfgang Gro\u00dfe Br\u00f6mer (SPD), Regina Wittmann (Gr\u00fcne) und Hans-Otto Runkler (FDP).<\/p>\n<p>Nach der Endredaktion des Textes wird der Vertrag nun an die Delegierten und Mitglieder der Parteien weitergeleitet. W\u00e4hrend der Unterbezirksparteitag der SPD und die Mitgliederversammlung der FDP den Vertrag am Montag, 23.06.2014 diskutieren werden, haben die Gr\u00fcnen ihre Mitgliederversammlung einen Tag sp\u00e4ter. In den Gremien muss der Text eine Mehrheit finden, um die Vertragsunterzeichnung vor der konstituierenden Ratssitzung am 30.06.2014 vorzunehmen. Nach den parteiinternen Diskussionen und den Abstimmungen sollen die Arbeitsvorhaben der neuen Koalition dann der \u00d6ffentlichkeit vorgestellt werden.<\/p>\n","protected":false},"excerpt":{"rendered":"<p>In konstruktiver, an der L\u00f6sung von Sachproblemen orientierter Atmosph\u00e4re haben sich die Verhandlungskommissionen von SPD, Gr\u00fcnen und FDP auf ein f\u00fcr die n\u00e4chsten sechs Jahre angelegtes Arbeitsprogramm geeinigt. Nach zwei&hellip; <\/p>\n","protected":false},"author":1,"featured_media":0,"comment_status":"closed","ping_status":"closed","sticky":false,"template":"","format":"standard","meta":{"footnotes":""},"categories":[178],"tags":[70,74,69],"quellen":[327],"class_list":["post-1740","post","type-post","status-publish","format-standard","hentry","category-wahlen","tag-ampelkoalition-oberhausen","tag-koalitionsverhandlungen","tag-koalitionsvertrag-2014-2020","quellen-spd-unterbezirk-oberhausen"],"_links":{"self":[{"href":"https:\/\/meier-gerdingh.de\/wp-spd-ob\/wp-json\/wp\/v2\/posts\/1740","targetHints":{"allow":["GET"]}}],"collection":[{"href":"https:\/\/meier-gerdingh.de\/wp-spd-ob\/wp-json\/wp\/v2\/posts"}],"about":[{"href":"https:\/\/meier-gerdingh.de\/wp-spd-ob\/wp-json\/wp\/v2\/types\/post"}],"author":[{"embeddable":true,"href":"https:\/\/meier-gerdingh.de\/wp-spd-ob\/wp-json\/wp\/v2\/users\/1"}],"replies":[{"embeddable":true,"href":"https:\/\/meier-gerdingh.de\/wp-spd-ob\/wp-json\/wp\/v2\/comments?post=1740"}],"version-history":[{"count":0,"href":"https:\/\/meier-gerdingh.de\/wp-spd-ob\/wp-json\/wp\/v2\/posts\/1740\/revisions"}],"wp:attachment":[{"href":"https:\/\/meier-gerdingh.de\/wp-spd-ob\/wp-json\/wp\/v2\/media?parent=1740"}],"wp:term":[{"taxonomy":"category","embeddable":true,"href":"https:\/\/meier-gerdingh.de\/wp-spd-ob\/wp-json\/wp\/v2\/categories?post=1740"},{"taxonomy":"post_tag","embeddable":true,"href":"https:\/\/meier-gerdingh.de\/wp-spd-ob\/wp-json\/wp\/v2\/tags?post=1740"},{"taxonomy":"quellen","embeddable":true,"href":"https:\/\/meier-gerdingh.de\/wp-spd-ob\/wp-json\/wp\/v2\/quellen?post=1740"}],"curies":[{"name":"wp","href":"https:\/\/api.w.org\/{rel}","templated":true}]}}