{"id":1741,"date":"2014-06-24T11:03:25","date_gmt":"2014-06-24T09:03:25","guid":{"rendered":"http:\/\/www.meier-gerdingh.de\/spd-oberhausen\/wp\/?p=1741"},"modified":"2017-01-03T16:40:56","modified_gmt":"2017-01-03T15:40:56","slug":"parteitag-der-oberhausener-spd-stimmt-fuer-koalitionsvertrag","status":"publish","type":"post","link":"https:\/\/meier-gerdingh.de\/wp-spd-ob\/2014\/06\/24\/parteitag-der-oberhausener-spd-stimmt-fuer-koalitionsvertrag\/","title":{"rendered":"Parteitag der Oberhausener SPD stimmt f\u00fcr Koalitionsvertrag"},"content":{"rendered":"<div id=\"attachment_1399\" style=\"width: 150px\" class=\"wp-caption alignleft\"><a href=\"http:\/\/meier-gerdingh.de\/wp-spd-ob\/wp-content\/uploads\/groschek_michael_09.jpg\"><img aria-describedby=\"caption-attachment-1399\" decoding=\"async\" class=\"size-full wp-image-1399\" src=\"http:\/\/meier-gerdingh.de\/wp-spd-ob\/wp-content\/uploads\/groschek_michael_09.jpg\" alt=\"Michael Groschek ist Vorsitzender der Oberhausener SPD\" width=\"140\" height=\"186\" \/><\/a><p id=\"caption-attachment-1399\" class=\"wp-caption-text\">Michael Groschek ist Vorsitzender der Oberhausener SPD<\/p><\/div>\n<p>Mike Groschek ist auf dem Unterbezirksparteitag der SPD Oberhausen mit gro\u00dfer Mehrheit als Parteivorsitzender wiedergew\u00e4hlt worden. Neben dem Vorsitzenden, sind von den Delegierten mit Elia Albrecht-Mainz und Bernhard Elsemann ebenfalls die beiden Stellvertreter im Amt best\u00e4tigt worden. Olaf Rabsilber, der bisher das Amt kommissarisch f\u00fchrte, ist k\u00fcnftig Schatzmeister der Oberhausener Genossinnen und Genossen.<!--more--><\/p>\n<p>Dem neuen, auf zwei Jahre gew\u00e4hlten Vorstand, geh\u00f6ren au\u00dferdem als Beisitzer\/in an:<\/p>\n<ul>\n<li>Helmut Brodrick<\/li>\n<li>Britta Costecki<\/li>\n<li>Karl-Heinz Emmerich<\/li>\n<li>Imke Halbauer<\/li>\n<li>Sandra Jungmaier<\/li>\n<li>Gudrun Lange<\/li>\n<li>Ren\u00e9 Pascheberg<\/li>\n<li>Jochen Richter<\/li>\n<li>Stefan Scheffler<\/li>\n<li>Thomas Schicktanz<\/li>\n<li>Ercan Telli<\/li>\n<li>Yannah Werner<\/li>\n<li>Kai Wesely<\/li>\n<\/ul>\n<p>Der Koalitionsvertrag wurde bei nur einer Gegenstimme von den Delegierten des Parteitags verabschiedet.<\/p>\n<p>Den <b><a class=\"normal\" title=\"pdf-Datei | ca. 280 KB | \u00d6ffnet neues Fenster oder neuen Tab\" href=\"http:\/\/www.meier-gerdingh.de\/spd-oberhausen-2004-2014\/pdf\/koalitionsvertrag_spd_gruene_fdp_oberhausen_2014_2020.pdf\" target=\"_blank\">Koalitionsvertrag zwischen SPD, Gr\u00fcnen und FDP<\/a><\/b> k\u00f6nnen Sie <b><a class=\"normal\" title=\"pdf-Datei | ca. 280 KB | \u00d6ffnet neues Fenster oder neuen Tab\" href=\"http:\/\/www.meier-gerdingh.de\/spd-oberhausen-2004-2014\/pdf\/koalitionsvertrag_spd_gruene_fdp_oberhausen_2014_2020.pdf\" target=\"_blank\">hier<\/a><\/b> herunter laden.<\/p>\n","protected":false},"excerpt":{"rendered":"<p>Mike Groschek ist auf dem Unterbezirksparteitag der SPD Oberhausen mit gro\u00dfer Mehrheit als Parteivorsitzender wiedergew\u00e4hlt worden. Neben dem Vorsitzenden, sind von den Delegierten mit Elia Albrecht-Mainz und Bernhard Elsemann ebenfalls&hellip; <\/p>\n","protected":false},"author":1,"featured_media":0,"comment_status":"closed","ping_status":"closed","sticky":false,"template":"","format":"standard","meta":{"footnotes":""},"categories":[173,178],"tags":[71,72,69,73],"quellen":[327],"class_list":["post-1741","post","type-post","status-publish","format-standard","hentry","category-parteileben","category-wahlen","tag-jahreshauptversammlung","tag-jahreshauptversammlung-unterbezirk","tag-koalitionsvertrag-2014-2020","tag-ub-parteitag","quellen-spd-unterbezirk-oberhausen"],"_links":{"self":[{"href":"https:\/\/meier-gerdingh.de\/wp-spd-ob\/wp-json\/wp\/v2\/posts\/1741","targetHints":{"allow":["GET"]}}],"collection":[{"href":"https:\/\/meier-gerdingh.de\/wp-spd-ob\/wp-json\/wp\/v2\/posts"}],"about":[{"href":"https:\/\/meier-gerdingh.de\/wp-spd-ob\/wp-json\/wp\/v2\/types\/post"}],"author":[{"embeddable":true,"href":"https:\/\/meier-gerdingh.de\/wp-spd-ob\/wp-json\/wp\/v2\/users\/1"}],"replies":[{"embeddable":true,"href":"https:\/\/meier-gerdingh.de\/wp-spd-ob\/wp-json\/wp\/v2\/comments?post=1741"}],"version-history":[{"count":0,"href":"https:\/\/meier-gerdingh.de\/wp-spd-ob\/wp-json\/wp\/v2\/posts\/1741\/revisions"}],"wp:attachment":[{"href":"https:\/\/meier-gerdingh.de\/wp-spd-ob\/wp-json\/wp\/v2\/media?parent=1741"}],"wp:term":[{"taxonomy":"category","embeddable":true,"href":"https:\/\/meier-gerdingh.de\/wp-spd-ob\/wp-json\/wp\/v2\/categories?post=1741"},{"taxonomy":"post_tag","embeddable":true,"href":"https:\/\/meier-gerdingh.de\/wp-spd-ob\/wp-json\/wp\/v2\/tags?post=1741"},{"taxonomy":"quellen","embeddable":true,"href":"https:\/\/meier-gerdingh.de\/wp-spd-ob\/wp-json\/wp\/v2\/quellen?post=1741"}],"curies":[{"name":"wp","href":"https:\/\/api.w.org\/{rel}","templated":true}]}}