{"id":1747,"date":"2014-08-06T11:22:39","date_gmt":"2014-08-06T09:22:39","guid":{"rendered":"http:\/\/www.meier-gerdingh.de\/spd-oberhausen\/wp\/?p=1747"},"modified":"2017-01-03T16:39:52","modified_gmt":"2017-01-03T15:39:52","slug":"spd-oberhausen-freut-sich-ueber-sinkende-zahl-der-wohnungseinbrueche","status":"publish","type":"post","link":"https:\/\/meier-gerdingh.de\/wp-spd-ob\/2014\/08\/06\/spd-oberhausen-freut-sich-ueber-sinkende-zahl-der-wohnungseinbrueche\/","title":{"rendered":"SPD Oberhausen freut sich \u00fcber sinkende Zahl der Wohnungseinbr\u00fcche"},"content":{"rendered":"<div id=\"attachment_1340\" style=\"width: 150px\" class=\"wp-caption alignleft\"><a href=\"http:\/\/meier-gerdingh.de\/wp-spd-ob\/wp-content\/uploads\/elsemann_bernd_13.jpg\"><img aria-describedby=\"caption-attachment-1340\" decoding=\"async\" class=\"size-full wp-image-1340\" src=\"http:\/\/meier-gerdingh.de\/wp-spd-ob\/wp-content\/uploads\/elsemann_bernd_13.jpg\" alt=\"Bernd Elsemann ist stellvertretender Vorsitzender der Oberhausener SPD\" width=\"140\" height=\"180\" \/><\/a><p id=\"caption-attachment-1340\" class=\"wp-caption-text\">Bernd Elsemann ist stellvertretender Vorsitzender der Oberhausener SPD<\/p><\/div>\n<p><i>Zu dem Artikel &#8222;Zahl der Wohnungseinbr\u00fcche stark gesunken&#8220; aus der WAZ vom 6. August 2014 erkl\u00e4rt Bernd Elsemann, stellvertretender Vorsitzender der Oberhausener SPD:<\/i><\/p>\n<p>&#8222;Aller Panikmache \u2013 auch von politischen Mitkonkurrenten \u2013 zum Trotz ist durch sachliche und intensive Polizeiarbeit die Sicherheit der Oberhausener B\u00fcrgerinnen und B\u00fcrger gestiegen. Wir f\u00fcr unseren Teil freuen uns, dass die Zahl der Wohnungseinbr\u00fcche stark gesunken ist&#8220;, so der stellvertretende SPD-Vorsitzende Bernhard Elsemann.<!--more--><\/p>\n<p>&#8222;Dies ist dank des guten Zusammenwirkens von Polizei, B\u00fcrgerinnen, B\u00fcrgern und Wohnungseigent\u00fcmern gelungen.&#8220; Die h\u00f6here Sensibilit\u00e4t bei Verdachtsmomenten direkt die Polizei zu rufen oder die Wohnung einbruchssicher zu gestalten, ist ein Aspekt der fortgeschriebenen Erfolgsstory der stadtweiten Aktion &#8222;Riegel vor! Sicher leben in Oberhausen&#8220;.<\/p>\n","protected":false},"excerpt":{"rendered":"<p>Zu dem Artikel &#8222;Zahl der Wohnungseinbr\u00fcche stark gesunken&#8220; aus der WAZ vom 6. August 2014 erkl\u00e4rt Bernd Elsemann, stellvertretender Vorsitzender der Oberhausener SPD: &#8222;Aller Panikmache \u2013 auch von politischen Mitkonkurrenten&hellip; <\/p>\n","protected":false},"author":1,"featured_media":0,"comment_status":"closed","ping_status":"closed","sticky":false,"template":"","format":"standard","meta":{"footnotes":""},"categories":[7],"tags":[6,449],"quellen":[327],"class_list":["post-1747","post","type-post","status-publish","format-standard","hentry","category-sicherheit","tag-polizei","tag-sicherheit","quellen-spd-unterbezirk-oberhausen"],"_links":{"self":[{"href":"https:\/\/meier-gerdingh.de\/wp-spd-ob\/wp-json\/wp\/v2\/posts\/1747","targetHints":{"allow":["GET"]}}],"collection":[{"href":"https:\/\/meier-gerdingh.de\/wp-spd-ob\/wp-json\/wp\/v2\/posts"}],"about":[{"href":"https:\/\/meier-gerdingh.de\/wp-spd-ob\/wp-json\/wp\/v2\/types\/post"}],"author":[{"embeddable":true,"href":"https:\/\/meier-gerdingh.de\/wp-spd-ob\/wp-json\/wp\/v2\/users\/1"}],"replies":[{"embeddable":true,"href":"https:\/\/meier-gerdingh.de\/wp-spd-ob\/wp-json\/wp\/v2\/comments?post=1747"}],"version-history":[{"count":0,"href":"https:\/\/meier-gerdingh.de\/wp-spd-ob\/wp-json\/wp\/v2\/posts\/1747\/revisions"}],"wp:attachment":[{"href":"https:\/\/meier-gerdingh.de\/wp-spd-ob\/wp-json\/wp\/v2\/media?parent=1747"}],"wp:term":[{"taxonomy":"category","embeddable":true,"href":"https:\/\/meier-gerdingh.de\/wp-spd-ob\/wp-json\/wp\/v2\/categories?post=1747"},{"taxonomy":"post_tag","embeddable":true,"href":"https:\/\/meier-gerdingh.de\/wp-spd-ob\/wp-json\/wp\/v2\/tags?post=1747"},{"taxonomy":"quellen","embeddable":true,"href":"https:\/\/meier-gerdingh.de\/wp-spd-ob\/wp-json\/wp\/v2\/quellen?post=1747"}],"curies":[{"name":"wp","href":"https:\/\/api.w.org\/{rel}","templated":true}]}}