{"id":175,"date":"2002-09-11T16:00:00","date_gmt":"2002-09-11T14:00:00","guid":{"rendered":"http:\/\/www.meier-gerdingh.de\/spd-oberhausen\/wp\/?p=175"},"modified":"2017-05-12T09:17:31","modified_gmt":"2017-05-12T07:17:31","slug":"schleichverkehr-durch-dunkelschlagsiedlung-wird-wirksam-unterbunden","status":"publish","type":"post","link":"https:\/\/meier-gerdingh.de\/wp-spd-ob\/2002\/09\/11\/schleichverkehr-durch-dunkelschlagsiedlung-wird-wirksam-unterbunden\/","title":{"rendered":"&#8222;Schleichverkehr&#8220; durch Dunkelschlagsiedlung wird wirksam unterbunden"},"content":{"rendered":"<div style=\"width: 150px\" class=\"wp-caption alignleft\"><a href=\"http:\/\/meier-gerdingh.de\/wp-spd-ob\/wp-content\/uploads\/koesling_99.jpg\"><img decoding=\"async\" class=\"size-full\" src=\"http:\/\/meier-gerdingh.de\/wp-spd-ob\/wp-content\/uploads\/koesling_99.jpg\" alt=\"Klaus K\u00f6sling - Ihr Stadtverordneter f\u00fcr Alsfeld\" width=\"140\" height=\"180\" \/><\/a><p class=\"wp-caption-text\">Klaus K\u00f6sling &#8211; Ihr Stadtverordneter f\u00fcr Alsfeld<\/p><\/div>\n<p>Gute Nachrichten f\u00fcr die Anwohner im Bereich der Dunkelschlagsiedlung hat der Alsfelder SPD-Stadtverordnete Klaus K\u00f6sling. Die Verwaltung wird in K\u00fcrze im Bereich der Damm- und der Zechenstra\u00dfe Sperrpfosten errichten, um den wieder stark zugenommenen Durchgangsverkehr in diesem reinen Wohngebiet wirksam zu unterbinden.<!--more--><\/p>\n<p>Zum Hintergrund: Bis zum Jahr 2000 war die Zechenstra\u00dfe in H\u00f6he der Dammstra\u00dfe bereits einmal mit Sperrpfosten abgeriegelt gewesen, um den beliebten &#8222;Schleichweg&#8220; zur Umfahrung der Ampelanlage Weseler Stra\u00dfe\/Weierstra\u00dfe unbrauchbar zu machen. Nach den umfangreichen Kanalbauma\u00dfnahmen auf der Dammstra\u00dfe wurden diese Pfosten jedoch nicht wieder aufgestellt. Folge: Eine erhebliche Zunahme der Verkehrsbelastung in diesem Bereich.<\/p>\n<p>Die Anwohner hatten sich darauf hin an die Stadt und ihren zust\u00e4ndigen Stadtverordneten Klaus K\u00f6sling mit der Bitte gewandt, durch geeignete Ma\u00dfnahmen den alten Zustand wieder herzustellen. Wie die Verwaltung nun in einem schriftlichen Bericht f\u00fcr die morgige Sitzung der Bezirksvertretung Sterkrade ank\u00fcndigt, sollen auf der Dammstra\u00dfe und der Zechenstra\u00dfe kurzfristig Sperrpfosten installiert werden. Damit lie\u00dfen sich gleichzeitig die &#8222;Schleichverkehre&#8220; \u00fcber die angrenzenden Schacht-, Erz- und Grubenstra\u00dfe wirksam unterbinden.<\/p>\n<p>Klaus K\u00f6sling: &#8222;Das ist ein wesentlicher Beitrag zu mehr Verkehrssicherheit in der gesamten Dunkelschlagsiedlung.&#8220;<\/p>\n","protected":false},"excerpt":{"rendered":"<p>Gute Nachrichten f\u00fcr die Anwohner im Bereich der Dunkelschlagsiedlung hat der Alsfelder SPD-Stadtverordnete Klaus K\u00f6sling. Die Verwaltung wird in K\u00fcrze im Bereich der Damm- und der Zechenstra\u00dfe Sperrpfosten errichten, um&hellip; <\/p>\n","protected":false},"author":1,"featured_media":0,"comment_status":"closed","ping_status":"closed","sticky":false,"template":"","format":"standard","meta":{"footnotes":""},"categories":[1],"tags":[],"quellen":[],"class_list":["post-175","post","type-post","status-publish","format-standard","hentry","category-allgemein"],"_links":{"self":[{"href":"https:\/\/meier-gerdingh.de\/wp-spd-ob\/wp-json\/wp\/v2\/posts\/175","targetHints":{"allow":["GET"]}}],"collection":[{"href":"https:\/\/meier-gerdingh.de\/wp-spd-ob\/wp-json\/wp\/v2\/posts"}],"about":[{"href":"https:\/\/meier-gerdingh.de\/wp-spd-ob\/wp-json\/wp\/v2\/types\/post"}],"author":[{"embeddable":true,"href":"https:\/\/meier-gerdingh.de\/wp-spd-ob\/wp-json\/wp\/v2\/users\/1"}],"replies":[{"embeddable":true,"href":"https:\/\/meier-gerdingh.de\/wp-spd-ob\/wp-json\/wp\/v2\/comments?post=175"}],"version-history":[{"count":0,"href":"https:\/\/meier-gerdingh.de\/wp-spd-ob\/wp-json\/wp\/v2\/posts\/175\/revisions"}],"wp:attachment":[{"href":"https:\/\/meier-gerdingh.de\/wp-spd-ob\/wp-json\/wp\/v2\/media?parent=175"}],"wp:term":[{"taxonomy":"category","embeddable":true,"href":"https:\/\/meier-gerdingh.de\/wp-spd-ob\/wp-json\/wp\/v2\/categories?post=175"},{"taxonomy":"post_tag","embeddable":true,"href":"https:\/\/meier-gerdingh.de\/wp-spd-ob\/wp-json\/wp\/v2\/tags?post=175"},{"taxonomy":"quellen","embeddable":true,"href":"https:\/\/meier-gerdingh.de\/wp-spd-ob\/wp-json\/wp\/v2\/quellen?post=175"}],"curies":[{"name":"wp","href":"https:\/\/api.w.org\/{rel}","templated":true}]}}