{"id":1754,"date":"2014-08-26T11:33:20","date_gmt":"2014-08-26T09:33:20","guid":{"rendered":"http:\/\/www.meier-gerdingh.de\/spd-oberhausen\/wp\/?p=1754"},"modified":"2017-01-03T16:38:02","modified_gmt":"2017-01-03T15:38:02","slug":"verwaltung-soll-einrichtung-einer-hundefreilaufflaeche-in-sterkrade-pruefen","status":"publish","type":"post","link":"https:\/\/meier-gerdingh.de\/wp-spd-ob\/2014\/08\/26\/verwaltung-soll-einrichtung-einer-hundefreilaufflaeche-in-sterkrade-pruefen\/","title":{"rendered":"Verwaltung soll Einrichtung einer Hundefreilauffl\u00e4che in Sterkrade pr\u00fcfen"},"content":{"rendered":"<div id=\"attachment_1359\" style=\"width: 150px\" class=\"wp-caption alignleft\"><a href=\"http:\/\/meier-gerdingh.de\/wp-spd-ob\/wp-content\/uploads\/flore_manfred_14.jpg\"><img aria-describedby=\"caption-attachment-1359\" decoding=\"async\" class=\"size-full wp-image-1359\" src=\"http:\/\/meier-gerdingh.de\/wp-spd-ob\/wp-content\/uploads\/flore_manfred_14.jpg\" alt=\"Manfred Flore ist umwelt- und kulturpolitischer Sprecher der SPD-Fraktion\" width=\"140\" height=\"169\" \/><\/a><p id=\"caption-attachment-1359\" class=\"wp-caption-text\">Manfred Flore ist umwelt- und kulturpolitischer Sprecher der SPD-Fraktion<\/p><\/div>\n<p>Auf Anregung von Sterkrader B\u00fcrgerinnen und B\u00fcrger haben die SPD-Fraktionsmitglieder im Umweltausschuss die Verwaltung gebeten, die Einrichtung einer Hundefreilauffl\u00e4che in Sterkrade zu pr\u00fcfen. &#8222;Gerne haben wir diese Idee aus Sterkrade aufgenommen. W\u00e4hrend es stadtweit bereits einige ausgewiesene Fl\u00e4chen gibt, auf denen Hundebesitzer ihre Hunde auch mal ohne Leine laufen lassen k\u00f6nnen, fehlt dieses Angebot in unmittelbarer N\u00e4he zur Sterkrader Innenstadt bisher&#8220;, erkl\u00e4rt Manfred Flore, umweltpolitischer Sprecher der SPD-Fraktion.<!--more--><\/p>\n<p>Hundefreilauffl\u00e4chen sind durch Schilder gekennzeichnete Fl\u00e4chen, die dem freien Auslauf von Hunden dienen und in der Regel durch dichten Bewuchs oder umlaufende Wege begrenzt sind.<\/p>\n<p>&#8222;Bei der m\u00f6glichen Einrichtung einer solchen Fl\u00e4che m\u00fcssen allerdings wichtige Kriterien, wie zum Beispiel Sicherheitsabst\u00e4nde zu Spiel- und Freizeitfl\u00e4chen und eine ausreichende Gr\u00f6\u00dfe, erf\u00fcllt sein. Inwieweit dies in Sterkrade-Mitte m\u00f6glich ist, wird die Fachverwaltung herausfinden&#8220;, so Flore abschlie\u00dfend.<\/p>\n","protected":false},"excerpt":{"rendered":"<p>Auf Anregung von Sterkrader B\u00fcrgerinnen und B\u00fcrger haben die SPD-Fraktionsmitglieder im Umweltausschuss die Verwaltung gebeten, die Einrichtung einer Hundefreilauffl\u00e4che in Sterkrade zu pr\u00fcfen. &#8222;Gerne haben wir diese Idee aus Sterkrade&hellip; <\/p>\n","protected":false},"author":1,"featured_media":0,"comment_status":"closed","ping_status":"closed","sticky":false,"template":"","format":"standard","meta":{"footnotes":""},"categories":[29],"tags":[44,45,46,452],"quellen":[326],"class_list":["post-1754","post","type-post","status-publish","format-standard","hentry","category-umwelt","tag-hunde","tag-hundefreilaufflaechen","tag-sterkrade","tag-umwelt","quellen-spd-fraktion-oberhausen"],"_links":{"self":[{"href":"https:\/\/meier-gerdingh.de\/wp-spd-ob\/wp-json\/wp\/v2\/posts\/1754","targetHints":{"allow":["GET"]}}],"collection":[{"href":"https:\/\/meier-gerdingh.de\/wp-spd-ob\/wp-json\/wp\/v2\/posts"}],"about":[{"href":"https:\/\/meier-gerdingh.de\/wp-spd-ob\/wp-json\/wp\/v2\/types\/post"}],"author":[{"embeddable":true,"href":"https:\/\/meier-gerdingh.de\/wp-spd-ob\/wp-json\/wp\/v2\/users\/1"}],"replies":[{"embeddable":true,"href":"https:\/\/meier-gerdingh.de\/wp-spd-ob\/wp-json\/wp\/v2\/comments?post=1754"}],"version-history":[{"count":0,"href":"https:\/\/meier-gerdingh.de\/wp-spd-ob\/wp-json\/wp\/v2\/posts\/1754\/revisions"}],"wp:attachment":[{"href":"https:\/\/meier-gerdingh.de\/wp-spd-ob\/wp-json\/wp\/v2\/media?parent=1754"}],"wp:term":[{"taxonomy":"category","embeddable":true,"href":"https:\/\/meier-gerdingh.de\/wp-spd-ob\/wp-json\/wp\/v2\/categories?post=1754"},{"taxonomy":"post_tag","embeddable":true,"href":"https:\/\/meier-gerdingh.de\/wp-spd-ob\/wp-json\/wp\/v2\/tags?post=1754"},{"taxonomy":"quellen","embeddable":true,"href":"https:\/\/meier-gerdingh.de\/wp-spd-ob\/wp-json\/wp\/v2\/quellen?post=1754"}],"curies":[{"name":"wp","href":"https:\/\/api.w.org\/{rel}","templated":true}]}}