{"id":1756,"date":"2014-08-27T11:35:51","date_gmt":"2014-08-27T09:35:51","guid":{"rendered":"http:\/\/www.meier-gerdingh.de\/spd-oberhausen\/wp\/?p=1756"},"modified":"2017-01-03T16:37:38","modified_gmt":"2017-01-03T15:37:38","slug":"abriss-der-villa-rueck-ueberdenken","status":"publish","type":"post","link":"https:\/\/meier-gerdingh.de\/wp-spd-ob\/2014\/08\/27\/abriss-der-villa-rueck-ueberdenken\/","title":{"rendered":"Abriss der Villa R\u00fcck \u00fcberdenken"},"content":{"rendered":"<div id=\"attachment_1563\" style=\"width: 150px\" class=\"wp-caption alignleft\"><a href=\"http:\/\/meier-gerdingh.de\/wp-spd-ob\/wp-content\/uploads\/pascheberg_rene_14.jpg\"><img aria-describedby=\"caption-attachment-1563\" decoding=\"async\" class=\"size-full wp-image-1563\" src=\"http:\/\/meier-gerdingh.de\/wp-spd-ob\/wp-content\/uploads\/pascheberg_rene_14.jpg\" alt=\"Ren\u00e9 Pascheberg ist Vorsitzender des SPD-Ortsvereins Oberhausen-Ost\" width=\"140\" height=\"169\" \/><\/a><p id=\"caption-attachment-1563\" class=\"wp-caption-text\">Ren\u00e9 Pascheberg ist Vorsitzender des SPD-Ortsvereins Oberhausen-Ost<\/p><\/div>\n<p>Der Abriss der Villa R\u00fcck ist aus rechtlicher Sicht nicht mehr zu verhindern. &#8222;Es ist bedauerlich, dass so ein sch\u00f6nes Geb\u00e4ude aus unserem Stadtbild verschwinden und f\u00fcr zus\u00e4tzliche Parkpl\u00e4tze weichen soll&#8220;, so Ortsvereinsvorsitzender Ren\u00e9 Pascheberg. Die SPD Oberhausen-Ost hat erhebliche Zweifel daran, dass die Einrichtung einer neuen PKW-Stellfl\u00e4che auf dem Grundst\u00fcck der Villa zu einer Entspannung der Verkehrs- und Parksituation im Schlad-Viertel f\u00fchren wird.<!--more--><\/p>\n<p>Die Diskussionen in der Vergangenheit haben gezeigt, dass es weiterhin Bedarf an Gr\u00fcn in diesem innerst\u00e4dtischen Quartier gibt und daher den vorhandenen Gr\u00fcnfl\u00e4chen eine besondere Bedeutung zukommt. &#8222;Aus unserer Sicht ist daher zu pr\u00fcfen, die Gr\u00fcnfl\u00e4che der Villa R\u00fcck zu erhalten&#8220;, so Ren\u00e9 Pascheberg.<\/p>\n<p>Der SPD Ortsverein Oberhausen-Ost appelliert deshalb noch einmal an den Eigent\u00fcmer, seine Entscheidung zu \u00fcberdenken.<\/p>\n","protected":false},"excerpt":{"rendered":"<p>Der Abriss der Villa R\u00fcck ist aus rechtlicher Sicht nicht mehr zu verhindern. &#8222;Es ist bedauerlich, dass so ein sch\u00f6nes Geb\u00e4ude aus unserem Stadtbild verschwinden und f\u00fcr zus\u00e4tzliche Parkpl\u00e4tze weichen&hellip; <\/p>\n","protected":false},"author":1,"featured_media":0,"comment_status":"closed","ping_status":"closed","sticky":false,"template":"","format":"standard","meta":{"footnotes":""},"categories":[27,167],"tags":[37,33,38],"quellen":[334],"class_list":["post-1756","post","type-post","status-publish","format-standard","hentry","category-planen-bauen-wohnen-verkehr","category-stadtteile","tag-ov-oberhausen-ost","tag-rueck","tag-villa-rueck","quellen-ov-ost"],"_links":{"self":[{"href":"https:\/\/meier-gerdingh.de\/wp-spd-ob\/wp-json\/wp\/v2\/posts\/1756","targetHints":{"allow":["GET"]}}],"collection":[{"href":"https:\/\/meier-gerdingh.de\/wp-spd-ob\/wp-json\/wp\/v2\/posts"}],"about":[{"href":"https:\/\/meier-gerdingh.de\/wp-spd-ob\/wp-json\/wp\/v2\/types\/post"}],"author":[{"embeddable":true,"href":"https:\/\/meier-gerdingh.de\/wp-spd-ob\/wp-json\/wp\/v2\/users\/1"}],"replies":[{"embeddable":true,"href":"https:\/\/meier-gerdingh.de\/wp-spd-ob\/wp-json\/wp\/v2\/comments?post=1756"}],"version-history":[{"count":0,"href":"https:\/\/meier-gerdingh.de\/wp-spd-ob\/wp-json\/wp\/v2\/posts\/1756\/revisions"}],"wp:attachment":[{"href":"https:\/\/meier-gerdingh.de\/wp-spd-ob\/wp-json\/wp\/v2\/media?parent=1756"}],"wp:term":[{"taxonomy":"category","embeddable":true,"href":"https:\/\/meier-gerdingh.de\/wp-spd-ob\/wp-json\/wp\/v2\/categories?post=1756"},{"taxonomy":"post_tag","embeddable":true,"href":"https:\/\/meier-gerdingh.de\/wp-spd-ob\/wp-json\/wp\/v2\/tags?post=1756"},{"taxonomy":"quellen","embeddable":true,"href":"https:\/\/meier-gerdingh.de\/wp-spd-ob\/wp-json\/wp\/v2\/quellen?post=1756"}],"curies":[{"name":"wp","href":"https:\/\/api.w.org\/{rel}","templated":true}]}}